{"id":208972,"date":"2022-12-14T14:29:00","date_gmt":"2022-12-14T13:29:00","guid":{"rendered":"http:\/\/www.leccecronaca.it\/?p=208972"},"modified":"2022-12-14T16:44:33","modified_gmt":"2022-12-14T15:44:33","slug":"vertice-in-prefettrura-sulla-sicurezza","status":"publish","type":"post","link":"https:\/\/www.leccecronaca.it\/index.php\/2022\/12\/14\/vertice-in-prefettrura-sulla-sicurezza\/","title":{"rendered":"VERTICE IN PREFETTURA SULLA SICUREZZA"},"content":{"rendered":"\n<p><\/p>\n\n\n\n<p><img decoding=\"async\" loading=\"lazy\" width=\"640\" height=\"480\" class=\"wp-image-208973\" style=\"width: 600px;\" src=\"https:\/\/www.leccecronaca.it\/wordpress\/wp-content\/uploads\/2022\/12\/prefe.jpg\" alt=\"\" srcset=\"https:\/\/www.leccecronaca.it\/wordpress\/wp-content\/uploads\/2022\/12\/prefe.jpg 640w, https:\/\/www.leccecronaca.it\/wordpress\/wp-content\/uploads\/2022\/12\/prefe-300x225.jpg 300w, https:\/\/www.leccecronaca.it\/wordpress\/wp-content\/uploads\/2022\/12\/prefe-400x300.jpg 400w\" sizes=\"(max-width: 640px) 100vw, 640px\" \/><\/p>\n\n\n\n<p>Riceviamo e volentieri pubblichiamo. &nbsp;La Prefettura di Lecce ci manda il seguente comunicato ______<\/p>\n\n\n\n<p>Il tema della sicurezza nelle festivit\u00e0 natalizie \u00e8 stato trattato oggi in Prefettura nella riunione di Comitato Provinciale per l\u2019Ordine e la Sicurezza Pubblica (nella foto),, presieduta dal Prefetto Luca Rotondi, alla quale hanno partecipato &#8211; oltre al Vice Presidente della Provincia Antonio Leo, al Sindaco del Comune di Lecce Carlo Salvemini ed ai rappresentati dei Comuni di Galatina, Gallipoli, Nard\u00f2 e Otranto \u2013 i vertici provinciali delle Forze di Polizia con i rispettivi comparti di specialit\u00e0, dei Vigili del Fuoco, del 118, della Capitaneria di Porto, delle Ferrovie Sud Est.<\/p>\n\n\n\n<p>Nel corso dell\u2019incontro, sono state definite le ulteriori misure che verranno successivamente puntualizzate in sede di tavolo tecnico presso la Questura e che vedono coinvolte tutte le forze territoriali con dispositivi rafforzati e servizi in autonomia, ciascuno in relazione alle specifiche competenze, senza trascurare la prevenzione della concorrenza sleale determinata da fenomeni di abusivismo commerciale.<\/p>\n\n\n\n<p>Sono stati individuati anche gli eventi connotati da una maggiore affluenza di pubblico, con particolare riferimento agli spettacoli musicali e a quelli pirotecnici; tra gli altri, l\u2019Alba dei Popoli ad Otranto ed il concerto di fine anno nel centro storico di Nard\u00f2 con i <em>Sud Sound System<\/em>.<\/p>\n\n\n\n<p>L\u2019attenzione \u00e8 stata poi ampliata alle tematiche relative alla viabilit\u00e0 urbana e extraurbana, in considerazione del maggior traffico veicolare, e sull\u2019esigenza che siano approntati dei piani comunali di emergenza che salvaguardino l\u2019accesso ai veicoli di soccorso pubblico e sanitario.<\/p>\n\n\n\n<p>Il Prefetto ha inoltre invitato i Sindaci a sensibilizzare le Associazioni del Terzo Settore affinch\u00e8 siano messe in campo le collaborazioni utili nei casi di maggiore fragilit\u00e0 sociale, anche al fine di salvaguardare la dignit\u00e0 delle persone soprattutto in questo particolare periodo.<\/p>\n\n\n\n<p>\u201c<em>Sin da ora vorrei ricordare\u201d <\/em>ha concluso il Prefetto Rotondi, nel ringraziare tutti i presenti per l\u2019apporto assicurato,<em> \u201cun fenomeno che colpisce in particolare i giovanissimi, ai quali \u00e8 rivolta da tempo l\u2019attenzione di questa Prefettura, al fine di migliorare la consapevolezza dei gravissimi danni derivanti dall\u2019assunzione di superalcolici. Il profondo disvalore non soltanto giuridico ma anche etico della vendita di alcol ai minori deve indurci ad una costante attivit\u00e0 di sensibilizzazione degli esercizi commerciali presenti nei rispettivi territori, ai quali si rivolger\u00e0 anche l\u2019attenzione delle Forze di Polizia con specifici controlli<\/em>\u201d.<\/p>\n\n\n\n<p>Lecce, 14 dicembre 2022<\/p>\n\n\n\n<p><\/p>\n<fb:like href='https:\/\/www.leccecronaca.it\/index.php\/2022\/12\/14\/vertice-in-prefettrura-sulla-sicurezza\/' send='true' layout='button_count' show_faces='true' width='450' height='65' action='recommend' colorscheme='light' font='lucida grande'><\/fb:like><span class=\"fb_share\"><fb:like href=\"https:\/\/www.leccecronaca.it\/index.php\/2022\/12\/14\/vertice-in-prefettrura-sulla-sicurezza\/\" layout=\"button_count\"><\/fb:like><\/span>","protected":false},"excerpt":{"rendered":"<p>Riceviamo e volentieri pubblichiamo. &nbsp;La Prefettura di Lecce ci manda il seguente comunicato ______ Il tema della sicurezza nelle festivit\u00e0 natalizie \u00e8 stato trattato oggi in Prefettura nella riunione di Comitato Provinciale per l\u2019Ordine e la Sicurezza Pubblica (nella foto),, presieduta dal Prefetto Luca Rotondi, alla quale hanno partecipato &#8211; oltre al Vice Presidente della [&hellip;]<\/p>\n","protected":false},"author":4,"featured_media":208973,"comment_status":"open","ping_status":"closed","sticky":false,"template":"","format":"standard","meta":[],"categories":[69,36],"tags":[],"_links":{"self":[{"href":"https:\/\/www.leccecronaca.it\/index.php\/wp-json\/wp\/v2\/posts\/208972"}],"collection":[{"href":"https:\/\/www.leccecronaca.it\/index.php\/wp-json\/wp\/v2\/posts"}],"about":[{"href":"https:\/\/www.leccecronaca.it\/index.php\/wp-json\/wp\/v2\/types\/post"}],"author":[{"embeddable":true,"href":"https:\/\/www.leccecronaca.it\/index.php\/wp-json\/wp\/v2\/users\/4"}],"replies":[{"embeddable":true,"href":"https:\/\/www.leccecronaca.it\/index.php\/wp-json\/wp\/v2\/comments?post=208972"}],"version-history":[{"count":3,"href":"https:\/\/www.leccecronaca.it\/index.php\/wp-json\/wp\/v2\/posts\/208972\/revisions"}],"predecessor-version":[{"id":208976,"href":"https:\/\/www.leccecronaca.it\/index.php\/wp-json\/wp\/v2\/posts\/208972\/revisions\/208976"}],"wp:featuredmedia":[{"embeddable":true,"href":"https:\/\/www.leccecronaca.it\/index.php\/wp-json\/wp\/v2\/media\/208973"}],"wp:attachment":[{"href":"https:\/\/www.leccecronaca.it\/index.php\/wp-json\/wp\/v2\/media?parent=208972"}],"wp:term":[{"taxonomy":"category","embeddable":true,"href":"https:\/\/www.leccecronaca.it\/index.php\/wp-json\/wp\/v2\/categories?post=208972"},{"taxonomy":"post_tag","embeddable":true,"href":"https:\/\/www.leccecronaca.it\/index.php\/wp-json\/wp\/v2\/tags?post=208972"}],"curies":[{"name":"wp","href":"https:\/\/api.w.org\/{rel}","templated":true}]}}