{"id":209145,"date":"2022-12-19T15:50:25","date_gmt":"2022-12-19T14:50:25","guid":{"rendered":"http:\/\/www.leccecronaca.it\/?p=209145"},"modified":"2023-01-04T18:43:31","modified_gmt":"2023-01-04T17:43:31","slug":"e-quello-fatto-con-la-moka-il-modo-migliore-per-bere-il-caffe-parola-di-antonio-quarta","status":"publish","type":"post","link":"https:\/\/www.leccecronaca.it\/index.php\/2022\/12\/19\/e-quello-fatto-con-la-moka-il-modo-migliore-per-bere-il-caffe-parola-di-antonio-quarta\/","title":{"rendered":"E&#8217; QUELLO FATTO CON LA MOKA IL MODO MIGLIORE PER BERE IL CAFFE&#8217;. PAROLA DI ANTONIO QUARTA"},"content":{"rendered":"\n<p><img decoding=\"async\" loading=\"lazy\" width=\"1080\" height=\"1080\" class=\"wp-image-209148\" style=\"width: 1200px;\" src=\"https:\/\/www.leccecronaca.it\/wordpress\/wp-content\/uploads\/2022\/12\/aq.jpg\" alt=\"\" srcset=\"https:\/\/www.leccecronaca.it\/wordpress\/wp-content\/uploads\/2022\/12\/aq.jpg 1080w, https:\/\/www.leccecronaca.it\/wordpress\/wp-content\/uploads\/2022\/12\/aq-300x300.jpg 300w, https:\/\/www.leccecronaca.it\/wordpress\/wp-content\/uploads\/2022\/12\/aq-1024x1024.jpg 1024w, https:\/\/www.leccecronaca.it\/wordpress\/wp-content\/uploads\/2022\/12\/aq-150x150.jpg 150w, https:\/\/www.leccecronaca.it\/wordpress\/wp-content\/uploads\/2022\/12\/aq-768x768.jpg 768w, https:\/\/www.leccecronaca.it\/wordpress\/wp-content\/uploads\/2022\/12\/aq-60x60.jpg 60w\" sizes=\"(max-width: 1080px) 100vw, 1080px\" \/><\/p>\n\n\n\n<p>(Rdl) ______&nbsp;<\/p>\n\n\n\n<p><strong><em>\u201cLa Moka rappresenta il rito del caff\u00e8 degustato in famiglia, e quindi la convivialit\u00e0, la socialit\u00e0 e la sostenibilit\u00e0, perch\u00e9 rimane sempre il modo migliore per degustare un caff\u00e8 nel pieno rispetto dell\u2019ambiente\u201d.<\/em><\/strong><\/p>\n\n\n\n<p>Cos\u00ec venerd\u00ec scorso a Roma Antonio Quarta (nella foto sopra), patron di Quarta Caff\u00e8, che si \u00e8 aggiudicato la Moka di Dolce&amp;Gabbana, prodotta da Bialetti e decorata a mano dal maestro carrettaio di Catania Damiano Rotella, durante l\u2019asta di beneficenza voluta da Finarte per sostenere la ricerca della Fondazione Humanitas.<\/p>\n\n\n\n<p>La Moka D&amp;G (nella foto sotto) andr\u00e0 a costituire il pezzo pregiato della collezione di macinini, caffettiere e macchine da caff\u00e8 d\u2019epoca gi\u00e0 presente presso lo il nostro stabilimento, nella zona industriale di Lecce.<\/p>\n\n\n\n<p><img decoding=\"async\" loading=\"lazy\" width=\"2048\" height=\"2048\" class=\"wp-image-209149\" style=\"width: 1200px;\" src=\"https:\/\/www.leccecronaca.it\/wordpress\/wp-content\/uploads\/2022\/12\/321011949_1144475629766847_8085260156929262609_n.jpg\" alt=\"\" srcset=\"https:\/\/www.leccecronaca.it\/wordpress\/wp-content\/uploads\/2022\/12\/321011949_1144475629766847_8085260156929262609_n.jpg 2048w, https:\/\/www.leccecronaca.it\/wordpress\/wp-content\/uploads\/2022\/12\/321011949_1144475629766847_8085260156929262609_n-300x300.jpg 300w, https:\/\/www.leccecronaca.it\/wordpress\/wp-content\/uploads\/2022\/12\/321011949_1144475629766847_8085260156929262609_n-1024x1024.jpg 1024w, https:\/\/www.leccecronaca.it\/wordpress\/wp-content\/uploads\/2022\/12\/321011949_1144475629766847_8085260156929262609_n-150x150.jpg 150w, https:\/\/www.leccecronaca.it\/wordpress\/wp-content\/uploads\/2022\/12\/321011949_1144475629766847_8085260156929262609_n-768x768.jpg 768w, https:\/\/www.leccecronaca.it\/wordpress\/wp-content\/uploads\/2022\/12\/321011949_1144475629766847_8085260156929262609_n-1536x1536.jpg 1536w, https:\/\/www.leccecronaca.it\/wordpress\/wp-content\/uploads\/2022\/12\/321011949_1144475629766847_8085260156929262609_n-60x60.jpg 60w\" sizes=\"(max-width: 2048px) 100vw, 2048px\" \/><\/p>\n<fb:like href='https:\/\/www.leccecronaca.it\/index.php\/2022\/12\/19\/e-quello-fatto-con-la-moka-il-modo-migliore-per-bere-il-caffe-parola-di-antonio-quarta\/' send='true' layout='button_count' show_faces='true' width='450' height='65' action='recommend' colorscheme='light' font='lucida grande'><\/fb:like><span class=\"fb_share\"><fb:like href=\"https:\/\/www.leccecronaca.it\/index.php\/2022\/12\/19\/e-quello-fatto-con-la-moka-il-modo-migliore-per-bere-il-caffe-parola-di-antonio-quarta\/\" layout=\"button_count\"><\/fb:like><\/span>","protected":false},"excerpt":{"rendered":"<p>(Rdl) ______&nbsp; \u201cLa Moka rappresenta il rito del caff\u00e8 degustato in famiglia, e quindi la convivialit\u00e0, la socialit\u00e0 e la sostenibilit\u00e0, perch\u00e9 rimane sempre il modo migliore per degustare un caff\u00e8 nel pieno rispetto dell\u2019ambiente\u201d. Cos\u00ec venerd\u00ec scorso a Roma Antonio Quarta (nella foto sopra), patron di Quarta Caff\u00e8, che si \u00e8 aggiudicato la Moka [&hellip;]<\/p>\n","protected":false},"author":4,"featured_media":209148,"comment_status":"open","ping_status":"closed","sticky":false,"template":"","format":"standard","meta":[],"categories":[1],"tags":[],"_links":{"self":[{"href":"https:\/\/www.leccecronaca.it\/index.php\/wp-json\/wp\/v2\/posts\/209145"}],"collection":[{"href":"https:\/\/www.leccecronaca.it\/index.php\/wp-json\/wp\/v2\/posts"}],"about":[{"href":"https:\/\/www.leccecronaca.it\/index.php\/wp-json\/wp\/v2\/types\/post"}],"author":[{"embeddable":true,"href":"https:\/\/www.leccecronaca.it\/index.php\/wp-json\/wp\/v2\/users\/4"}],"replies":[{"embeddable":true,"href":"https:\/\/www.leccecronaca.it\/index.php\/wp-json\/wp\/v2\/comments?post=209145"}],"version-history":[{"count":3,"href":"https:\/\/www.leccecronaca.it\/index.php\/wp-json\/wp\/v2\/posts\/209145\/revisions"}],"predecessor-version":[{"id":209649,"href":"https:\/\/www.leccecronaca.it\/index.php\/wp-json\/wp\/v2\/posts\/209145\/revisions\/209649"}],"wp:featuredmedia":[{"embeddable":true,"href":"https:\/\/www.leccecronaca.it\/index.php\/wp-json\/wp\/v2\/media\/209148"}],"wp:attachment":[{"href":"https:\/\/www.leccecronaca.it\/index.php\/wp-json\/wp\/v2\/media?parent=209145"}],"wp:term":[{"taxonomy":"category","embeddable":true,"href":"https:\/\/www.leccecronaca.it\/index.php\/wp-json\/wp\/v2\/categories?post=209145"},{"taxonomy":"post_tag","embeddable":true,"href":"https:\/\/www.leccecronaca.it\/index.php\/wp-json\/wp\/v2\/tags?post=209145"}],"curies":[{"name":"wp","href":"https:\/\/api.w.org\/{rel}","templated":true}]}}