{"id":209483,"date":"2022-12-27T10:42:15","date_gmt":"2022-12-27T09:42:15","guid":{"rendered":"http:\/\/www.leccecronaca.it\/?p=209483"},"modified":"2022-12-27T10:57:50","modified_gmt":"2022-12-27T09:57:50","slug":"pensionato-tedesco-residente-a-manduria-trovato-morto-in-casa-sua-dopo-un-mese","status":"publish","type":"post","link":"https:\/\/www.leccecronaca.it\/index.php\/2022\/12\/27\/pensionato-tedesco-residente-a-manduria-trovato-morto-in-casa-sua-dopo-un-mese\/","title":{"rendered":"PENSIONATO TEDESCO RESIDENTE A MANDURIA TROVATO CADAVERE IN CASA SUA DOPO UN MESE"},"content":{"rendered":"\n<p><img decoding=\"async\" loading=\"lazy\" width=\"1032\" height=\"774\" class=\"wp-image-209486\" style=\"width: 800px;\" src=\"https:\/\/www.leccecronaca.it\/wordpress\/wp-content\/uploads\/2022\/12\/fott-1.jpg\" alt=\"\" srcset=\"https:\/\/www.leccecronaca.it\/wordpress\/wp-content\/uploads\/2022\/12\/fott-1.jpg 1032w, https:\/\/www.leccecronaca.it\/wordpress\/wp-content\/uploads\/2022\/12\/fott-1-300x225.jpg 300w, https:\/\/www.leccecronaca.it\/wordpress\/wp-content\/uploads\/2022\/12\/fott-1-1024x768.jpg 1024w, https:\/\/www.leccecronaca.it\/wordpress\/wp-content\/uploads\/2022\/12\/fott-1-768x576.jpg 768w, https:\/\/www.leccecronaca.it\/wordpress\/wp-content\/uploads\/2022\/12\/fott-1-400x300.jpg 400w\" sizes=\"(max-width: 1032px) 100vw, 1032px\" \/><\/p>\n\n\n\n<p>(e.l.) &nbsp;______ Un\u2019altra storia triste di Natale arriva dal nostro Salento in questi giorni sotto un sole gradevole e una coltre spesa di fredda umidit\u00e0. Un uomo di 70 anni, di nazionalit\u00f9 tedesca, del quale non sono state rese note le generalit\u00e0, \u00e8 stato trovato morto ieri nella sua casa delle campagne nei pressi di Manduria (nella foto, un&#8217;immagine di repertorio senza collegamento con la notizia), sulla via del santuario dei Santi Medici, dove viveva solo. <\/p>\n\n\n\n<p>Andato in pensione, aveva deciso di trasferirsi qui.  A fare la tragica scoperta, sono stati i Carabinieri del Comando Compagnia di Manduria, allertati dalla Germania dai parenti dell&#8217;anziano, che non lo sentivano da molti giorni. <\/p>\n\n\n\n<p>Era morto da circa un mese, come rilevato dal cadavere in avanzato stato di decomposizione, presumibilmente stroncato da un infarto, senza che  nessuno lo abbia potuto aiutare, o soccorrere.<\/p>\n\n\n\n<p>Il pm di turno presso la Procura della Repubblica di Taranto ha disposto l&#8217;autopsia.<\/p>\n\n\n\n<p>Sulle cause del decesso non ci sono comunque altre ipotesi, non essendo stati trovati segni di violenza, una volta sfondata la porta, da parte dei Vigili del Fuoco, chiusa a chiave dall&#8217;interno.<\/p>\n\n\n\n<p><\/p>\n\n\n\n<p>Ancora una volta \u2013 dall\u2019inizio dell\u2019anno solo nel nostro Salento ci sono stati altri sei casi del genere \u2013 il dramma della solitudine fa un\u2019altra vittima, in silenzio, in maniera letale, nell\u2019indifferenza e nel pi\u00f9 totale anonimato.<\/p>\n\n\n\n<p>Tanti, e sempre pi\u00f9 frequenti sono i casi in cui l&#8217;assassino va ricercato in una societ\u00e0 che emargina, dimentica, soprattutto i pi\u00f9 bisognosi: \u00e8 un dramma senza fine questo, il dramma di chi viene abbandonato a s\u00e9 stesso. Servizi sociali e sanitari compresi, e anzi per primi.<\/p>\n\n\n\n<p>Anche nel nostro Salento, che da decenni ha smarrito l\u2019economia, la rete del vicinato, che era un capitale di solidariet\u00e0 immediata, e sempre di pi\u00f9 si \u00e8 assimilato all\u2019omologazione occidentale.<\/p>\n\n\n\n<p>Se \u201csi dimentica presto la morte degli altri, per non dover pensare alla propria \u201d allora \u00e8 bene fare una concreta e reale constatazione personale: per salvaguardare le radici della nostra societ\u00e0, il primo necessario e urgente passo da fare \u00e8 quello di non lasciarci alle spalle gli anziani, i nostri anziani, quelli nelle Rsa, nelle case di cura, quelli che continuano a \u201csopravvivere\u201d nei loro appartamenti vuoti, pronti per essere colmati dalla nostra presenza e dal nostro conforto. ______\u00a0<\/p>\n\n\n\n<p>LA RICERCA nei nostri articoli del 24 e del 26 dicembre scorsi<\/p>\n\n\n\n<p><blockquote class=\"wp-embedded-content\" data-secret=\"RTFmvjeUCE\"><a href=\"https:\/\/www.leccecronaca.it\/index.php\/2022\/12\/26\/donna-di-fasano-muore-di-parto-il-marito-consola-i-medici-addolorati-per-non-essere-riusciti-a-salvarla-e-poi-il-giorno-di-natale-riceve-una-telefonata-di-conforto-di-papa-francesco\/\">DONNA DI FASANO MUORE DI PARTO, IL MARITO CONSOLA I MEDICI ADDOLORATI PER NON ESSERE RIUSCITI A SALVARLA, E POI IL GIORNO DI NATALE RICEVE UNA TELEFONATA DI CONFORTO DI PAPA FRANCESCO<\/a><\/blockquote><iframe class=\"wp-embedded-content\" sandbox=\"allow-scripts\" security=\"restricted\" style=\"position: absolute; clip: rect(1px, 1px, 1px, 1px);\" title=\"&#8220;DONNA DI FASANO MUORE DI PARTO, IL MARITO CONSOLA I MEDICI ADDOLORATI PER NON ESSERE RIUSCITI A SALVARLA, E POI IL GIORNO DI NATALE RICEVE UNA TELEFONATA DI CONFORTO DI PAPA FRANCESCO&#8221; &#8212; LecceCronaca.it\" src=\"https:\/\/www.leccecronaca.it\/index.php\/2022\/12\/26\/donna-di-fasano-muore-di-parto-il-marito-consola-i-medici-addolorati-per-non-essere-riusciti-a-salvarla-e-poi-il-giorno-di-natale-riceve-una-telefonata-di-conforto-di-papa-francesco\/embed\/#?secret=xKmWayHZaz#?secret=RTFmvjeUCE\" data-secret=\"RTFmvjeUCE\" width=\"500\" height=\"282\" frameborder=\"0\" marginwidth=\"0\" marginheight=\"0\" scrolling=\"no\"><\/iframe><\/p>\n\n\n\n<p><blockquote class=\"wp-embedded-content\" data-secret=\"G1BCiG9fFc\"><a href=\"https:\/\/www.leccecronaca.it\/index.php\/2022\/12\/24\/ragazzo\/\">ADDIO A DAVID<\/a><\/blockquote><iframe class=\"wp-embedded-content\" sandbox=\"allow-scripts\" security=\"restricted\" style=\"position: absolute; clip: rect(1px, 1px, 1px, 1px);\" title=\"&#8220;ADDIO A DAVID&#8221; &#8212; LecceCronaca.it\" src=\"https:\/\/www.leccecronaca.it\/index.php\/2022\/12\/24\/ragazzo\/embed\/#?secret=HAfRB10Ayq#?secret=G1BCiG9fFc\" data-secret=\"G1BCiG9fFc\" width=\"500\" height=\"282\" frameborder=\"0\" marginwidth=\"0\" marginheight=\"0\" scrolling=\"no\"><\/iframe><\/p>\n\n\n\n<p><br>&nbsp;&nbsp;&nbsp;<\/p>\n<fb:like href='https:\/\/www.leccecronaca.it\/index.php\/2022\/12\/27\/pensionato-tedesco-residente-a-manduria-trovato-morto-in-casa-sua-dopo-un-mese\/' send='true' layout='button_count' show_faces='true' width='450' height='65' action='recommend' colorscheme='light' font='lucida grande'><\/fb:like><span class=\"fb_share\"><fb:like href=\"https:\/\/www.leccecronaca.it\/index.php\/2022\/12\/27\/pensionato-tedesco-residente-a-manduria-trovato-morto-in-casa-sua-dopo-un-mese\/\" layout=\"button_count\"><\/fb:like><\/span>","protected":false},"excerpt":{"rendered":"<p>(e.l.) &nbsp;______ Un\u2019altra storia triste di Natale arriva dal nostro Salento in questi giorni sotto un sole gradevole e una coltre spesa di fredda umidit\u00e0. Un uomo di 70 anni, di nazionalit\u00f9 tedesca, del quale non sono state rese note le generalit\u00e0, \u00e8 stato trovato morto ieri nella sua casa delle campagne nei pressi di [&hellip;]<\/p>\n","protected":false},"author":4,"featured_media":209486,"comment_status":"open","ping_status":"closed","sticky":false,"template":"","format":"standard","meta":[],"categories":[69],"tags":[],"_links":{"self":[{"href":"https:\/\/www.leccecronaca.it\/index.php\/wp-json\/wp\/v2\/posts\/209483"}],"collection":[{"href":"https:\/\/www.leccecronaca.it\/index.php\/wp-json\/wp\/v2\/posts"}],"about":[{"href":"https:\/\/www.leccecronaca.it\/index.php\/wp-json\/wp\/v2\/types\/post"}],"author":[{"embeddable":true,"href":"https:\/\/www.leccecronaca.it\/index.php\/wp-json\/wp\/v2\/users\/4"}],"replies":[{"embeddable":true,"href":"https:\/\/www.leccecronaca.it\/index.php\/wp-json\/wp\/v2\/comments?post=209483"}],"version-history":[{"count":4,"href":"https:\/\/www.leccecronaca.it\/index.php\/wp-json\/wp\/v2\/posts\/209483\/revisions"}],"predecessor-version":[{"id":209491,"href":"https:\/\/www.leccecronaca.it\/index.php\/wp-json\/wp\/v2\/posts\/209483\/revisions\/209491"}],"wp:featuredmedia":[{"embeddable":true,"href":"https:\/\/www.leccecronaca.it\/index.php\/wp-json\/wp\/v2\/media\/209486"}],"wp:attachment":[{"href":"https:\/\/www.leccecronaca.it\/index.php\/wp-json\/wp\/v2\/media?parent=209483"}],"wp:term":[{"taxonomy":"category","embeddable":true,"href":"https:\/\/www.leccecronaca.it\/index.php\/wp-json\/wp\/v2\/categories?post=209483"},{"taxonomy":"post_tag","embeddable":true,"href":"https:\/\/www.leccecronaca.it\/index.php\/wp-json\/wp\/v2\/tags?post=209483"}],"curies":[{"name":"wp","href":"https:\/\/api.w.org\/{rel}","templated":true}]}}