{"id":209784,"date":"2023-01-05T12:46:24","date_gmt":"2023-01-05T11:46:24","guid":{"rendered":"http:\/\/www.leccecronaca.it\/?p=209784"},"modified":"2023-01-05T13:19:58","modified_gmt":"2023-01-05T12:19:58","slug":"casa-lecce-presentato-maleh-e-stefano-trinchera-ha-fatto-il-punto-sul-mercato","status":"publish","type":"post","link":"https:\/\/www.leccecronaca.it\/index.php\/2023\/01\/05\/casa-lecce-presentato-maleh-e-stefano-trinchera-ha-fatto-il-punto-sul-mercato\/","title":{"rendered":"CASA LECCE: PRESENTATO MALEH. E STEFANO TRINCHERA HA FATTO IL PUNTO SUL MERCATO"},"content":{"rendered":"\n<p>di <strong>Mattia Ala______<\/strong><\/p>\n\n\n\n<figure class=\"wp-block-image size-large\"><img decoding=\"async\" loading=\"lazy\" width=\"1024\" height=\"682\" src=\"https:\/\/www.leccecronaca.it\/wordpress\/wp-content\/uploads\/2023\/01\/maleh-4-1024x682.jpg\" alt=\"\" class=\"wp-image-209753\" srcset=\"https:\/\/www.leccecronaca.it\/wordpress\/wp-content\/uploads\/2023\/01\/maleh-4-1024x682.jpg 1024w, https:\/\/www.leccecronaca.it\/wordpress\/wp-content\/uploads\/2023\/01\/maleh-4-300x200.jpg 300w, https:\/\/www.leccecronaca.it\/wordpress\/wp-content\/uploads\/2023\/01\/maleh-4-768x512.jpg 768w, https:\/\/www.leccecronaca.it\/wordpress\/wp-content\/uploads\/2023\/01\/maleh-4-1536x1023.jpg 1536w, https:\/\/www.leccecronaca.it\/wordpress\/wp-content\/uploads\/2023\/01\/maleh-4.jpg 1717w\" sizes=\"(max-width: 1024px) 100vw, 1024px\" \/><\/figure>\n\n\n\n<p>Questa mattina al Via del Mare il direttore sportivo del <strong>Lecce Stefano Trinchera<\/strong> ha presentato il nuovo acquisto dei giallorossi <strong>Youssef Maleh<\/strong> (nella foto), centrocampista italo marocchino proveniente dalla Fiorentina.<\/p>\n\n\n\n<p>Non era presente  <strong>Pantaleo Corvino<\/strong>. <\/p>\n\n\n\n<p>Il Responsabile dell&#8217;Area Tecnica \u00e8 infatti  attivo sul fronte mercato, come comunicato dallo stesso <strong>Trinchera<\/strong>, il quale ha poi fatto il punto sulle operazioni in entrata e in uscita del club salentino.<\/p>\n\n\n\n<p><\/p>\n\n\n\n<p>Di seguito i dettagli della conferenza:<\/p>\n\n\n\n<figure class=\"wp-block-image size-large\"><img decoding=\"async\" loading=\"lazy\" width=\"329\" height=\"1024\" src=\"https:\/\/www.leccecronaca.it\/wordpress\/wp-content\/uploads\/2022\/08\/TRINCHERA-FFFFFFFFF-329x1024.jpg\" alt=\"\" class=\"wp-image-203253\" srcset=\"https:\/\/www.leccecronaca.it\/wordpress\/wp-content\/uploads\/2022\/08\/TRINCHERA-FFFFFFFFF-329x1024.jpg 329w, https:\/\/www.leccecronaca.it\/wordpress\/wp-content\/uploads\/2022\/08\/TRINCHERA-FFFFFFFFF-96x300.jpg 96w, https:\/\/www.leccecronaca.it\/wordpress\/wp-content\/uploads\/2022\/08\/TRINCHERA-FFFFFFFFF.jpg 479w\" sizes=\"(max-width: 329px) 100vw, 329px\" \/><\/figure>\n\n\n\n<p><strong>STEFANO TRINCHERA<\/strong> (nella foto ) : <em>&#8220;Oggi il direttore Corvino non sar\u00e0 presente perch\u00e9 siamo vigili su tutti i fronti. Faccio un breve inciso  sul mercato. Il Lecce non ha esuberi. Mettiamo solo in evidenza che con l&#8217;esplosione di Baschirotto abbiamo bisogno di mandare a giocare un centrale e abbiamo parlato di questo con Cetin. Nei prossimi giorni valuteremo le migliori opportunit\u00e0 per lui. Parallelamente cercheremo di acquistare un terzino destro, ruolo in cui abbiamo un titolare inamovibile come Gendrey. Non abbiamo per\u00f2 una riserva poich\u00e9 Baschirotto viene ormai impiegato al centro della difesa. A gennaio miglioreremo ci\u00f2 che si pu\u00f2 migliorare con le nostre risorse , non interverremo senza una ratio. Oggi presentiamo Maleh, la mezzala con  le caratteristiche che cercavamo. Si \u00e8 consacrato a Venezia per poi essere protagonista lo scorso anno a Firenze. Cercavamo una mezzala propositiva, con qualit\u00e0 in fase di finalizzazione. Con lui abbiamo arricchito il nostro patrimonio tecnico&#8221;.<\/em><\/p>\n\n\n\n<p><\/p>\n\n\n\n<p><strong>YOUSSEF MALEH<\/strong>  : <em>&#8220;Lecce \u00e8 il percorso giusto per la mia carriera. C&#8217;erano altre possibilit\u00e0 ma ho scelto i salentini. Questa squadra ha tantissima voglia e l&#8217;ha dimostrato anche ieri sera. Ho notato fin da subito un grandissimo gruppo. A Firenze Rosati, Barak, Venuti, Saponara mi hanno parlato benissimo di Lecce. Mi hanno consigliato di mangiare il pasticciotto (ride..). Ero gi\u00e0 pronto, mi alleno tutti i giorni da un mese e ho disputato le amichevoli con la Fiorentina. Ho spinto per arrivare il prima possibile e cercher\u00f2 di aiutare i miei compagni a raggiungere la salvezza. Italia o Marocco? Decider\u00f2 a breve. Pubblico del Via del Mare? Ho avuto un&#8217;impressione bellissima. I tifosi qui trasmettono una grande forza e questo ci ha aiutato a ribaltare il risultato. Spezia? Sono pronto, mi sono sempre allenato. Tutti i miei compagni mi hanno fatto una bellissima impressione, penso a Di Francesco, Umtiti, Hjulmand, potrei elencarli tutti&#8221;.<\/em> ______<\/p>\n\n\n\n<p>LA RICERCA nei nostri due ultimi articoli di ieri<\/p>\n\n\n\n<p><blockquote class=\"wp-embedded-content\" data-secret=\"IG6YyEuR6A\"><a href=\"https:\/\/www.leccecronaca.it\/index.php\/2023\/01\/04\/il-lecce-in-rimonta-ribalta-sarri\/\">IL LECCE IN RIMONTA RIBALTA SARRI!<\/a><\/blockquote><iframe class=\"wp-embedded-content\" sandbox=\"allow-scripts\" security=\"restricted\" style=\"position: absolute; clip: rect(1px, 1px, 1px, 1px);\" title=\"&#8220;IL LECCE IN RIMONTA RIBALTA SARRI!&#8221; &#8212; LecceCronaca.it\" src=\"https:\/\/www.leccecronaca.it\/index.php\/2023\/01\/04\/il-lecce-in-rimonta-ribalta-sarri\/embed\/#?secret=XlKeOnIDq7#?secret=IG6YyEuR6A\" data-secret=\"IG6YyEuR6A\" width=\"500\" height=\"282\" frameborder=\"0\" marginwidth=\"0\" marginheight=\"0\" scrolling=\"no\"><\/iframe><\/p>\n\n\n\n<p><blockquote class=\"wp-embedded-content\" data-secret=\"nDoZhQupSp\"><a href=\"https:\/\/www.leccecronaca.it\/index.php\/2023\/01\/05\/il-post-partita-di-lecce-lazio-2-1\/\">IL POST PARTITA DI LECCE-LAZIO 2-1<\/a><\/blockquote><iframe class=\"wp-embedded-content\" sandbox=\"allow-scripts\" security=\"restricted\" style=\"position: absolute; clip: rect(1px, 1px, 1px, 1px);\" title=\"&#8220;IL POST PARTITA DI LECCE-LAZIO 2-1&#8221; &#8212; LecceCronaca.it\" src=\"https:\/\/www.leccecronaca.it\/index.php\/2023\/01\/05\/il-post-partita-di-lecce-lazio-2-1\/embed\/#?secret=6JXo4ucCBO#?secret=nDoZhQupSp\" data-secret=\"nDoZhQupSp\" width=\"500\" height=\"282\" frameborder=\"0\" marginwidth=\"0\" marginheight=\"0\" scrolling=\"no\"><\/iframe><\/p>\n\n\n\n<p><\/p>\n<fb:like href='https:\/\/www.leccecronaca.it\/index.php\/2023\/01\/05\/casa-lecce-presentato-maleh-e-stefano-trinchera-ha-fatto-il-punto-sul-mercato\/' send='true' layout='button_count' show_faces='true' width='450' height='65' action='recommend' colorscheme='light' font='lucida grande'><\/fb:like><span class=\"fb_share\"><fb:like href=\"https:\/\/www.leccecronaca.it\/index.php\/2023\/01\/05\/casa-lecce-presentato-maleh-e-stefano-trinchera-ha-fatto-il-punto-sul-mercato\/\" layout=\"button_count\"><\/fb:like><\/span>","protected":false},"excerpt":{"rendered":"<p>di Mattia Ala______ Questa mattina al Via del Mare il direttore sportivo del Lecce Stefano Trinchera ha presentato il nuovo acquisto dei giallorossi Youssef Maleh (nella foto), centrocampista italo marocchino proveniente dalla Fiorentina. Non era presente Pantaleo Corvino. Il Responsabile dell&#8217;Area Tecnica \u00e8 infatti attivo sul fronte mercato, come comunicato dallo stesso Trinchera, il quale [&hellip;]<\/p>\n","protected":false},"author":4,"featured_media":209753,"comment_status":"open","ping_status":"closed","sticky":false,"template":"","format":"standard","meta":[],"categories":[1,28],"tags":[],"_links":{"self":[{"href":"https:\/\/www.leccecronaca.it\/index.php\/wp-json\/wp\/v2\/posts\/209784"}],"collection":[{"href":"https:\/\/www.leccecronaca.it\/index.php\/wp-json\/wp\/v2\/posts"}],"about":[{"href":"https:\/\/www.leccecronaca.it\/index.php\/wp-json\/wp\/v2\/types\/post"}],"author":[{"embeddable":true,"href":"https:\/\/www.leccecronaca.it\/index.php\/wp-json\/wp\/v2\/users\/4"}],"replies":[{"embeddable":true,"href":"https:\/\/www.leccecronaca.it\/index.php\/wp-json\/wp\/v2\/comments?post=209784"}],"version-history":[{"count":2,"href":"https:\/\/www.leccecronaca.it\/index.php\/wp-json\/wp\/v2\/posts\/209784\/revisions"}],"predecessor-version":[{"id":209797,"href":"https:\/\/www.leccecronaca.it\/index.php\/wp-json\/wp\/v2\/posts\/209784\/revisions\/209797"}],"wp:featuredmedia":[{"embeddable":true,"href":"https:\/\/www.leccecronaca.it\/index.php\/wp-json\/wp\/v2\/media\/209753"}],"wp:attachment":[{"href":"https:\/\/www.leccecronaca.it\/index.php\/wp-json\/wp\/v2\/media?parent=209784"}],"wp:term":[{"taxonomy":"category","embeddable":true,"href":"https:\/\/www.leccecronaca.it\/index.php\/wp-json\/wp\/v2\/categories?post=209784"},{"taxonomy":"post_tag","embeddable":true,"href":"https:\/\/www.leccecronaca.it\/index.php\/wp-json\/wp\/v2\/tags?post=209784"}],"curies":[{"name":"wp","href":"https:\/\/api.w.org\/{rel}","templated":true}]}}