{"id":210215,"date":"2023-01-15T00:02:00","date_gmt":"2023-01-14T23:02:00","guid":{"rendered":"http:\/\/www.leccecronaca.it\/?p=210215"},"modified":"2023-01-15T14:12:41","modified_gmt":"2023-01-15T13:12:41","slug":"imparate-a-fare-il-bene-cercate-la-giustizia-due-serate-di-riflessione-per-il-dialogo-interreligioso","status":"publish","type":"post","link":"https:\/\/www.leccecronaca.it\/index.php\/2023\/01\/15\/imparate-a-fare-il-bene-cercate-la-giustizia-due-serate-di-riflessione-per-il-dialogo-interreligioso\/","title":{"rendered":"LA SETTIMANA DI PREGHIERA PER L&#8217;UNITA&#8217; DEI CRISTIANI NELLA DIOCESI DI NARDO&#8217;- GALLIPOLI"},"content":{"rendered":"\n<p><\/p>\n\n\n\n<p><img decoding=\"async\" loading=\"lazy\" width=\"240\" height=\"300\" class=\"wp-image-210217\" style=\"width: 800px;\" src=\"https:\/\/www.leccecronaca.it\/wordpress\/wp-content\/uploads\/2023\/01\/Mons-Fernando-Filograna-240x300-1.jpg\" alt=\"\"><\/p>\n\n\n\n<p>Dagli organizzatori, riceviamo e volentieri pubblichiamo il seguente  comunicato  ______ <\/p>\n\n\n\n<p>La Diocesi di Nard\u00f2-Gallipoli, per la Settimana di Preghiera per l\u2019Unit\u00e0 dei Cristiani di quest\u2019anno, ha progettato due serate di preghiera e riflessione. La tematica scelta \u00e8 molto delicata e sempre attuale e si esprime nel discorso diretto del profeta Isaia 1,17:&nbsp;&nbsp; \u201cImparate a fare il bene, cercate la giustizia\u201d.<\/p>\n\n\n\n<p>I due eventi sono stati affidati e quindi organizzati dalla Commissione per l\u2019Ecumenismo e il Dialogo Interreligioso, si terranno il primo, a Galatone il 18 gennaio, alle ore 19.00, presso la Chiesa del Sacro Cuore di Ges\u00f9, dove \u00e8 prevista la <em>Veglia <\/em>di preghiera con gli interventi del Vescovo di Nard\u00f2-Gallipoli Fernando Filograna, Giovanni Giannoccolo (Protopresbitero greco-ortodosso), Tommaso Carpino (Pastore Pentecostale della Chiesa Evangelica Internazionale). Il secondo evento, \u00e8 la <em>Tavola rotonda<\/em> ecumenica, che si terr\u00e0 il 26 gennaio alle ore 19:00 presso la Chiesa di San Gerardo Maiella a Nard\u00f2; &nbsp;dal titolo \u201cLa verit\u00e0 di Cristo nell\u2019esistenza umana: Vite esemplari\u201d (Nektarios di Egina, Madre Teresa di Calcutta, Martin Luther King). Interverrano il Vescovo di Nard\u00f2-Gallipoli Fernando Filograna, Isabelle Bernardini (Direttrice della Biblioteca della Sacra Arcidiocesi Ortodossa d\u2019Italia e Malta \u201cKallinokos Lystron\u201d), Salvatore Cipressa (Direttore dell\u2019Ufficio diocesano per l\u2019ecumenismo e il dialogo interreligioso), Gabriele Bertin, (Pastore valdese). Moderer\u00e0 la serata Lara Carrozzo (Docente di Lettere). La serata sar\u00e0 allietata dalle incursioni musicali del M\u00b0 Francesco del Prete (violino).<\/p>\n\n\n\n<p>La storia mostra che invece di riconoscere la dignit\u00e0 di ogni essere umano creato a immagine e somiglianza di Dio, gli uomini si sono troppo spesso coinvolti in strutture di peccato come la schiavit\u00f9, la colonizzazione, la segregazione, l\u2019apartheid, che hanno privato le persone della loro dignit\u00e0, adducendo il falso motivo della razza. La Settimana di preghiera per l\u2019Unit\u00e0 dei Cristiani \u00e8 il momento pi\u00f9 adatto per riflettere sulle divisioni tra le Chiese, tra le confessioni e la pi\u00f9 ampia famiglia umana.<\/p>\n\n\n\n<p><\/p>\n\n\n\n<p><img decoding=\"async\" loading=\"lazy\" width=\"1143\" height=\"1600\" class=\"wp-image-210216\" style=\"width: 1200px;\" src=\"https:\/\/www.leccecronaca.it\/wordpress\/wp-content\/uploads\/2023\/01\/RELI.jpg\" alt=\"\" srcset=\"https:\/\/www.leccecronaca.it\/wordpress\/wp-content\/uploads\/2023\/01\/RELI.jpg 1143w, https:\/\/www.leccecronaca.it\/wordpress\/wp-content\/uploads\/2023\/01\/RELI-214x300.jpg 214w, https:\/\/www.leccecronaca.it\/wordpress\/wp-content\/uploads\/2023\/01\/RELI-732x1024.jpg 732w, https:\/\/www.leccecronaca.it\/wordpress\/wp-content\/uploads\/2023\/01\/RELI-768x1075.jpg 768w, https:\/\/www.leccecronaca.it\/wordpress\/wp-content\/uploads\/2023\/01\/RELI-1097x1536.jpg 1097w\" sizes=\"(max-width: 1143px) 100vw, 1143px\" \/><\/p>\n<fb:like href='https:\/\/www.leccecronaca.it\/index.php\/2023\/01\/15\/imparate-a-fare-il-bene-cercate-la-giustizia-due-serate-di-riflessione-per-il-dialogo-interreligioso\/' send='true' layout='button_count' show_faces='true' width='450' height='65' action='recommend' colorscheme='light' font='lucida grande'><\/fb:like><span class=\"fb_share\"><fb:like href=\"https:\/\/www.leccecronaca.it\/index.php\/2023\/01\/15\/imparate-a-fare-il-bene-cercate-la-giustizia-due-serate-di-riflessione-per-il-dialogo-interreligioso\/\" layout=\"button_count\"><\/fb:like><\/span>","protected":false},"excerpt":{"rendered":"<p>Dagli organizzatori, riceviamo e volentieri pubblichiamo il seguente comunicato ______ La Diocesi di Nard\u00f2-Gallipoli, per la Settimana di Preghiera per l\u2019Unit\u00e0 dei Cristiani di quest\u2019anno, ha progettato due serate di preghiera e riflessione. La tematica scelta \u00e8 molto delicata e sempre attuale e si esprime nel discorso diretto del profeta Isaia 1,17:&nbsp;&nbsp; \u201cImparate a fare [&hellip;]<\/p>\n","protected":false},"author":4,"featured_media":210217,"comment_status":"open","ping_status":"closed","sticky":false,"template":"","format":"standard","meta":[],"categories":[1,31,75],"tags":[],"_links":{"self":[{"href":"https:\/\/www.leccecronaca.it\/index.php\/wp-json\/wp\/v2\/posts\/210215"}],"collection":[{"href":"https:\/\/www.leccecronaca.it\/index.php\/wp-json\/wp\/v2\/posts"}],"about":[{"href":"https:\/\/www.leccecronaca.it\/index.php\/wp-json\/wp\/v2\/types\/post"}],"author":[{"embeddable":true,"href":"https:\/\/www.leccecronaca.it\/index.php\/wp-json\/wp\/v2\/users\/4"}],"replies":[{"embeddable":true,"href":"https:\/\/www.leccecronaca.it\/index.php\/wp-json\/wp\/v2\/comments?post=210215"}],"version-history":[{"count":3,"href":"https:\/\/www.leccecronaca.it\/index.php\/wp-json\/wp\/v2\/posts\/210215\/revisions"}],"predecessor-version":[{"id":210244,"href":"https:\/\/www.leccecronaca.it\/index.php\/wp-json\/wp\/v2\/posts\/210215\/revisions\/210244"}],"wp:featuredmedia":[{"embeddable":true,"href":"https:\/\/www.leccecronaca.it\/index.php\/wp-json\/wp\/v2\/media\/210217"}],"wp:attachment":[{"href":"https:\/\/www.leccecronaca.it\/index.php\/wp-json\/wp\/v2\/media?parent=210215"}],"wp:term":[{"taxonomy":"category","embeddable":true,"href":"https:\/\/www.leccecronaca.it\/index.php\/wp-json\/wp\/v2\/categories?post=210215"},{"taxonomy":"post_tag","embeddable":true,"href":"https:\/\/www.leccecronaca.it\/index.php\/wp-json\/wp\/v2\/tags?post=210215"}],"curies":[{"name":"wp","href":"https:\/\/api.w.org\/{rel}","templated":true}]}}