{"id":210228,"date":"2023-01-14T21:22:09","date_gmt":"2023-01-14T20:22:09","guid":{"rendered":"http:\/\/www.leccecronaca.it\/?p=210228"},"modified":"2023-01-15T13:31:35","modified_gmt":"2023-01-15T12:31:35","slug":"il-post-partita-di-lecce-milan","status":"publish","type":"post","link":"https:\/\/www.leccecronaca.it\/index.php\/2023\/01\/14\/il-post-partita-di-lecce-milan\/","title":{"rendered":"IL POST PARTITA DI LECCE-MILAN"},"content":{"rendered":"\n<p><strong>(m.a.)______<\/strong><\/p>\n\n\n\n<p>Di seguito i commenti del post partita di <strong>Lecce-Milan<\/strong>:<\/p>\n\n\n\n<figure class=\"wp-block-image size-large\"><img decoding=\"async\" loading=\"lazy\" width=\"768\" height=\"1024\" src=\"https:\/\/www.leccecronaca.it\/wordpress\/wp-content\/uploads\/2022\/12\/baroni-567-768x1024.jpg\" alt=\"\" class=\"wp-image-209248\" srcset=\"https:\/\/www.leccecronaca.it\/wordpress\/wp-content\/uploads\/2022\/12\/baroni-567-768x1024.jpg 768w, https:\/\/www.leccecronaca.it\/wordpress\/wp-content\/uploads\/2022\/12\/baroni-567-225x300.jpg 225w, https:\/\/www.leccecronaca.it\/wordpress\/wp-content\/uploads\/2022\/12\/baroni-567-1152x1536.jpg 1152w, https:\/\/www.leccecronaca.it\/wordpress\/wp-content\/uploads\/2022\/12\/baroni-567.jpg 1536w\" sizes=\"(max-width: 768px) 100vw, 768px\" \/><\/figure>\n\n\n\n<p><strong>MARCO BARONI<\/strong> (allenatore del Lecce, nella foto): <em>&#8220;Il Lecce \u00e8 una squadra che ha idee. La prima frazione \u00e8 stata quasi perfetta, mancava solo il terzo gol. Abbiamo pagato qualcosina sui cross. Abbiamo calciato in porta pi\u00f9 del Milan. La squadra ha idee ben precise e le sta esprimendo da inizio campionato, qualche volta siamo stati per\u00f2 sfortunati. La squadra \u00e8 viva e cresce. Essere rammaricati per un pareggio contro il Milan \u00e8 un bene. Maleh? E&#8217; entrato bene, penso che  tra due settimane star\u00e0 bene e  andr\u00e0 come un proiettile. Le reti del Milan sono state degli episodi, il gol di Leao \u00e8 un colpo da campione. Abbiamo fatto bene sulle palle alte e qualcuna l&#8217;abbiamo concessa. Dobbiamo restare con i piedi per terra e far crescere i nostri giovani. Anche oggi i tifosi sono stati fantastici, si percepisce un&#8217;atmosfera bella. Si sta creando la giusta alchimia&#8221;.<\/em><\/p>\n\n\n\n<figure class=\"wp-block-image size-full\"><img decoding=\"async\" loading=\"lazy\" width=\"825\" height=\"605\" src=\"https:\/\/www.leccecronaca.it\/wordpress\/wp-content\/uploads\/2022\/07\/BASCHIROTTO.jpg\" alt=\"\" class=\"wp-image-202482\" srcset=\"https:\/\/www.leccecronaca.it\/wordpress\/wp-content\/uploads\/2022\/07\/BASCHIROTTO.jpg 825w, https:\/\/www.leccecronaca.it\/wordpress\/wp-content\/uploads\/2022\/07\/BASCHIROTTO-300x220.jpg 300w, https:\/\/www.leccecronaca.it\/wordpress\/wp-content\/uploads\/2022\/07\/BASCHIROTTO-768x563.jpg 768w\" sizes=\"(max-width: 825px) 100vw, 825px\" \/><\/figure>\n\n\n\n<p><strong>FEDERICO BASCHIROTTO<\/strong> (difensore del Lecce, nella foto): <em>&#8220;Non penso alla Nazionale, il mio obiettivo \u00e8 solo lavorare per migliorare. Segnare ai campioni d&#8217;Italia \u00e8 un qualcosa di grande, sono contento in quanto in tribuna c&#8217;erano il mio procuratore, mio fratello e mia cognata. Ringrazio sempre la mia famiglia che mi ha sempre sostenuto. C&#8217;\u00e8 soddisfazione per il gol ma rabbia per non aver portato a casa la vittoria.  Abbiamo dato tutto, ma \u00e8 giusto dare merito ai nostri avversari. Dobbiamo continuare cos\u00ec. Umtiti? Mi ha dato molto, da lui e dai miei compagni cerco di cogliere quello che di positivo hanno da darmi&#8221;<\/em>.<\/p>\n\n\n\n<p><\/p>\n\n\n\n<figure class=\"wp-block-image size-large\"><img decoding=\"async\" loading=\"lazy\" width=\"1024\" height=\"614\" src=\"https:\/\/www.leccecronaca.it\/wordpress\/wp-content\/uploads\/2019\/10\/Stefano-Pioli-6-1024x614.jpg\" alt=\"\" class=\"wp-image-159727\" srcset=\"https:\/\/www.leccecronaca.it\/wordpress\/wp-content\/uploads\/2019\/10\/Stefano-Pioli-6-1024x614.jpg 1024w, https:\/\/www.leccecronaca.it\/wordpress\/wp-content\/uploads\/2019\/10\/Stefano-Pioli-6-300x180.jpg 300w, https:\/\/www.leccecronaca.it\/wordpress\/wp-content\/uploads\/2019\/10\/Stefano-Pioli-6-768x460.jpg 768w, https:\/\/www.leccecronaca.it\/wordpress\/wp-content\/uploads\/2019\/10\/Stefano-Pioli-6.jpg 1200w\" sizes=\"(max-width: 1024px) 100vw, 1024px\" \/><\/figure>\n\n\n\n<p><strong>STEFANO PIOLI<\/strong> (allenatore del Milan, nella foto): <em>&#8221; Non sono contento, tutti dobbiamo dare di pi\u00f9. Abbiamo iniziato troppo male per quelle che sono le nostre qualit\u00e0. Il match si \u00e8 complicato, alla fine non abbiamo prodotto molto perch\u00e9 non era semplice contro una difesa piazzata. Peccato per il palo di Messias. Il Lecce gioca bene, esprime un calcio intenso e di qualit\u00e0. Complimenti ai salentini e a Baroni&#8221;.<\/em> ______<\/p>\n\n\n\n<p>LA RICERCA nel nostro articolo immediatamente precedente<\/p>\n\n\n\n<p><blockquote class=\"wp-embedded-content\" data-secret=\"EN30h65JhN\"><a href=\"https:\/\/www.leccecronaca.it\/index.php\/2023\/01\/14\/il-lecce-esorcistastrappa-un-punto-al-diavolo\/\">IL LECCE &#8216;ESORCISTA&#8217; STRAPPA UN PUNTO AL DIAVOLO<\/a><\/blockquote><iframe class=\"wp-embedded-content\" sandbox=\"allow-scripts\" security=\"restricted\" style=\"position: absolute; clip: rect(1px, 1px, 1px, 1px);\" title=\"&#8220;IL LECCE &#8216;ESORCISTA&#8217; STRAPPA UN PUNTO AL DIAVOLO&#8221; &#8212; LecceCronaca.it\" src=\"https:\/\/www.leccecronaca.it\/index.php\/2023\/01\/14\/il-lecce-esorcistastrappa-un-punto-al-diavolo\/embed\/#?secret=xH82Irtjkl#?secret=EN30h65JhN\" data-secret=\"EN30h65JhN\" width=\"500\" height=\"282\" frameborder=\"0\" marginwidth=\"0\" marginheight=\"0\" scrolling=\"no\"><\/iframe><\/p>\n\n\n\n<p><\/p>\n<fb:like href='https:\/\/www.leccecronaca.it\/index.php\/2023\/01\/14\/il-post-partita-di-lecce-milan\/' send='true' layout='button_count' show_faces='true' width='450' height='65' action='recommend' colorscheme='light' font='lucida grande'><\/fb:like><span class=\"fb_share\"><fb:like href=\"https:\/\/www.leccecronaca.it\/index.php\/2023\/01\/14\/il-post-partita-di-lecce-milan\/\" layout=\"button_count\"><\/fb:like><\/span>","protected":false},"excerpt":{"rendered":"<p>(m.a.)______ Di seguito i commenti del post partita di Lecce-Milan: MARCO BARONI (allenatore del Lecce, nella foto): &#8220;Il Lecce \u00e8 una squadra che ha idee. La prima frazione \u00e8 stata quasi perfetta, mancava solo il terzo gol. Abbiamo pagato qualcosina sui cross. Abbiamo calciato in porta pi\u00f9 del Milan. La squadra ha idee ben precise [&hellip;]<\/p>\n","protected":false},"author":4,"featured_media":203025,"comment_status":"open","ping_status":"closed","sticky":false,"template":"","format":"standard","meta":[],"categories":[1,28],"tags":[],"_links":{"self":[{"href":"https:\/\/www.leccecronaca.it\/index.php\/wp-json\/wp\/v2\/posts\/210228"}],"collection":[{"href":"https:\/\/www.leccecronaca.it\/index.php\/wp-json\/wp\/v2\/posts"}],"about":[{"href":"https:\/\/www.leccecronaca.it\/index.php\/wp-json\/wp\/v2\/types\/post"}],"author":[{"embeddable":true,"href":"https:\/\/www.leccecronaca.it\/index.php\/wp-json\/wp\/v2\/users\/4"}],"replies":[{"embeddable":true,"href":"https:\/\/www.leccecronaca.it\/index.php\/wp-json\/wp\/v2\/comments?post=210228"}],"version-history":[{"count":3,"href":"https:\/\/www.leccecronaca.it\/index.php\/wp-json\/wp\/v2\/posts\/210228\/revisions"}],"predecessor-version":[{"id":210234,"href":"https:\/\/www.leccecronaca.it\/index.php\/wp-json\/wp\/v2\/posts\/210228\/revisions\/210234"}],"wp:featuredmedia":[{"embeddable":true,"href":"https:\/\/www.leccecronaca.it\/index.php\/wp-json\/wp\/v2\/media\/203025"}],"wp:attachment":[{"href":"https:\/\/www.leccecronaca.it\/index.php\/wp-json\/wp\/v2\/media?parent=210228"}],"wp:term":[{"taxonomy":"category","embeddable":true,"href":"https:\/\/www.leccecronaca.it\/index.php\/wp-json\/wp\/v2\/categories?post=210228"},{"taxonomy":"post_tag","embeddable":true,"href":"https:\/\/www.leccecronaca.it\/index.php\/wp-json\/wp\/v2\/tags?post=210228"}],"curies":[{"name":"wp","href":"https:\/\/api.w.org\/{rel}","templated":true}]}}