{"id":210657,"date":"2023-01-26T00:03:00","date_gmt":"2023-01-25T23:03:00","guid":{"rendered":"http:\/\/www.leccecronaca.it\/?p=210657"},"modified":"2023-01-25T18:19:11","modified_gmt":"2023-01-25T17:19:11","slug":"la-biodanza-per-stare-bene-insieme-agli-altri","status":"publish","type":"post","link":"https:\/\/www.leccecronaca.it\/index.php\/2023\/01\/26\/la-biodanza-per-stare-bene-insieme-agli-altri\/","title":{"rendered":"LA BIODANZA PER STARE BENE INSIEME AGLI ALTRI"},"content":{"rendered":"\n<p>Riceviamo e volentieri pubblichiamo. Wojtek Pankiewicz ci manda il seguente comunicato &nbsp;______&nbsp;<\/p>\n\n\n\n<p><img decoding=\"async\" loading=\"lazy\" width=\"960\" height=\"484\" class=\"wp-image-210659\" style=\"width: 800px;\" src=\"https:\/\/www.leccecronaca.it\/wordpress\/wp-content\/uploads\/2023\/01\/bioda.jpg\" alt=\"\" srcset=\"https:\/\/www.leccecronaca.it\/wordpress\/wp-content\/uploads\/2023\/01\/bioda.jpg 960w, https:\/\/www.leccecronaca.it\/wordpress\/wp-content\/uploads\/2023\/01\/bioda-300x151.jpg 300w, https:\/\/www.leccecronaca.it\/wordpress\/wp-content\/uploads\/2023\/01\/bioda-768x387.jpg 768w\" sizes=\"(max-width: 960px) 100vw, 960px\" \/>Il Movimento Culturale \u201cValori e Rinnovamento\u201d, in collaborazione con \u201cLa Sabrosa\u201d Social Club, presenta \u201cLa poetica dell\u2019incontro umano\u201d Metodo Biodanza&nbsp;&nbsp;&nbsp;&nbsp;&nbsp;<strong>&nbsp;&nbsp;&nbsp;&nbsp;&nbsp;&nbsp;&nbsp;&nbsp;&nbsp;&nbsp;&nbsp;&nbsp;&nbsp;&nbsp;&nbsp;&nbsp;&nbsp;&nbsp;&nbsp;&nbsp;&nbsp;&nbsp;&nbsp;&nbsp;&nbsp;&nbsp;&nbsp;&nbsp;&nbsp;&nbsp;&nbsp;<\/strong><\/p>\n\n\n\n<p>Sabato 28 gennaio, alle ore 17,30 presso la Sala Conferenze del Centro Sociale \u201cCastromediano\u201d, in via Leuca.<\/p>\n\n\n\n<p>Programma : Saluti Bruno Ciccarese, sindaco di Cavallino;Marcella Nuzzaci, presidente del Centro Sociale;Wojtek Pankiewicz, presidente di \u201cValori e Rinnovamento\u201d. Seguir\u00e0 la Presentazione teorica e laboratorio esperienziale di Biodanza a cura di Stefania Quarta e Antonello Serra. Ingresso libero. Info: Stefania 338.3548602<\/p>\n\n\n\n<p>\u00abL\u2019esperienza quotidiana \u00e8 piena di possibilit\u00e0, per\u00f2 siamo schiavi delle abitudini, dei costumi e viviamo con paura la bellezza, l\u2019amore, la pienezza e l\u2019estasi\u00bb. (Rolando Toro)<\/p>\n\n\n\n<p>\u201cLa Biodanza \u2013 ha dichiarato Stefania Quarta, ideatrice e curatrice dell\u2019evento &#8211; utilizza l\u2019arte, in particolare la musica e la danza, per far incontrare le persone nella bellezza e nell\u2019amore, cos\u00ec che possano riscoprire ed amare i valori della vita.\u201d<\/p>\n\n\n\n<p>\u201cValori e Rinnovamento, sia pure nel suo piccolo \u2013 ha dichiarato il presidente Wojtek Pankiewicz &#8211; cerca di rispondere alla crescente \u201ctristezza\u201d che affligge particolarmente le nuove generazioni. Non \u00e8 un caso se sempre pi\u00f9 spesso, come \u00e8 stato recentemente nel caso del New York Times si parla della \u201cmarea crescente della tristezza globale\u201d. Bisogna impegnarsi, invece, per far tornare la gioia di vivere e rispondere ai problemi della gente che non ne pu\u00f2 pi\u00f9. Vincere il senso di rassegnazione, di quasi abbandono che si \u00e8 insinuato tra di noi. E\u2019 necessario contrastare il cosiddetto \u201csingolarismo\u201d e tutti i conseguenti danni che ne derivano soprattutto per le nuove generazioni. E questo lo si fa credendo nel neoumanesimo e nello stare insieme. Ecco, anche il nostro evento di questa sera va in questa direzione.\u201d<\/p>\n<fb:like href='https:\/\/www.leccecronaca.it\/index.php\/2023\/01\/26\/la-biodanza-per-stare-bene-insieme-agli-altri\/' send='true' layout='button_count' show_faces='true' width='450' height='65' action='recommend' colorscheme='light' font='lucida grande'><\/fb:like><span class=\"fb_share\"><fb:like href=\"https:\/\/www.leccecronaca.it\/index.php\/2023\/01\/26\/la-biodanza-per-stare-bene-insieme-agli-altri\/\" layout=\"button_count\"><\/fb:like><\/span>","protected":false},"excerpt":{"rendered":"<p>Riceviamo e volentieri pubblichiamo. Wojtek Pankiewicz ci manda il seguente comunicato &nbsp;______&nbsp; Il Movimento Culturale \u201cValori e Rinnovamento\u201d, in collaborazione con \u201cLa Sabrosa\u201d Social Club, presenta \u201cLa poetica dell\u2019incontro umano\u201d Metodo Biodanza&nbsp;&nbsp;&nbsp;&nbsp;&nbsp;&nbsp;&nbsp;&nbsp;&nbsp;&nbsp;&nbsp;&nbsp;&nbsp;&nbsp;&nbsp;&nbsp;&nbsp;&nbsp;&nbsp;&nbsp;&nbsp;&nbsp;&nbsp;&nbsp;&nbsp;&nbsp;&nbsp;&nbsp;&nbsp;&nbsp;&nbsp;&nbsp;&nbsp;&nbsp;&nbsp;&nbsp; Sabato 28 gennaio, alle ore 17,30 presso la Sala Conferenze del Centro Sociale \u201cCastromediano\u201d, in via Leuca. Programma : Saluti Bruno Ciccarese, sindaco [&hellip;]<\/p>\n","protected":false},"author":4,"featured_media":210659,"comment_status":"open","ping_status":"closed","sticky":false,"template":"","format":"standard","meta":[],"categories":[1,31,75,36],"tags":[],"_links":{"self":[{"href":"https:\/\/www.leccecronaca.it\/index.php\/wp-json\/wp\/v2\/posts\/210657"}],"collection":[{"href":"https:\/\/www.leccecronaca.it\/index.php\/wp-json\/wp\/v2\/posts"}],"about":[{"href":"https:\/\/www.leccecronaca.it\/index.php\/wp-json\/wp\/v2\/types\/post"}],"author":[{"embeddable":true,"href":"https:\/\/www.leccecronaca.it\/index.php\/wp-json\/wp\/v2\/users\/4"}],"replies":[{"embeddable":true,"href":"https:\/\/www.leccecronaca.it\/index.php\/wp-json\/wp\/v2\/comments?post=210657"}],"version-history":[{"count":3,"href":"https:\/\/www.leccecronaca.it\/index.php\/wp-json\/wp\/v2\/posts\/210657\/revisions"}],"predecessor-version":[{"id":210666,"href":"https:\/\/www.leccecronaca.it\/index.php\/wp-json\/wp\/v2\/posts\/210657\/revisions\/210666"}],"wp:featuredmedia":[{"embeddable":true,"href":"https:\/\/www.leccecronaca.it\/index.php\/wp-json\/wp\/v2\/media\/210659"}],"wp:attachment":[{"href":"https:\/\/www.leccecronaca.it\/index.php\/wp-json\/wp\/v2\/media?parent=210657"}],"wp:term":[{"taxonomy":"category","embeddable":true,"href":"https:\/\/www.leccecronaca.it\/index.php\/wp-json\/wp\/v2\/categories?post=210657"},{"taxonomy":"post_tag","embeddable":true,"href":"https:\/\/www.leccecronaca.it\/index.php\/wp-json\/wp\/v2\/tags?post=210657"}],"curies":[{"name":"wp","href":"https:\/\/api.w.org\/{rel}","templated":true}]}}