{"id":210736,"date":"2023-01-28T00:02:00","date_gmt":"2023-01-27T23:02:00","guid":{"rendered":"http:\/\/www.leccecronaca.it\/?p=210736"},"modified":"2023-01-26T20:18:37","modified_gmt":"2023-01-26T19:18:37","slug":"mostra-fotografica-di-raffaele-puce","status":"publish","type":"post","link":"https:\/\/www.leccecronaca.it\/index.php\/2023\/01\/28\/mostra-fotografica-di-raffaele-puce\/","title":{"rendered":"MOSTRA FOTOGRAFICA DI RAFFAELE PUCE"},"content":{"rendered":"\n<p><img decoding=\"async\" loading=\"lazy\" width=\"263\" height=\"263\" class=\"wp-image-210738\" style=\"width: 800px;\" src=\"https:\/\/www.leccecronaca.it\/wordpress\/wp-content\/uploads\/2023\/01\/PUCE.jpg\" alt=\"\" srcset=\"https:\/\/www.leccecronaca.it\/wordpress\/wp-content\/uploads\/2023\/01\/PUCE.jpg 263w, https:\/\/www.leccecronaca.it\/wordpress\/wp-content\/uploads\/2023\/01\/PUCE-150x150.jpg 150w, https:\/\/www.leccecronaca.it\/wordpress\/wp-content\/uploads\/2023\/01\/PUCE-60x60.jpg 60w\" sizes=\"(max-width: 263px) 100vw, 263px\" \/>di<strong> Raffaele Polo <\/strong>&nbsp;______<\/p>\n\n\n\n<p>Fuochi d&#8217;artificio e polveri nella mostra di Puce.<\/p>\n\n\n\n<p>Una particolare ricerca fotografica sui fuochi artificiali, visti per\u00f2 alla luce del giorno: si inaugura gioved\u00ec 2 febbraio, alle ore 17.30, presso il Museo Sigismondo Castromediano di Lecce, la mostra fotografica <em><strong>\u201cPrule\u201d<\/strong><\/em> di <strong>Raffaele Puce <\/strong>(nella foto).\u00a0 Nell\u2019occasione viene presentato anche il catalogo che raccoglie le fotografie esposte. La mostra sar\u00e0 visitabile fino a gioved\u00ec 2 marzo, nei giorni e negli orari di apertura del Museo, dalle 8.30 alle 20.00, ogni giorno, luned\u00ec esclusi.<\/p>\n\n\n\n<p>Raffaele Puce, sempre attento alle nuove sperimentazioni artistiche, dopo anni di studio e ricerca, torna con una mostra che si annuncia particolarmente interessante. \u201cPrule\u201d \u2013 nell\u2019idioma salentino significa \u201cpolvere\u201d, anche polvere da sparo \u2013 raccoglie una parte dell\u2019investigazione che il fotografo ha dedicato all\u2019arte pirotecnica, nello specifico alla tradizione dei fuochi d\u2019artificio di giorno. Attenzione, quella di Puce non \u00e8 per\u00f2 semplice documentazione, \u00e8 trasfigurazione e trasmutazione, perch\u00e9, come ha scritto Diane Arbus, ci sono cose che nessuno riesce a vedere prima che vengano fotografate. \u201cI fuochi di giorno di Raffaele Puce sono il gioco. Visioni, fantasie, memorie di polvere &#8230; Nuvole immaginarie dove ognuno vede quel che vuole, o quel che sogna. Senza inganno o menzogna, senza un\u2019unica, imperturbabile verit\u00e0\u201d, scrive&nbsp; nei testi del catalogo&nbsp; Anna Lucia Tempesta.<\/p>\n\n\n\n<p>E Marc Tibaldi aggiunge: \u201c\u2026spazio esterno e paesaggio interiore si sovrappongono. Tra terra e cielo. Tra realt\u00e0 e invenzione. Tra idea e materialit\u00e0 della vita. Dal cielo si ricade sempre sulla terra per misurarsi con il pericolo. L\u2019arte \u00e8 pericolosa. La fotografia di Raffaele \u00e8 una santabarbara. Foto-occhio. Scriveva Breton: &#8216;la bellezza sar\u00e0 convulsiva, esplosiva-fissa, magico-circostanziale, o non sar\u00e0&#8217; \u2026 Raffaele, cerca luci e crea mappe per mostrarci ci\u00f2 che non vediamo\u201d.<\/p>\n\n\n\n<p>Le foto di Puce \u2013 un\u2019ecologia dell\u2019immaginazione \u2013 riattivano la sensibilit\u00e0 dello sguardo assaltato dal frastuono e dal sovraccarico delle immagini televisive e degli smartphone che si perdono nelle memorie digitali. Una mostra esplosiva!<\/p>\n\n\n\n<p>Raffaele Puce, fotografo e artista visivo, svolge ricerche fotografiche con particolare attenzione alle musiche popolari e di ricerca e al rapporto tra beni culturali e territorio, collaborando con il Museo Castromediano di Lecce. Oltre a Prule, che presenta in questa mostra, ha pubblicato il catalogo Parazioni (Edizioni Aramir\u00e8). Laureato all&#8217;Accademia di Belle Arti, dopo aver vinto il Premio Nazionale Giovani Artisti \/ Biennale del Mediterraneo, ha partecipato a mostre collettive in Italia e all\u2019esterO.<\/p>\n\n\n\n<p>Un piacevole particolare: All\u2019inaugurazione si brinder\u00e0 con lo spumante Giort\u00ec e con il rosato Spinello dei Falconi, offerti dalla Cupertinum Antica Cantina del Salento 1935.<\/p>\n\n\n\n<p><img decoding=\"async\" loading=\"lazy\" width=\"1773\" height=\"1179\" class=\"wp-image-210737\" style=\"width: 11200px;\" src=\"https:\/\/www.leccecronaca.it\/wordpress\/wp-content\/uploads\/2023\/01\/03-ph-puce.jpg\" alt=\"\" srcset=\"https:\/\/www.leccecronaca.it\/wordpress\/wp-content\/uploads\/2023\/01\/03-ph-puce.jpg 1773w, https:\/\/www.leccecronaca.it\/wordpress\/wp-content\/uploads\/2023\/01\/03-ph-puce-300x199.jpg 300w, https:\/\/www.leccecronaca.it\/wordpress\/wp-content\/uploads\/2023\/01\/03-ph-puce-1024x681.jpg 1024w, https:\/\/www.leccecronaca.it\/wordpress\/wp-content\/uploads\/2023\/01\/03-ph-puce-768x511.jpg 768w, https:\/\/www.leccecronaca.it\/wordpress\/wp-content\/uploads\/2023\/01\/03-ph-puce-1536x1021.jpg 1536w\" sizes=\"(max-width: 1773px) 100vw, 1773px\" \/><\/p>\n<fb:like href='https:\/\/www.leccecronaca.it\/index.php\/2023\/01\/28\/mostra-fotografica-di-raffaele-puce\/' send='true' layout='button_count' show_faces='true' width='450' height='65' action='recommend' colorscheme='light' font='lucida grande'><\/fb:like><span class=\"fb_share\"><fb:like href=\"https:\/\/www.leccecronaca.it\/index.php\/2023\/01\/28\/mostra-fotografica-di-raffaele-puce\/\" layout=\"button_count\"><\/fb:like><\/span>","protected":false},"excerpt":{"rendered":"<p>di Raffaele Polo &nbsp;______ Fuochi d&#8217;artificio e polveri nella mostra di Puce. Una particolare ricerca fotografica sui fuochi artificiali, visti per\u00f2 alla luce del giorno: si inaugura gioved\u00ec 2 febbraio, alle ore 17.30, presso il Museo Sigismondo Castromediano di Lecce, la mostra fotografica \u201cPrule\u201d di Raffaele Puce (nella foto).\u00a0 Nell\u2019occasione viene presentato anche il catalogo [&hellip;]<\/p>\n","protected":false},"author":4,"featured_media":210738,"comment_status":"open","ping_status":"closed","sticky":false,"template":"","format":"standard","meta":[],"categories":[1],"tags":[],"_links":{"self":[{"href":"https:\/\/www.leccecronaca.it\/index.php\/wp-json\/wp\/v2\/posts\/210736"}],"collection":[{"href":"https:\/\/www.leccecronaca.it\/index.php\/wp-json\/wp\/v2\/posts"}],"about":[{"href":"https:\/\/www.leccecronaca.it\/index.php\/wp-json\/wp\/v2\/types\/post"}],"author":[{"embeddable":true,"href":"https:\/\/www.leccecronaca.it\/index.php\/wp-json\/wp\/v2\/users\/4"}],"replies":[{"embeddable":true,"href":"https:\/\/www.leccecronaca.it\/index.php\/wp-json\/wp\/v2\/comments?post=210736"}],"version-history":[{"count":2,"href":"https:\/\/www.leccecronaca.it\/index.php\/wp-json\/wp\/v2\/posts\/210736\/revisions"}],"predecessor-version":[{"id":210740,"href":"https:\/\/www.leccecronaca.it\/index.php\/wp-json\/wp\/v2\/posts\/210736\/revisions\/210740"}],"wp:featuredmedia":[{"embeddable":true,"href":"https:\/\/www.leccecronaca.it\/index.php\/wp-json\/wp\/v2\/media\/210738"}],"wp:attachment":[{"href":"https:\/\/www.leccecronaca.it\/index.php\/wp-json\/wp\/v2\/media?parent=210736"}],"wp:term":[{"taxonomy":"category","embeddable":true,"href":"https:\/\/www.leccecronaca.it\/index.php\/wp-json\/wp\/v2\/categories?post=210736"},{"taxonomy":"post_tag","embeddable":true,"href":"https:\/\/www.leccecronaca.it\/index.php\/wp-json\/wp\/v2\/tags?post=210736"}],"curies":[{"name":"wp","href":"https:\/\/api.w.org\/{rel}","templated":true}]}}