{"id":210801,"date":"2023-01-28T12:48:03","date_gmt":"2023-01-28T11:48:03","guid":{"rendered":"http:\/\/www.leccecronaca.it\/?p=210801"},"modified":"2023-01-28T18:00:49","modified_gmt":"2023-01-28T17:00:49","slug":"il-post-partita-di-lecce-salernitana","status":"publish","type":"post","link":"https:\/\/www.leccecronaca.it\/index.php\/2023\/01\/28\/il-post-partita-di-lecce-salernitana\/","title":{"rendered":"IL POST PARTITA DI LECCE-SALERNITANA"},"content":{"rendered":"\n<p><strong>(m.a.) ______<\/strong><\/p>\n\n\n\n<p>Di seguito  tutti i commenti del post partita di <strong>Lecce-Salernitana<\/strong>:<\/p>\n\n\n\n<figure class=\"wp-block-image size-large\"><img decoding=\"async\" loading=\"lazy\" width=\"768\" height=\"1024\" src=\"https:\/\/www.leccecronaca.it\/wordpress\/wp-content\/uploads\/2022\/12\/baroni-567-768x1024.jpg\" alt=\"\" class=\"wp-image-209248\" srcset=\"https:\/\/www.leccecronaca.it\/wordpress\/wp-content\/uploads\/2022\/12\/baroni-567-768x1024.jpg 768w, https:\/\/www.leccecronaca.it\/wordpress\/wp-content\/uploads\/2022\/12\/baroni-567-225x300.jpg 225w, https:\/\/www.leccecronaca.it\/wordpress\/wp-content\/uploads\/2022\/12\/baroni-567-1152x1536.jpg 1152w, https:\/\/www.leccecronaca.it\/wordpress\/wp-content\/uploads\/2022\/12\/baroni-567.jpg 1536w\" sizes=\"(max-width: 768px) 100vw, 768px\" \/><\/figure>\n\n\n\n<p><\/p>\n\n\n\n<p><strong>MARCO BARONI <\/strong>(allenatore del Lecce, nella foto): <em>&#8220;Abbiamo sporcato  la prestazione con due ingenuit\u00e0 che ci hanno fatto subire  due gol. Poi i ragazzi sono stati bravi a  mantenere l&#8217;equilibrio, abbiamo accorciato le distanze e avuto alcuni episodi importanti. Pi\u00f9 passava il tempo e pi\u00f9 i nostri avversari sono stati bravi. Noi non abbiamo fatto girare velocemente il pallone, queste sono partite dove occorre la giocata del singolo. Non sono contento per i due gol presi, questa partita ci servir\u00e0 da lezione. <\/em><\/p>\n\n\n\n<p><em>Flessioni dal punto di vista mentale? Non ho avuto questa percezione negli allenamenti, la squadra lavora tanto. Non possiamo per\u00f2 pensare che ragazzi giovani facciano trentotto partite ad alti livelli, non \u00e8 possibile ci\u00f2. C&#8217;\u00e8 rammarico, erano due gare alla nostra portata. Si pu\u00f2 prendere gol ma non in quel modo. I subentrati sono entrati in un momento complicato del match, non era facile giocare contro una squadra che si posiziona davanti all&#8217;area di rigore. <\/em><\/p>\n\n\n\n<p><em>Di Francesco? Non \u00e8 stato benissimo questa settimana e volevo dare un&#8217;opportunit\u00e0 dall&#8217;inizio a Oudin. Federico \u00e8  poi entrato bene. Qualcuno non ha giocato perch\u00e9 ho riscontrato un momento di appannamento. Due punte? A me non piace fare qualcosa su cui non lavoriamo. Giochiamo con il 4-3-3 e le soluzioni le troviamo sul 4-3-3. Colombo per me oggi non ha fatto male. Ceesay, invece, in queste partite pu\u00f2 avere difficolt\u00e0 perch\u00e9 necessita di spazi. Troppi complimenti? Noi lavoriamo con equilibrio&#8221;. <\/em><\/p>\n\n\n\n<p><\/p>\n\n\n\n<p><\/p>\n\n\n\n<p><\/p>\n\n\n\n<figure class=\"wp-block-image size-full\"><img decoding=\"async\" loading=\"lazy\" width=\"800\" height=\"551\" src=\"https:\/\/www.leccecronaca.it\/wordpress\/wp-content\/uploads\/2022\/07\/falcone-44.jpg\" alt=\"\" class=\"wp-image-202600\" srcset=\"https:\/\/www.leccecronaca.it\/wordpress\/wp-content\/uploads\/2022\/07\/falcone-44.jpg 800w, https:\/\/www.leccecronaca.it\/wordpress\/wp-content\/uploads\/2022\/07\/falcone-44-300x207.jpg 300w, https:\/\/www.leccecronaca.it\/wordpress\/wp-content\/uploads\/2022\/07\/falcone-44-768x529.jpg 768w\" sizes=\"(max-width: 800px) 100vw, 800px\" \/><\/figure>\n\n\n\n<p><\/p>\n\n\n\n<p><strong>WLADIMIRO FALCONE<\/strong> (portiere del Lecce, nella foto): <em>&#8220;I gol arrivano da due nostri errori. In A non puoi commettere certe ingenuit\u00e0 perch\u00e9 poi il gol lo prendi. In queste partite abbiamo preso pochi gol ma i nostri avversari hanno cocretizzato al meglio le opportunit\u00e0 avute. E&#8217; un momento un po&#8217; cosi e dobbiamo essere bravi a non concedere&#8221;<\/em>.<\/p>\n\n\n\n<p><\/p>\n\n\n\n<p><\/p>\n\n\n\n<p><\/p>\n\n\n\n<figure class=\"wp-block-image size-full\"><img decoding=\"async\" loading=\"lazy\" width=\"700\" height=\"700\" src=\"https:\/\/www.leccecronaca.it\/wordpress\/wp-content\/uploads\/2021\/04\/liguori.jpg\" alt=\"\" class=\"wp-image-181231\" srcset=\"https:\/\/www.leccecronaca.it\/wordpress\/wp-content\/uploads\/2021\/04\/liguori.jpg 700w, https:\/\/www.leccecronaca.it\/wordpress\/wp-content\/uploads\/2021\/04\/liguori-300x300.jpg 300w, https:\/\/www.leccecronaca.it\/wordpress\/wp-content\/uploads\/2021\/04\/liguori-150x150.jpg 150w, https:\/\/www.leccecronaca.it\/wordpress\/wp-content\/uploads\/2021\/04\/liguori-60x60.jpg 60w\" sizes=\"(max-width: 700px) 100vw, 700px\" \/><\/figure>\n\n\n\n<p><\/p>\n\n\n\n<p><strong>CORRADO LIGUORI<\/strong> (vicepresidente del Lecce, nella foto). Il vicepresidente giallorosso ha commentato su Facebook la partita dei salentini contro la Salernitana. Di seguito le sue parole: <em>&#8220;Peccato per la partenza con handicap dei due goal , la squadra ha reagito facendo la prestazione. La serie A \u00e8 questa, invertiremo presto la rotta o meglio riprenderemo presto il nostro cammino. Sono molto fiducioso nonostante queste due battute d\u2019arresto&#8221;.<\/em><\/p>\n\n\n\n<p>AGGIORNAMENTO ORE 17:50:Il centrocampista  giallorosso  Youssef Maleh, uscito malconcio dalla gara con la Salernitana, ha effettuato questo pomeriggio alcuni esami strumentali, il cui esito e stato comunicato poco fa dai salentini: \u201dIl calciatore Youssef Maleh ha effettuato una risonanza magnetica, presso lo Studio Radiologico &#8220;Quarta Colosso &#8221; di Lecce, che ha evidenziato un forte trauma distorsivo alla caviglia sinistra con ematoma\u201d.<\/p>\n\n\n\n<p><\/p>\n\n\n\n<figure class=\"wp-block-image size-full\"><img decoding=\"async\" loading=\"lazy\" width=\"811\" height=\"540\" src=\"https:\/\/www.leccecronaca.it\/wordpress\/wp-content\/uploads\/2023\/01\/nicola.jpg\" alt=\"\" class=\"wp-image-210802\" srcset=\"https:\/\/www.leccecronaca.it\/wordpress\/wp-content\/uploads\/2023\/01\/nicola.jpg 811w, https:\/\/www.leccecronaca.it\/wordpress\/wp-content\/uploads\/2023\/01\/nicola-300x200.jpg 300w, https:\/\/www.leccecronaca.it\/wordpress\/wp-content\/uploads\/2023\/01\/nicola-768x511.jpg 768w\" sizes=\"(max-width: 811px) 100vw, 811px\" \/><\/figure>\n\n\n\n<p><\/p>\n\n\n\n<p><strong>DAVIDE NICOLA<\/strong> (allenatore della Salernitana, nella foto): <em>&#8220;Abbiamo incontrato una nostra rivale per la salvezza, possiamo essere competitivi contro squadre cos\u00ec. Prima di oggi avevamo incontrato squadre molto qualitativamente ed era complicato essere competitivi. Ho trovato la squadra pronta. Era partita che volevamo vincere, anche per rimediare al match dell&#8217;andata dove loro avevano vinto e forse era pi\u00f9 giusto un pareggio. Dobbiamo lavorare per  integrare i nuovi. Sono soddisfatto perch\u00e9 alcuni stanno crescendo e si stanno integrando rapidamente. <\/em><\/p>\n\n\n\n<p><em>Non sono arrabbiato per l&#8217;esonero (poi revocato), il presidente ha  dimostrato una  qualit\u00e0 non comune e ha voluto avere ancora fiducia. Io non faccio miracoli, lavoro sempre con molto entusiasmo&#8221;.<\/em> ______<\/p>\n\n\n\n<p>LA RICERCA nel nostro articolo di ieri<\/p>\n\n\n\n<p><blockquote class=\"wp-embedded-content\" data-secret=\"HnvzPHo612\"><a href=\"https:\/\/www.leccecronaca.it\/index.php\/2023\/01\/27\/il-lecce-perde-una-partita-che-non-doveva-perdere\/\">IL LECCE PERDE UNA PARTITA CHE NON DOVEVA PERDERE<\/a><\/blockquote><iframe class=\"wp-embedded-content\" sandbox=\"allow-scripts\" security=\"restricted\" style=\"position: absolute; clip: rect(1px, 1px, 1px, 1px);\" title=\"&#8220;IL LECCE PERDE UNA PARTITA CHE NON DOVEVA PERDERE&#8221; &#8212; LecceCronaca.it\" src=\"https:\/\/www.leccecronaca.it\/index.php\/2023\/01\/27\/il-lecce-perde-una-partita-che-non-doveva-perdere\/embed\/#?secret=PxNY9XXlk6#?secret=HnvzPHo612\" data-secret=\"HnvzPHo612\" width=\"500\" height=\"282\" frameborder=\"0\" marginwidth=\"0\" marginheight=\"0\" scrolling=\"no\"><\/iframe><\/p>\n\n\n\n<p><\/p>\n<fb:like href='https:\/\/www.leccecronaca.it\/index.php\/2023\/01\/28\/il-post-partita-di-lecce-salernitana\/' send='true' layout='button_count' show_faces='true' width='450' height='65' action='recommend' colorscheme='light' font='lucida grande'><\/fb:like><span class=\"fb_share\"><fb:like href=\"https:\/\/www.leccecronaca.it\/index.php\/2023\/01\/28\/il-post-partita-di-lecce-salernitana\/\" layout=\"button_count\"><\/fb:like><\/span>","protected":false},"excerpt":{"rendered":"<p>(m.a.) ______ Di seguito tutti i commenti del post partita di Lecce-Salernitana: MARCO BARONI (allenatore del Lecce, nella foto): &#8220;Abbiamo sporcato la prestazione con due ingenuit\u00e0 che ci hanno fatto subire due gol. Poi i ragazzi sono stati bravi a mantenere l&#8217;equilibrio, abbiamo accorciato le distanze e avuto alcuni episodi importanti. Pi\u00f9 passava il tempo [&hellip;]<\/p>\n","protected":false},"author":4,"featured_media":203025,"comment_status":"open","ping_status":"closed","sticky":false,"template":"","format":"standard","meta":[],"categories":[28],"tags":[],"_links":{"self":[{"href":"https:\/\/www.leccecronaca.it\/index.php\/wp-json\/wp\/v2\/posts\/210801"}],"collection":[{"href":"https:\/\/www.leccecronaca.it\/index.php\/wp-json\/wp\/v2\/posts"}],"about":[{"href":"https:\/\/www.leccecronaca.it\/index.php\/wp-json\/wp\/v2\/types\/post"}],"author":[{"embeddable":true,"href":"https:\/\/www.leccecronaca.it\/index.php\/wp-json\/wp\/v2\/users\/4"}],"replies":[{"embeddable":true,"href":"https:\/\/www.leccecronaca.it\/index.php\/wp-json\/wp\/v2\/comments?post=210801"}],"version-history":[{"count":4,"href":"https:\/\/www.leccecronaca.it\/index.php\/wp-json\/wp\/v2\/posts\/210801\/revisions"}],"predecessor-version":[{"id":210845,"href":"https:\/\/www.leccecronaca.it\/index.php\/wp-json\/wp\/v2\/posts\/210801\/revisions\/210845"}],"wp:featuredmedia":[{"embeddable":true,"href":"https:\/\/www.leccecronaca.it\/index.php\/wp-json\/wp\/v2\/media\/203025"}],"wp:attachment":[{"href":"https:\/\/www.leccecronaca.it\/index.php\/wp-json\/wp\/v2\/media?parent=210801"}],"wp:term":[{"taxonomy":"category","embeddable":true,"href":"https:\/\/www.leccecronaca.it\/index.php\/wp-json\/wp\/v2\/categories?post=210801"},{"taxonomy":"post_tag","embeddable":true,"href":"https:\/\/www.leccecronaca.it\/index.php\/wp-json\/wp\/v2\/tags?post=210801"}],"curies":[{"name":"wp","href":"https:\/\/api.w.org\/{rel}","templated":true}]}}