{"id":210962,"date":"2023-02-01T00:02:00","date_gmt":"2023-01-31T23:02:00","guid":{"rendered":"http:\/\/www.leccecronaca.it\/?p=210962"},"modified":"2023-01-31T16:00:39","modified_gmt":"2023-01-31T15:00:39","slug":"vincenzo-corraro-a-lecce-venerdi-3","status":"publish","type":"post","link":"https:\/\/www.leccecronaca.it\/index.php\/2023\/02\/01\/vincenzo-corraro-a-lecce-venerdi-3\/","title":{"rendered":"VINCENZO CORRARO A LECCE VENERDI&#8217; 3"},"content":{"rendered":"\n<p><img decoding=\"async\" loading=\"lazy\" width=\"879\" height=\"1024\" class=\"wp-image-210963\" style=\"width: 800px;\" src=\"https:\/\/www.leccecronaca.it\/wordpress\/wp-content\/uploads\/2023\/01\/vincenzo-corraro.jpg\" alt=\"\" srcset=\"https:\/\/www.leccecronaca.it\/wordpress\/wp-content\/uploads\/2023\/01\/vincenzo-corraro.jpg 879w, https:\/\/www.leccecronaca.it\/wordpress\/wp-content\/uploads\/2023\/01\/vincenzo-corraro-258x300.jpg 258w, https:\/\/www.leccecronaca.it\/wordpress\/wp-content\/uploads\/2023\/01\/vincenzo-corraro-768x895.jpg 768w\" sizes=\"(max-width: 879px) 100vw, 879px\" \/><\/p>\n\n\n\n<p>di <strong>Raffaele Polo <\/strong>______\u00a0<\/p>\n\n\n\n<p><strong>Vincenzo Corraro<\/strong> (nella foto), autore de <em><strong>&#8220;Il tempo nascosto tra le viole&#8221;<\/strong><\/em> per Besa Muci, collana &#8220;Nadir&#8221; (192 pagine, 16 euro), presenta il suo romanzo alla Libreria Palmieri, in via Salvatore Trinchese, 62 a Lecce. L&#8217;appuntamento \u00e8 alle 18.00 di venerd\u00ec 3 febbraio.<\/p>\n\n\n\n<p>Dialogher\u00e0 con l&#8217;autore, Emanuela Chiriac\u00f2, scrittrice e traduttrice.<\/p>\n\n\n\n<p>&#8220;Il tempo nascosto tra le viole&#8221; \u00e8 un&#8217;epopea familiare lucana. Cosimo Ricciardi, giovane spigoloso e solitario, vive insieme alla madre Piera. Chiuso in s\u00e9 stesso e a ogni forma di rapporto sociale, ha trovato la sua dimensione nel lavoro, l\u2019azienda agricola di famiglia, e nel pianoforte, sua unica passione. La vita di Cosimo \u00e8 travolta dalla relazione con la maestra Livia, vulcanica e dominante. I due vivranno una relazione difficile, avversata dalle titubanze del giovane, dall&#8217;ostilit\u00e0 della madre e dagli assalti al patrimonio familiare da parte di un rapace imprenditore senza scrupoli.<\/p>\n\n\n\n<p>Vincenzo Corraro vive in Basilicata, sui monti del Pollino, dov\u2019\u00e8 nato nel 1974. <\/p>\n\n\n\n<p>In questoromanzo avvincente\u00a0 racconta storie di vita, di distruzione e di rivalsa:\u00a0 i personaggi vengono messi a nudo dalla forza erosiva dei sentimenti e dal gioco ineluttabile che si scatena quando mondi, fra loro assai lontani, improvvisamente si incontrano.<\/p>\n\n\n\n<p><img decoding=\"async\" loading=\"lazy\" width=\"1000\" height=\"1606\" class=\"wp-image-210964\" style=\"width: 800px;\" src=\"https:\/\/www.leccecronaca.it\/wordpress\/wp-content\/uploads\/2023\/01\/il-tempo-nascosto-tra-le-viole-vincenzo-corraro-besamuci-nadir5062.jpg\" alt=\"\" srcset=\"https:\/\/www.leccecronaca.it\/wordpress\/wp-content\/uploads\/2023\/01\/il-tempo-nascosto-tra-le-viole-vincenzo-corraro-besamuci-nadir5062.jpg 1000w, https:\/\/www.leccecronaca.it\/wordpress\/wp-content\/uploads\/2023\/01\/il-tempo-nascosto-tra-le-viole-vincenzo-corraro-besamuci-nadir5062-187x300.jpg 187w, https:\/\/www.leccecronaca.it\/wordpress\/wp-content\/uploads\/2023\/01\/il-tempo-nascosto-tra-le-viole-vincenzo-corraro-besamuci-nadir5062-638x1024.jpg 638w, https:\/\/www.leccecronaca.it\/wordpress\/wp-content\/uploads\/2023\/01\/il-tempo-nascosto-tra-le-viole-vincenzo-corraro-besamuci-nadir5062-768x1233.jpg 768w, https:\/\/www.leccecronaca.it\/wordpress\/wp-content\/uploads\/2023\/01\/il-tempo-nascosto-tra-le-viole-vincenzo-corraro-besamuci-nadir5062-956x1536.jpg 956w\" sizes=\"(max-width: 1000px) 100vw, 1000px\" \/><\/p>\n<fb:like href='https:\/\/www.leccecronaca.it\/index.php\/2023\/02\/01\/vincenzo-corraro-a-lecce-venerdi-3\/' send='true' layout='button_count' show_faces='true' width='450' height='65' action='recommend' colorscheme='light' font='lucida grande'><\/fb:like><span class=\"fb_share\"><fb:like href=\"https:\/\/www.leccecronaca.it\/index.php\/2023\/02\/01\/vincenzo-corraro-a-lecce-venerdi-3\/\" layout=\"button_count\"><\/fb:like><\/span>","protected":false},"excerpt":{"rendered":"<p>di Raffaele Polo ______\u00a0 Vincenzo Corraro (nella foto), autore de &#8220;Il tempo nascosto tra le viole&#8221; per Besa Muci, collana &#8220;Nadir&#8221; (192 pagine, 16 euro), presenta il suo romanzo alla Libreria Palmieri, in via Salvatore Trinchese, 62 a Lecce. L&#8217;appuntamento \u00e8 alle 18.00 di venerd\u00ec 3 febbraio. Dialogher\u00e0 con l&#8217;autore, Emanuela Chiriac\u00f2, scrittrice e traduttrice. [&hellip;]<\/p>\n","protected":false},"author":4,"featured_media":210963,"comment_status":"open","ping_status":"closed","sticky":false,"template":"","format":"standard","meta":[],"categories":[31,75,57],"tags":[],"_links":{"self":[{"href":"https:\/\/www.leccecronaca.it\/index.php\/wp-json\/wp\/v2\/posts\/210962"}],"collection":[{"href":"https:\/\/www.leccecronaca.it\/index.php\/wp-json\/wp\/v2\/posts"}],"about":[{"href":"https:\/\/www.leccecronaca.it\/index.php\/wp-json\/wp\/v2\/types\/post"}],"author":[{"embeddable":true,"href":"https:\/\/www.leccecronaca.it\/index.php\/wp-json\/wp\/v2\/users\/4"}],"replies":[{"embeddable":true,"href":"https:\/\/www.leccecronaca.it\/index.php\/wp-json\/wp\/v2\/comments?post=210962"}],"version-history":[{"count":1,"href":"https:\/\/www.leccecronaca.it\/index.php\/wp-json\/wp\/v2\/posts\/210962\/revisions"}],"predecessor-version":[{"id":210965,"href":"https:\/\/www.leccecronaca.it\/index.php\/wp-json\/wp\/v2\/posts\/210962\/revisions\/210965"}],"wp:featuredmedia":[{"embeddable":true,"href":"https:\/\/www.leccecronaca.it\/index.php\/wp-json\/wp\/v2\/media\/210963"}],"wp:attachment":[{"href":"https:\/\/www.leccecronaca.it\/index.php\/wp-json\/wp\/v2\/media?parent=210962"}],"wp:term":[{"taxonomy":"category","embeddable":true,"href":"https:\/\/www.leccecronaca.it\/index.php\/wp-json\/wp\/v2\/categories?post=210962"},{"taxonomy":"post_tag","embeddable":true,"href":"https:\/\/www.leccecronaca.it\/index.php\/wp-json\/wp\/v2\/tags?post=210962"}],"curies":[{"name":"wp","href":"https:\/\/api.w.org\/{rel}","templated":true}]}}