{"id":210967,"date":"2023-01-31T17:15:26","date_gmt":"2023-01-31T16:15:26","guid":{"rendered":"http:\/\/www.leccecronaca.it\/?p=210967"},"modified":"2023-01-31T17:26:04","modified_gmt":"2023-01-31T16:26:04","slug":"che-te-lo-dico-a-fare","status":"publish","type":"post","link":"https:\/\/www.leccecronaca.it\/index.php\/2023\/01\/31\/che-te-lo-dico-a-fare\/","title":{"rendered":"CHE TE LO DICO A FARE?"},"content":{"rendered":"\n<p><img decoding=\"async\" loading=\"lazy\" width=\"2560\" height=\"1920\" class=\"wp-image-210973\" style=\"width: 800px;\" src=\"https:\/\/www.leccecronaca.it\/wordpress\/wp-content\/uploads\/2023\/01\/1675163746590-scaled.jpg\" alt=\"\" srcset=\"https:\/\/www.leccecronaca.it\/wordpress\/wp-content\/uploads\/2023\/01\/1675163746590-scaled.jpg 2560w, https:\/\/www.leccecronaca.it\/wordpress\/wp-content\/uploads\/2023\/01\/1675163746590-scaled-300x225.jpg 300w, https:\/\/www.leccecronaca.it\/wordpress\/wp-content\/uploads\/2023\/01\/1675163746590-scaled-1024x768.jpg 1024w, https:\/\/www.leccecronaca.it\/wordpress\/wp-content\/uploads\/2023\/01\/1675163746590-scaled-768x576.jpg 768w, https:\/\/www.leccecronaca.it\/wordpress\/wp-content\/uploads\/2023\/01\/1675163746590-scaled-1536x1152.jpg 1536w, https:\/\/www.leccecronaca.it\/wordpress\/wp-content\/uploads\/2023\/01\/1675163746590-scaled-2048x1536.jpg 2048w, https:\/\/www.leccecronaca.it\/wordpress\/wp-content\/uploads\/2023\/01\/1675163746590-scaled-400x300.jpg 400w\" sizes=\"(max-width: 2560px) 100vw, 2560px\" \/><\/p>\n\n\n\n<p>Riceviamo e volentieri pubblichiamo. Un lettore tramite mail ci manda la foto qui sopra riprodotta, scattata, in maniera tale da non rendere visibili le targhe, in quanto ci\u00f2 arebbe stato contrario alla legge, oggi, marted\u00ec 31 gennaio 2023, alle 12.15, a Lecce, in piazza Duomo, dove sono ricominciati &#8211; in realt\u00e0 non sono mai finiti &#8211; i parcheggi,e quindi i transiti, in entrata e in uscita, dei privilegiati. A mezzogiorno di oggi erano &#8216;solo&#8217; in cinque&#8230;<\/p>\n\n\n\n<p>(g.p.) ______ Che te lo dico a fare, caro lettore? I privilegi ingiustificati sono duri da abbattere, specie qui al Sud del Sud dei Santi. Ci avevamo provato, le scorse settimane, nel nostro piccolo, a documentare, a chiedere, a cercare di capire. E niente, fatica vana, si vede.  Per\u00f2 non ci arrendiamo. Grazie e continuiamo. Prima o poi qualcuno ci spiegher\u00e0per qualemotivo solo alcuni possono parcheggiare in piazza Duomo, e tutti gli altri no, oppure mander\u00e0 Polizia Municipale e carro attrezzi a sanzionare gli impuniti. \u00a0______\u00a0<\/p>\n\n\n\n<p>LA RICERCA nei nostri articoli del28 dicenbre e del2 gennaio scorsi<\/p>\n\n\n\n<p><blockquote class=\"wp-embedded-content\" data-secret=\"kKJUDvpmlk\"><a href=\"https:\/\/www.leccecronaca.it\/index.php\/2022\/12\/28\/ma-chi-e-che-parcheggia-in-piazza-duomo\/\">MA CHI E&#8217; CHE PARCHEGGIA IN PIAZZA DUOMO?!?<\/a><\/blockquote><iframe class=\"wp-embedded-content\" sandbox=\"allow-scripts\" security=\"restricted\" style=\"position: absolute; clip: rect(1px, 1px, 1px, 1px);\" title=\"&#8220;MA CHI E&#8217; CHE PARCHEGGIA IN PIAZZA DUOMO?!?&#8221; &#8212; LecceCronaca.it\" src=\"https:\/\/www.leccecronaca.it\/index.php\/2022\/12\/28\/ma-chi-e-che-parcheggia-in-piazza-duomo\/embed\/#?secret=lDRQRfu1kY#?secret=kKJUDvpmlk\" data-secret=\"kKJUDvpmlk\" width=\"500\" height=\"282\" frameborder=\"0\" marginwidth=\"0\" marginheight=\"0\" scrolling=\"no\"><\/iframe><\/p>\n\n\n\n<p><blockquote class=\"wp-embedded-content\" data-secret=\"Jng8qV2c2Y\"><a href=\"https:\/\/www.leccecronaca.it\/index.php\/2023\/01\/02\/ma-chi-e-che-continua-a-parcheggiare-in-piazza-duomo-kitty-rizzelli-non-demorde\/\">MA CHI E\u2019 CHE CONTINUA A PARCHEGGIARE IN PIAZZA DUOMO?!? KITTY RIZZELLI NON DEMORDE<\/a><\/blockquote><iframe class=\"wp-embedded-content\" sandbox=\"allow-scripts\" security=\"restricted\" style=\"position: absolute; clip: rect(1px, 1px, 1px, 1px);\" title=\"&#8220;MA CHI E\u2019 CHE CONTINUA A PARCHEGGIARE IN PIAZZA DUOMO?!? KITTY RIZZELLI NON DEMORDE&#8221; &#8212; LecceCronaca.it\" src=\"https:\/\/www.leccecronaca.it\/index.php\/2023\/01\/02\/ma-chi-e-che-continua-a-parcheggiare-in-piazza-duomo-kitty-rizzelli-non-demorde\/embed\/#?secret=EibmoZoPpE#?secret=Jng8qV2c2Y\" data-secret=\"Jng8qV2c2Y\" width=\"500\" height=\"282\" frameborder=\"0\" marginwidth=\"0\" marginheight=\"0\" scrolling=\"no\"><\/iframe><\/p>\n<fb:like href='https:\/\/www.leccecronaca.it\/index.php\/2023\/01\/31\/che-te-lo-dico-a-fare\/' send='true' layout='button_count' show_faces='true' width='450' height='65' action='recommend' colorscheme='light' font='lucida grande'><\/fb:like><span class=\"fb_share\"><fb:like href=\"https:\/\/www.leccecronaca.it\/index.php\/2023\/01\/31\/che-te-lo-dico-a-fare\/\" layout=\"button_count\"><\/fb:like><\/span>","protected":false},"excerpt":{"rendered":"<p>Riceviamo e volentieri pubblichiamo. Un lettore tramite mail ci manda la foto qui sopra riprodotta, scattata, in maniera tale da non rendere visibili le targhe, in quanto ci\u00f2 arebbe stato contrario alla legge, oggi, marted\u00ec 31 gennaio 2023, alle 12.15, a Lecce, in piazza Duomo, dove sono ricominciati &#8211; in realt\u00e0 non sono mai finiti [&hellip;]<\/p>\n","protected":false},"author":4,"featured_media":210973,"comment_status":"open","ping_status":"closed","sticky":false,"template":"","format":"standard","meta":[],"categories":[69,36],"tags":[],"_links":{"self":[{"href":"https:\/\/www.leccecronaca.it\/index.php\/wp-json\/wp\/v2\/posts\/210967"}],"collection":[{"href":"https:\/\/www.leccecronaca.it\/index.php\/wp-json\/wp\/v2\/posts"}],"about":[{"href":"https:\/\/www.leccecronaca.it\/index.php\/wp-json\/wp\/v2\/types\/post"}],"author":[{"embeddable":true,"href":"https:\/\/www.leccecronaca.it\/index.php\/wp-json\/wp\/v2\/users\/4"}],"replies":[{"embeddable":true,"href":"https:\/\/www.leccecronaca.it\/index.php\/wp-json\/wp\/v2\/comments?post=210967"}],"version-history":[{"count":5,"href":"https:\/\/www.leccecronaca.it\/index.php\/wp-json\/wp\/v2\/posts\/210967\/revisions"}],"predecessor-version":[{"id":210979,"href":"https:\/\/www.leccecronaca.it\/index.php\/wp-json\/wp\/v2\/posts\/210967\/revisions\/210979"}],"wp:featuredmedia":[{"embeddable":true,"href":"https:\/\/www.leccecronaca.it\/index.php\/wp-json\/wp\/v2\/media\/210973"}],"wp:attachment":[{"href":"https:\/\/www.leccecronaca.it\/index.php\/wp-json\/wp\/v2\/media?parent=210967"}],"wp:term":[{"taxonomy":"category","embeddable":true,"href":"https:\/\/www.leccecronaca.it\/index.php\/wp-json\/wp\/v2\/categories?post=210967"},{"taxonomy":"post_tag","embeddable":true,"href":"https:\/\/www.leccecronaca.it\/index.php\/wp-json\/wp\/v2\/tags?post=210967"}],"curies":[{"name":"wp","href":"https:\/\/api.w.org\/{rel}","templated":true}]}}