{"id":210971,"date":"2023-01-31T19:35:00","date_gmt":"2023-01-31T18:35:00","guid":{"rendered":"http:\/\/www.leccecronaca.it\/?p=210971"},"modified":"2023-02-09T18:50:51","modified_gmt":"2023-02-09T17:50:51","slug":"ai-lettori-di-leccecronaca-it-sul-processo-tap","status":"publish","type":"post","link":"https:\/\/www.leccecronaca.it\/index.php\/2023\/01\/31\/ai-lettori-di-leccecronaca-it-sul-processo-tap\/","title":{"rendered":"AI LETTORI DI leccecronaca.it SUL PROCESSO TAP"},"content":{"rendered":"\n<p><img decoding=\"async\" loading=\"lazy\" width=\"183\" height=\"275\" class=\"wp-image-210989\" style=\"width: 800px;\" src=\"https:\/\/www.leccecronaca.it\/wordpress\/wp-content\/uploads\/2023\/01\/download-13.jpg\" alt=\"\"><\/p>\n\n\n\n<p>di<strong> Giuseppe Puppo<\/strong> &nbsp;______<\/p>\n\n\n\n<p>Mi corre l&#8217;obbligo di relazionare ai nostri lettori, che so da sempre particolarmente interesssati alla questione del gasdotto, riguardo al processo in corso di svolgimento a carico dei vertici Tap, in particolare sull&#8217;ultima udienza, di gioved\u00ec scorso 26 gennaio.<\/p>\n\n\n\n<p>In pratica, dopo due anni e mezzo di rinvii e schermaglie procedurali, \u00e8 stata la prima nel merito, di sostanza, il vero e proprio avvio del processo.<\/p>\n\n\n\n<p>Ne avevamo dato conto lacunosamente in serata del giorno stesso, ma pi\u00f9 di riferire come fatto sull&#8217;audizione di tre testi chiamati a deporre dall&#8217;accusa, senza poter entrare nello specifico, di quanto essi hanno dichiarato, non abbiamo potuto, non essendo presenti fisicamente in aula, ed essendo stata la diffusione audio dell&#8217;udienza, predisposta dal Movimento No Tap tramite web, impedita, su richiesta degli avvocati della Tap.<\/p>\n\n\n\n<p>Comunque sia, siamo stati frammentari e lacunosi.<\/p>\n\n\n\n<p>Per questo motivo, il giorno dopo sono andato personalmente nei competenti uffici del Tribunale (nella foto)&nbsp;e ho presentato un&#8217;istanza per poter accedere agli atti, vale a dire ho richiesto di poter esaminare le trascrizioni fatte di quanto detto in aula il giorno prima, per poterne riferire sul giornale in maniera compiuta e, soprattutto, precisa.<\/p>\n\n\n\n<p>Oggi mi \u00e8 arrivata la risposta. La mia richiesta \u00e8 stata rigettata, cio\u00e8 non \u00e8 stata accolta, e mi \u00e8 stato spiegato il motivo.<\/p>\n\n\n\n<p>Infatti, come mi hanno scritto dal Tribunale, <em>ai sensi dell&#8217;articolo 24 legge 241\/1990, l&#8217;accesso agli atti va negato quando essi riguardino la riservatezza di persone giuridiche, gruppi, imprese e associazioni, come nel caso di specie, in un processo in corso di istruttoria con necessit\u00e0 di assicurare il diritto di acquisizione giuridica della prova<\/em> aggiungendo poi<em>  fermo restando il diritto del giornalista di presenziare all&#8217;udienza pubblica dove potr\u00e0 attingere alle informazioni necessarie per la redazione degli articoli che intender\u00e0 scrivere garantendo il dirittto<\/em> <em>di informazione<\/em>.<\/p>\n\n\n\n<p>E va bene cos\u00ec, io non ho la capacit\u00e0 e non ho la voglia di replicare, accetto serenamente quanto deciso sulla mia istanza con le motivazioni fornitemi e anzi ringrazio giudici e funzionari che la hanno gentilmente presa in esame e mi hanno dettagliatamente risposto.<\/p>\n\n\n\n<p>Per i lettori di leccecronaca.it aggiungo per\u00f2 alcune brevi considerazioni.<\/p>\n\n\n\n<p>Primo, vedr\u00f2 se in futuro sar\u00e0 possibile recuperare le dichiarazioni rese in aula dai testi il 26 gennaio. per riferirne sul giornale anche se in ritardo.<\/p>\n\n\n\n<p>Secondo, alla prossima udienza  di gioved\u00ec 9 febbraio ci sar\u00f2 fisicamente, per riferire subito dopo sul giornale per come potr\u00f2, sottolineo per come sar\u00e0 possibile.<\/p>\n\n\n\n<p>Certo, come mi ha ricordato oggi il Tribunale, le udienze sono pubbliche e accessibili a tutti.<\/p>\n\n\n\n<p>Il problema \u00e8 per\u00f2 un altro. Come comprovato tutte le altre volte, faccio sommessamente notare che l&#8217;aula \u00e8 piccola, almeno \u00e8 piccola per un processo del genere,  e i posti &#8216;buoni&#8217; sono giustamente occupati fin dalla prima mattina dagli avvocati delle parti. Ammesso che si riesca a trovare posto, negli altri, dietro, le sedie fisse sono scomodamente a ridosso una dell&#8217;altra e non hanno una postazione per poter scrivere, cio\u00e8 per prendere appunti, vale a dire <em> attingere alle informazioni necessarie per la redazione degli articoli<\/em>. Inoltre, l&#8217;acustica non \u00e8 buona, magari dalle prime file si sente bene, non lo so, ma di sicuro si sente male da dietro, o almeno sento male io, che forse per l&#8217;et\u00e0 comincio ad avere anche problemi di udito. C&#8217;\u00e8 il rischio di capire fischi per fiaschi, e poi rimane l&#8217;handicap di non poter appuntare nomi, dichiarazioni e circostanze precise.<\/p>\n\n\n\n<p>Infine, un&#8217;ultima assicurazione. E&#8217; vero che leccecronaca.it sulla questione ha preso da sempre una posizione netta e schierata, ostinata e contraria, ma lo ha fatto in tutta libert\u00e0 di giudizio e in maniera, almeno credo, giornalisticamente corretta, cio\u00e8 sulla base di documentazioni, analisi, ragionamente e pure dando sempre spazio e attenzione alle ragioni del consorzio multinazionale costruttore del gasdotto e dei suoi sostenitori.<\/p>\n\n\n\n<p>Ora, vogliamo &#8211; vorremmo &#8211; riferire sul processo con uguale correttezza.<\/p>\n\n\n\n<p>Non siamo i giudici, non siamo il pubblico ministero, non siamo gli avvocati della difesa o delle parti. Siamo semplici giornalisti e basta, e tali cercheremo di essere, senza fare il tifo per gli uni o per gli altri, semplicemente riferendo in ogni fase tutto quello che riusciremo a sentire.<\/p>\n\n\n\n<p><\/p>\n\n\n\n<p><\/p>\n\n\n\n<p> <\/p>\n\n\n\n<p><\/p>\n<fb:like href='https:\/\/www.leccecronaca.it\/index.php\/2023\/01\/31\/ai-lettori-di-leccecronaca-it-sul-processo-tap\/' send='true' layout='button_count' show_faces='true' width='450' height='65' action='recommend' colorscheme='light' font='lucida grande'><\/fb:like><span class=\"fb_share\"><fb:like href=\"https:\/\/www.leccecronaca.it\/index.php\/2023\/01\/31\/ai-lettori-di-leccecronaca-it-sul-processo-tap\/\" layout=\"button_count\"><\/fb:like><\/span>","protected":false},"excerpt":{"rendered":"<p>di Giuseppe Puppo &nbsp;______ Mi corre l&#8217;obbligo di relazionare ai nostri lettori, che so da sempre particolarmente interesssati alla questione del gasdotto, riguardo al processo in corso di svolgimento a carico dei vertici Tap, in particolare sull&#8217;ultima udienza, di gioved\u00ec scorso 26 gennaio. In pratica, dopo due anni e mezzo di rinvii e schermaglie procedurali, [&hellip;]<\/p>\n","protected":false},"author":4,"featured_media":210989,"comment_status":"open","ping_status":"closed","sticky":false,"template":"","format":"standard","meta":[],"categories":[1,69,76],"tags":[],"_links":{"self":[{"href":"https:\/\/www.leccecronaca.it\/index.php\/wp-json\/wp\/v2\/posts\/210971"}],"collection":[{"href":"https:\/\/www.leccecronaca.it\/index.php\/wp-json\/wp\/v2\/posts"}],"about":[{"href":"https:\/\/www.leccecronaca.it\/index.php\/wp-json\/wp\/v2\/types\/post"}],"author":[{"embeddable":true,"href":"https:\/\/www.leccecronaca.it\/index.php\/wp-json\/wp\/v2\/users\/4"}],"replies":[{"embeddable":true,"href":"https:\/\/www.leccecronaca.it\/index.php\/wp-json\/wp\/v2\/comments?post=210971"}],"version-history":[{"count":9,"href":"https:\/\/www.leccecronaca.it\/index.php\/wp-json\/wp\/v2\/posts\/210971\/revisions"}],"predecessor-version":[{"id":211011,"href":"https:\/\/www.leccecronaca.it\/index.php\/wp-json\/wp\/v2\/posts\/210971\/revisions\/211011"}],"wp:featuredmedia":[{"embeddable":true,"href":"https:\/\/www.leccecronaca.it\/index.php\/wp-json\/wp\/v2\/media\/210989"}],"wp:attachment":[{"href":"https:\/\/www.leccecronaca.it\/index.php\/wp-json\/wp\/v2\/media?parent=210971"}],"wp:term":[{"taxonomy":"category","embeddable":true,"href":"https:\/\/www.leccecronaca.it\/index.php\/wp-json\/wp\/v2\/categories?post=210971"},{"taxonomy":"post_tag","embeddable":true,"href":"https:\/\/www.leccecronaca.it\/index.php\/wp-json\/wp\/v2\/tags?post=210971"}],"curies":[{"name":"wp","href":"https:\/\/api.w.org\/{rel}","templated":true}]}}