{"id":211012,"date":"2023-02-01T15:45:00","date_gmt":"2023-02-01T14:45:00","guid":{"rendered":"http:\/\/www.leccecronaca.it\/?p=211012"},"modified":"2023-02-01T19:01:05","modified_gmt":"2023-02-01T18:01:05","slug":"il-calciomercato-e-finito-parlano-corvino-e-trinchera","status":"publish","type":"post","link":"https:\/\/www.leccecronaca.it\/index.php\/2023\/02\/01\/il-calciomercato-e-finito-parlano-corvino-e-trinchera\/","title":{"rendered":"IL CALCIOMERCATO E&#8217; FINITO: PARLANO CORVINO E TRINCHERA. LA CONFERENZA STAMPA DI QUESTA MATTINA"},"content":{"rendered":"\n<p><img decoding=\"async\" loading=\"lazy\" width=\"1024\" height=\"818\" class=\"wp-image-211028\" style=\"width: 800px;\" src=\"https:\/\/www.leccecronaca.it\/wordpress\/wp-content\/uploads\/2023\/02\/corvino-1024x818-1.jpg\" alt=\"\" srcset=\"https:\/\/www.leccecronaca.it\/wordpress\/wp-content\/uploads\/2023\/02\/corvino-1024x818-1.jpg 1024w, https:\/\/www.leccecronaca.it\/wordpress\/wp-content\/uploads\/2023\/02\/corvino-1024x818-1-300x240.jpg 300w, https:\/\/www.leccecronaca.it\/wordpress\/wp-content\/uploads\/2023\/02\/corvino-1024x818-1-768x614.jpg 768w\" sizes=\"(max-width: 1024px) 100vw, 1024px\" \/><\/p>\n\n\n\n<p>di <strong>Mattia Ala <\/strong>______<\/p>\n\n\n\n<p><strong>Pantaleo Corvino<\/strong> (nella foto) e <strong>Stefano Trinchera<\/strong>, rispettivamente responsabile dell&#8217;area tecnica e direttore sportivo del <strong>Lecce<\/strong>, hanno tenuto questa mattina una conferenza stampa al Via del Mare per tracciare un bilancio della sessione invernale di calciomercato appena conclusa. <\/p>\n\n\n\n<p>Di seguito le loro dichiarazioni:<\/p>\n\n\n\n<p><\/p>\n\n\n\n<p><strong>PANTALEO CORVINO<\/strong>: <em>&#8221; Analizziamo il mercato facendo diverse considerazioni. Il mercato invernale \u00e8 il pi\u00f9 complesso. In A vincere \u00e8 sempre difficile o ogni squadra affronta il calciomercato in base a quelle che sono le sue difficolt\u00e0. Abbiamo cominciato con 15 punti in 15 partite, una compagine partita come matricola e  promossa insieme ad altre due squadre con ambizioni tecniche ed economiche. La media di partenza ci avrebbe portato a circa 38 punti. Oggi siamo a 20 punti in 20 partite, la media \u00e8 sempre quella. <\/em><\/p>\n\n\n\n<p><em>L&#8217;aspetto positivo di questo mercato \u00e8 che abbiamo trattenuto i big perch\u00e9 vogliamo centrare l&#8217;obiettivo, respingendo certe offerte. Le criticit\u00e0 riguardano coloro che non hanno trovato molto spazio e pertanto hanno deciso di misurarsi in un altro club. Ci hanno chiesto la cessione per tempo e sono stati accontentati. In una trattativa, per\u00f2, deve essere fatto sia l&#8217;interesse del calciatore che dei singoli. Altri non sono stati accontentati per mancanza di tempo. <\/em><\/p>\n\n\n\n<p><em>Abbiamo fatto del nostro meglio per migliorare la squadra da 20 punti in 20 partite, cercando al contempo di dare fiducia all&#8217;ossatura di una squadra che ha conquistato 20 punti in 20 gare. Tutto si pu\u00f2 migliorare avendo presente cosa offre il mercato e la propria realt\u00e0. <\/em><\/p>\n\n\n\n<p><em>Ci siamo presentati il primo giorno di mercato con Maleh, in quanto a detta di tutti mancava un centrocampista offensivo. Mancava un vice Gendrey? Abbiamo rimediato rilevando Cassandro. Negli ultimi giorni di mercato un centrale (Tuia) ci ha chiesto la cessione, ma noi non potevamo cedere un difensore che in caso di emergenza sarebbe stata la riserva dei due titolari, mancando Dermaku e Pongracic. Gli ho esternato la nostra necessit\u00e0 di non lasciare la squadra solo con due titolari gli ultimi giorni di mercato, ma al tempo stesso mi sono adoperato per trovare il sostituto, nel caso avremmo visto se quella squadra che lo voleva gratis c&#8217;era ancora. Siamo stati responsabili, non burattinai, come qualcuno ha lasciato intendere sui social. Altri calciatori hanno chiesto la cessione per tempo e sono stati accontentati. Di centrali poi ne abbiamo presi due. <\/em> <\/p>\n\n\n\n<p><em>Abbiamo poi lavorato anche per rinforzare la Primavera, avevamo una rosa molto a rischio e siamo dovuti intervenire. Vogliamo riportare ad altri livelli il settore giovanile. <\/em><\/p>\n\n\n\n<p><em>Rinnovi Strefezza e Hjulmand? I contratti dei due calciatori scadono nel 2025, e noi abbiamo un diritto unilaterale di rinnovare. <\/em><\/p>\n\n\n\n<p><em>Attacco? Abbiamo cercato di migliorare il possibile, ma poi dobbiamo fare i conti con la realt\u00e0. Le nostre prime punte hanno fatto 7 gol (Ceesay e Colombo insieme), quante altre punte hanno fatto 7 gol. Gli altri giocano con le seconde punte, noi con gli esterni. Strefezza ha realizzato 6 gol. <\/em><\/p>\n\n\n\n<p><em>Settore giovanile? I risultati sono relativi, \u00e8 pi\u00f9 importante portare risorse tecniche. Gonzalez docet. Il Lecce \u00e8 diventato grande grazie a Vucinic, Bojinov e Ledesma. Mediante le loro cessioni abbiamo preso calciatori a 5-6 milioni.  L&#8217;U18 \u00e8 seconda, l&#8217;U15 \u00e8 figlia del nostro territorio. Con le squadre locali vince agevolmente, mentre quando si confronta con collettivi  di alte regioni \u00e8 ultima con 5 punti. Un supervisore deve tenere conto di ci\u00f2. <\/em><\/p>\n\n\n\n<p><em>Noi prendiamo le risorse della nostra terra, ma questa \u00e8 la base. Al Lecce  mancano strutture e campi per un&#8217;attivit\u00e0 di base, in futuro penseremo a rimediare anche a questo. <\/em><\/p>\n\n\n\n<p><em>Il reparto difensivo \u00e8 stato all&#8217;altezza, questo dicono i numeri.  C&#8217;\u00e8 stata solo  sfiga. Dermaku fa 30 partite in A, arriva qui e si infortuna. Pongracic idem.  Visto che siamo sfigati, e visto che un nostro giocatore voleva andare via,   abbiamo deciso con Stefano  di abbondare e prenderne due di centrali. <\/em><\/p>\n\n\n\n<p><em>Falcone? Non abbiamo potuto riscattarlo subito per l&#8217;indice di liquidit\u00e0. Il riscatto \u00e8 fissato a 3,5 milioni.  E poi dall&#8217;altra parte avrebbero potuto mettere la somma pattuita per il contro riscatto, ovvero 4,5,  e avremmo potuto perderlo. Io, Stefano e il mister non abbiamo il tempo per vedere quello che fanno i nostri tesserati sui social, ci viene segnalato dall&#8217;ufficio stampa. Quando succede chiediamo un&#8217;interpretazione. Non potevamo vendere un calciatore gratis a tre giorni dalla fine del mercato perch\u00e9 stavamo in emergenza.  Tuia ci ha mandato un messaggio con un burattino e un burattinaio. Mi sembra una cosa normale, in un&#8217;azienda, in una famiglia, c&#8217;\u00e8 chi detta linee guida e c&#8217;\u00e8 chi esegue. Nella vita \u00e8 normale sottostare a delle regole. Se noi siamo burattinai e gli altri burattini non \u00e8 un problema nostro&#8221;.<\/em><\/p>\n\n\n\n<p><\/p>\n\n\n\n<figure class=\"wp-block-image size-full\"><img decoding=\"async\" loading=\"lazy\" width=\"307\" height=\"558\" src=\"https:\/\/www.leccecronaca.it\/wordpress\/wp-content\/uploads\/2022\/08\/trinchera-444444448888.jpg\" alt=\"\" class=\"wp-image-204148\" srcset=\"https:\/\/www.leccecronaca.it\/wordpress\/wp-content\/uploads\/2022\/08\/trinchera-444444448888.jpg 307w, https:\/\/www.leccecronaca.it\/wordpress\/wp-content\/uploads\/2022\/08\/trinchera-444444448888-165x300.jpg 165w\" sizes=\"(max-width: 307px) 100vw, 307px\" \/><\/figure>\n\n\n\n<p><strong>STEFANO TRINCHERA<\/strong> (nella foto): <em>&#8220;Tutte le squadre sono intervenute ma la sessione di gennaio \u00e8 difficilissima. Il campo dir\u00e0 chi si \u00e8 rinforzato. Il mercato si fa con le  idee. <\/em><\/p>\n\n\n\n<p><em>Insieme a Corvino e al mister siamo intervenuti con ragazzi interessanti. Maleh \u00e8 un profilo importante, gli ultimi giorni avrebbero fatto la corsa per averlo. Cassandro lavora tanto e migliora giorno dopo giorno. In difesa abbiamo preso due elementi per prevenire emergenze. Pongracic sta facendo terapia riabilitativa, non sappiamo quando recupera, per ora teniamo consideriamo 2-3 mesi.  Anche Dermaku sta facendo terapia. L&#8217;ex Parma torna la prossima settimana a Lecce per lavorare con il nostro staff, poi verr\u00e0 valutato. <\/em><\/p>\n\n\n\n<p><em>Gli ultimi quattro gol subiti sono evitabili, ma non frutto di errori di reparto. Io parlerei di episodi fortuiti. Non abbiamo la possibilit\u00e0 di commettere nessun errore perch\u00e9 il livello delle avversarie \u00e8 alto. I ko sono dovuti a situazioni rocambolesche in cui abbiamo pagato dazio<\/em>&#8220;.<\/p>\n<fb:like href='https:\/\/www.leccecronaca.it\/index.php\/2023\/02\/01\/il-calciomercato-e-finito-parlano-corvino-e-trinchera\/' send='true' layout='button_count' show_faces='true' width='450' height='65' action='recommend' colorscheme='light' font='lucida grande'><\/fb:like><span class=\"fb_share\"><fb:like href=\"https:\/\/www.leccecronaca.it\/index.php\/2023\/02\/01\/il-calciomercato-e-finito-parlano-corvino-e-trinchera\/\" layout=\"button_count\"><\/fb:like><\/span>","protected":false},"excerpt":{"rendered":"<p>di Mattia Ala ______ Pantaleo Corvino (nella foto) e Stefano Trinchera, rispettivamente responsabile dell&#8217;area tecnica e direttore sportivo del Lecce, hanno tenuto questa mattina una conferenza stampa al Via del Mare per tracciare un bilancio della sessione invernale di calciomercato appena conclusa. Di seguito le loro dichiarazioni: PANTALEO CORVINO: &#8221; Analizziamo il mercato facendo diverse [&hellip;]<\/p>\n","protected":false},"author":4,"featured_media":211028,"comment_status":"open","ping_status":"closed","sticky":false,"template":"","format":"standard","meta":[],"categories":[28],"tags":[],"_links":{"self":[{"href":"https:\/\/www.leccecronaca.it\/index.php\/wp-json\/wp\/v2\/posts\/211012"}],"collection":[{"href":"https:\/\/www.leccecronaca.it\/index.php\/wp-json\/wp\/v2\/posts"}],"about":[{"href":"https:\/\/www.leccecronaca.it\/index.php\/wp-json\/wp\/v2\/types\/post"}],"author":[{"embeddable":true,"href":"https:\/\/www.leccecronaca.it\/index.php\/wp-json\/wp\/v2\/users\/4"}],"replies":[{"embeddable":true,"href":"https:\/\/www.leccecronaca.it\/index.php\/wp-json\/wp\/v2\/comments?post=211012"}],"version-history":[{"count":4,"href":"https:\/\/www.leccecronaca.it\/index.php\/wp-json\/wp\/v2\/posts\/211012\/revisions"}],"predecessor-version":[{"id":211029,"href":"https:\/\/www.leccecronaca.it\/index.php\/wp-json\/wp\/v2\/posts\/211012\/revisions\/211029"}],"wp:featuredmedia":[{"embeddable":true,"href":"https:\/\/www.leccecronaca.it\/index.php\/wp-json\/wp\/v2\/media\/211028"}],"wp:attachment":[{"href":"https:\/\/www.leccecronaca.it\/index.php\/wp-json\/wp\/v2\/media?parent=211012"}],"wp:term":[{"taxonomy":"category","embeddable":true,"href":"https:\/\/www.leccecronaca.it\/index.php\/wp-json\/wp\/v2\/categories?post=211012"},{"taxonomy":"post_tag","embeddable":true,"href":"https:\/\/www.leccecronaca.it\/index.php\/wp-json\/wp\/v2\/tags?post=211012"}],"curies":[{"name":"wp","href":"https:\/\/api.w.org\/{rel}","templated":true}]}}