{"id":211020,"date":"2023-02-01T16:08:14","date_gmt":"2023-02-01T15:08:14","guid":{"rendered":"http:\/\/www.leccecronaca.it\/?p=211020"},"modified":"2023-02-01T16:13:53","modified_gmt":"2023-02-01T15:13:53","slug":"lintervento-giuseppe-codacci-pisanelli-in-memoriam","status":"publish","type":"post","link":"https:\/\/www.leccecronaca.it\/index.php\/2023\/02\/01\/lintervento-giuseppe-codacci-pisanelli-in-memoriam\/","title":{"rendered":"L&#8217;INTERVENTO\u00a0\/\u00a0GIUSEPPE CODACCI-PISANELLI, IN MEMORIAM A TRENTACINQUE ANNI DALLA MORTE"},"content":{"rendered":"\n<p><img decoding=\"async\" loading=\"lazy\" width=\"311\" height=\"162\" class=\"wp-image-211022\" style=\"width: 800px;\" src=\"https:\/\/www.leccecronaca.it\/wordpress\/wp-content\/uploads\/2023\/02\/download.jpg\" alt=\"\" srcset=\"https:\/\/www.leccecronaca.it\/wordpress\/wp-content\/uploads\/2023\/02\/download.jpg 311w, https:\/\/www.leccecronaca.it\/wordpress\/wp-content\/uploads\/2023\/02\/download-300x156.jpg 300w\" sizes=\"(max-width: 311px) 100vw, 311px\" \/><\/p>\n\n\n\n<p>di <strong>Wojtek Pankiewicz <\/strong> ______<\/p>\n\n\n\n<p>Il 2 febbraio&nbsp; ricorre il 35\u00b0 anniversario della morte di Giuseppe Codacci-Pisanelli, insigne uomo politico e studioso salentino, uno dei Padri della Costituzione, protagonista della nascita e dello sviluppo dell\u2019Universit\u00e0 di Lecce, di cui sar\u00e0 docente di Diritto Pubblico nella Facolt\u00e0 di Magistero e Rettore per venti anni.<\/p>\n\n\n\n<p><strong>&nbsp;<\/strong>Sia&nbsp; consentito al sottoscritto, che ha avuto la fortuna e l\u2019onore di essere suo assistente universitario e poi per tanti anni amico personale, ricordare questa data con&nbsp; sentimenti di profonda gratitudine, condivisi, sono certo, dal popolo salentino,&nbsp; nei confronti di questo grande uomo di Tricase, di cui fu sindaco, che tanto ha dato all\u2019Italia, prima in Assemblea Costituente e poi come Deputato e Ministro della Repubblica, e al Salento, a favore del quale volle investire in modo illuminato e lungimirante&nbsp; in cultura con la vittoriosa \u201cbattaglia\u201d per l\u2019Universit\u00e0, anzich\u00e9 far giungere nel nostro territorio insediamenti industriali, veri mostri, come poi si sono rivelati l\u2019Italsider a Taranto e la Montecatini a Brindisi. <\/p>\n\n\n\n<p>Mi occorrerebbe un intero giornale per ricordare tutto il suo impegno e le sue opere a favore della Terra d\u2019Otranto, in particolare fu costante il suo interessamento per il potenziamento delle tre grandi fonti dell\u2019economia salentina: il tabacco, la vite e l\u2019ulivo, &nbsp;ma, non a caso, ho voluto ricordare la \u201cbattaglia\u201d per ottenere l\u2019Universit\u00e0 di Lecce, perch\u00e9 ci\u00f2 sta consentendo uno sviluppo economico nel rispetto della vocazione turistica del nostro territorio e perch\u00e9 di vera e propria \u201cbattaglia\u201d si tratt\u00f2, in quanto, come previsto, ci fu una vera azione di boicottaggio da parte dell\u2019Universit\u00e0 di Bari. <\/p>\n\n\n\n<p>Anche Aldo Moro, nato a Maglie, ma eletto&nbsp; a Bari, Ministro della Pubblica Istruzione nel 1957, fu ostile e sostenne la campagna antiuniversitaria salentina, cos\u00ec come, con un vero e proprio colpo di mano in sede di Comitato di Redazione (Comitato dei 18) in Assemblea Costituente, insieme ad altri deputati baresi democristiani e comunisti, riusc\u00ec a fare \u201csparire\u201d nel corso di una seduta notturna la Regione Salento, che invece Giuseppe Codacci-Pisanelli, insieme ad altri Deputati salentini, era riuscito a far inserire tra le Regioni storiche.<\/p>\n\n\n\n<p>Il 15 gennaio 2010, alla presenza del Presidente della Repubblica Napolitano, l\u2019Universit\u00e0 di Bari fu intitolata ad Aldo Moro. Sarebbe giusto e doveroso che quanto prima la nostra Universit\u00e0 possa ufficialmente chiamarsi Universit\u00e0 del Salento Giuseppe Codacci-Pisanelli.<\/p>\n<fb:like href='https:\/\/www.leccecronaca.it\/index.php\/2023\/02\/01\/lintervento-giuseppe-codacci-pisanelli-in-memoriam\/' send='true' layout='button_count' show_faces='true' width='450' height='65' action='recommend' colorscheme='light' font='lucida grande'><\/fb:like><span class=\"fb_share\"><fb:like href=\"https:\/\/www.leccecronaca.it\/index.php\/2023\/02\/01\/lintervento-giuseppe-codacci-pisanelli-in-memoriam\/\" layout=\"button_count\"><\/fb:like><\/span>","protected":false},"excerpt":{"rendered":"<p>di Wojtek Pankiewicz ______ Il 2 febbraio&nbsp; ricorre il 35\u00b0 anniversario della morte di Giuseppe Codacci-Pisanelli, insigne uomo politico e studioso salentino, uno dei Padri della Costituzione, protagonista della nascita e dello sviluppo dell\u2019Universit\u00e0 di Lecce, di cui sar\u00e0 docente di Diritto Pubblico nella Facolt\u00e0 di Magistero e Rettore per venti anni. &nbsp;Sia&nbsp; consentito al [&hellip;]<\/p>\n","protected":false},"author":4,"featured_media":211022,"comment_status":"open","ping_status":"closed","sticky":false,"template":"","format":"standard","meta":[],"categories":[31,76],"tags":[],"_links":{"self":[{"href":"https:\/\/www.leccecronaca.it\/index.php\/wp-json\/wp\/v2\/posts\/211020"}],"collection":[{"href":"https:\/\/www.leccecronaca.it\/index.php\/wp-json\/wp\/v2\/posts"}],"about":[{"href":"https:\/\/www.leccecronaca.it\/index.php\/wp-json\/wp\/v2\/types\/post"}],"author":[{"embeddable":true,"href":"https:\/\/www.leccecronaca.it\/index.php\/wp-json\/wp\/v2\/users\/4"}],"replies":[{"embeddable":true,"href":"https:\/\/www.leccecronaca.it\/index.php\/wp-json\/wp\/v2\/comments?post=211020"}],"version-history":[{"count":3,"href":"https:\/\/www.leccecronaca.it\/index.php\/wp-json\/wp\/v2\/posts\/211020\/revisions"}],"predecessor-version":[{"id":211025,"href":"https:\/\/www.leccecronaca.it\/index.php\/wp-json\/wp\/v2\/posts\/211020\/revisions\/211025"}],"wp:featuredmedia":[{"embeddable":true,"href":"https:\/\/www.leccecronaca.it\/index.php\/wp-json\/wp\/v2\/media\/211022"}],"wp:attachment":[{"href":"https:\/\/www.leccecronaca.it\/index.php\/wp-json\/wp\/v2\/media?parent=211020"}],"wp:term":[{"taxonomy":"category","embeddable":true,"href":"https:\/\/www.leccecronaca.it\/index.php\/wp-json\/wp\/v2\/categories?post=211020"},{"taxonomy":"post_tag","embeddable":true,"href":"https:\/\/www.leccecronaca.it\/index.php\/wp-json\/wp\/v2\/tags?post=211020"}],"curies":[{"name":"wp","href":"https:\/\/api.w.org\/{rel}","templated":true}]}}