{"id":211030,"date":"2023-02-01T17:11:55","date_gmt":"2023-02-01T16:11:55","guid":{"rendered":"http:\/\/www.leccecronaca.it\/?p=211030"},"modified":"2023-02-06T13:31:28","modified_gmt":"2023-02-06T12:31:28","slug":"211030","status":"publish","type":"post","link":"https:\/\/www.leccecronaca.it\/index.php\/2023\/02\/01\/211030\/","title":{"rendered":"XYLELLA, LA FRODE CONTINUA"},"content":{"rendered":"\n<p><img decoding=\"async\" loading=\"lazy\" width=\"640\" height=\"480\" class=\"wp-image-211031\" style=\"width: 800px;\" src=\"https:\/\/www.leccecronaca.it\/wordpress\/wp-content\/uploads\/2023\/02\/1-ruspa-escavatore-fuoco.jpeg\" alt=\"\" srcset=\"https:\/\/www.leccecronaca.it\/wordpress\/wp-content\/uploads\/2023\/02\/1-ruspa-escavatore-fuoco.jpeg 640w, https:\/\/www.leccecronaca.it\/wordpress\/wp-content\/uploads\/2023\/02\/1-ruspa-escavatore-fuoco-300x225.jpeg 300w, https:\/\/www.leccecronaca.it\/wordpress\/wp-content\/uploads\/2023\/02\/1-ruspa-escavatore-fuoco-400x300.jpeg 400w\" sizes=\"(max-width: 640px) 100vw, 640px\" \/><\/p>\n\n\n\n<p>Riceviamo e volentieri pubblichiamo. UliVivo,&nbsp;comitato di&nbsp;cittadini e associazioni in difesa degli ulivi della Puglia, ci manda il seguente comunicato, con relativa documentazione fotografica &nbsp;______<\/p>\n\n\n\n<p>FARANNO IL DESERTO E LO CHIAMERANNO SCIENZA<\/p>\n\n\n\n<p>Nel territorio di Castellana Grotte (BA) \u00e8 in atto una strage. Una strage di alberi e del lavoro che da essi dipende, a discapito del paesaggio e della millenaria tradizione olivicola della Puglia.<\/p>\n\n\n\n<p>Dal 17 gennaio, sulla Castellana-Conversano, in nome di un\u2019ormai decennale \u201cemergenza Xylella\u201d, gli operatori dell\u2019Arif, muniti di motoseghe ed escavatori e scortati da un cospicuo dispiegamento di Carabinieri, stanno attuando l\u2019abbattimento forzato di un numero imprecisato di alberi di ulivi, anche monumentali, e altri alberi da frutto come ciliegi e mandorli. <\/p>\n\n\n\n<p><img decoding=\"async\" loading=\"lazy\" width=\"640\" height=\"361\" class=\"wp-image-211034\" style=\"width: 800px;\" src=\"https:\/\/www.leccecronaca.it\/wordpress\/wp-content\/uploads\/2023\/02\/muretto-a-secco-abbattuto.jpeg\" alt=\"\" srcset=\"https:\/\/www.leccecronaca.it\/wordpress\/wp-content\/uploads\/2023\/02\/muretto-a-secco-abbattuto.jpeg 640w, https:\/\/www.leccecronaca.it\/wordpress\/wp-content\/uploads\/2023\/02\/muretto-a-secco-abbattuto-300x169.jpeg 300w\" sizes=\"(max-width: 640px) 100vw, 640px\" \/><\/p>\n\n\n\n<p>Centinaia di piante sane, vive e vegete. I danni sono incalcolabili, tra muretti a secco distrutti e terreni lasciati in condizioni vergognose non pi\u00f9 utilizzabili per la coltivazione, se non effettuando una costosa sistemazione unicamente a spese del proprietario. Laddove pochi attimi prima c\u2019erano uliveti con radici millenarie e frutteti ora ci sono solo pietre e voragini incolmabili.<\/p>\n\n\n\n<p>Tutto ci\u00f2 avviene a fronte di monitoraggi fatti in maniera a dir poco approssimativa, per cui, per ogni pianta \u201cinfetta\u201d, seppure in perfetto stato produttivo, viene abbattuta tutta la vegetazione presente nel raggio di 50 metri dalla stessa: quasi un ettaro di terra che viene rasa al suolo senza dare alcuna possibilit\u00e0 al proprietario del fondo di effettuare controanalisi, senza rispettare neanche i tempi tecnici, ormai ridotti a pochissimi giorni, di un possibile ricorso, e senza che il proprietario abbia avuto alcuna comunicazione diretta, da parte degli Enti preposti. Una farsa, un abuso di potere e nel frattempo gli espianti proseguono.<\/p>\n\n\n\n<p>Sono circa 10 anni che questa mattanza va avanti, senza che alcun risultato sia stato ottenuto, e nonostante l\u2019autorevole parere scientifico dell\u2019EFSA (Autorit\u00e0 Europea per la Sicurezza Alimentare) che nel lontano 2015 scriveva \u201c<em>Non ci sono esempi di successo di eradicazione di Xylella fastidiosa una volta che si \u00e8 stabilita in pieno campo a causa della vasta gamma di ospiti del patogeno e dei suoi vettori<\/em>\u201d e ancora \u201cl<em>\u2019eradicazione non \u00e8 un opzione di successo una volta che una malattia si \u00e8 stabilita in un\u2019area, come nel caso pugliese<\/em>\u201d. Quindi tutti sapevano che l\u2019eradicazione non era la strategia corretta per risolvere il problema, e soprattutto lo sapevano gli Enti istituzionali.<\/p>\n\n\n\n<p>Quando si avr\u00e0 l\u2019onest\u00e0 di riconoscere che queste misure fitosanitarie non sono altro che un totale fallimento, idoneo pi\u00f9 a liberare terreni che a scongiurare una fitopatologia?<img decoding=\"async\" loading=\"lazy\" width=\"640\" height=\"361\" class=\"wp-image-211035\" style=\"width: 800px;\" src=\"https:\/\/www.leccecronaca.it\/wordpress\/wp-content\/uploads\/2023\/02\/2-alberi-abbattuti.jpeg\" alt=\"\" srcset=\"https:\/\/www.leccecronaca.it\/wordpress\/wp-content\/uploads\/2023\/02\/2-alberi-abbattuti.jpeg 640w, https:\/\/www.leccecronaca.it\/wordpress\/wp-content\/uploads\/2023\/02\/2-alberi-abbattuti-300x169.jpeg 300w\" sizes=\"(max-width: 640px) 100vw, 640px\" \/><\/p>\n\n\n\n<p>Sempre pi\u00f9 cittadini si stanno accorgendo delle gravi anomalie che stanno avvenendo, della sospensione dello stato di diritto, delle intimidazioni e degli abusi di potere in corso.<\/p>\n\n\n\n<p>In Puglia, senza alcuna comunicazione, ci si pu\u00f2 trovare dalla sera alla mattina privati dei propri alberi, minacciati nella propria propriet\u00e0 privata, invasi nei propri terreni da escavatori, sedicenti tecnici e forze dell\u2019ordine a tutela di chi sta deturpando e violentando in modo barbaro e illogico la terra.<\/p>\n\n\n\n<p>L\u00ec dove gli stessi proprietari non possono n\u00e9 riprendere o fare domande, n\u00e9 tanto meno staccare una sola foglia di ulivo per analizzarla, senza autorizzazione, macchine e mezzi meccanici dell\u2019Arif, del Basile Caramia, dell\u2019Osservatorio Fitosanitario, sotto la protezione della regione Puglia, entrano ed escono dal fondo dichiarato infetto, da giorni e per numerose volte al giorno, senza alcuna precauzione n\u00e9 accortezza e causando ingenti danni ai terreni e ai muretti a secco.<\/p>\n\n\n\n<p>Non \u00e8 forse lecito chiedersi se proprio questo atteggiamento &#8211; a dir poco sconsiderato \u2013 sia possibile causa di propagazione del batterio?<\/p>\n\n\n\n<p>Per far fronte a questa situazione che \u00e8, s\u00ec, davvero, un\u2019emergenza, il 30 gennaio il comitato Ulivivo ha organizzato un incontro informativo per fare il punto della situazione e fornire agli agricoltori e ai proprietari dei fondi le informazioni e gli strumenti per difendersi, opponendosi legalmente e civilmente agli illeciti commessi durante le operazioni di monitoraggio ed eradicazione.<\/p>\n\n\n\n<p>All\u2019evento, che si \u00e8 tenuto a Castellana presso la sede di Maiakera, sono intervenuti la prof.ssa in Geografia Economica Margherita Ciervo, la dr.ssa Margherita D\u2019Amico biologa e patologa vegetale, la dr.ssa in Agraria Emanuela Sardella, e due olivicoltori, Ivano Gioffreda e Angelo Cardone. La sala era gremita al punto che alcuni cittadini sono rimasti fuori, nonostante la pioggia.<\/p>\n\n\n\n<p>Hanno risposto all\u2019invito anche rappresentanti del comune di Castellana Grotte di maggioranza e opposizione. Tra questi il Presidente del Consiglio comunale, dottor Maurizio Pace che ha assicurato ai presenti di adoperarsi affinch\u00e9 il Comune conceda al pi\u00f9 presto la sala dell\u2019assemblea per poter organizzare nuovi incontri informativi, affinch\u00e9 tutti i cittadini possano partecipare ed essere a conoscenza di ci\u00f2 che sta avvenendo nel comune di Castellana Grotte.<\/p>\n\n\n\n<p>Aspettiamo ancora una volta \u201cfiduciosi\u201d, una presa di posizione costruttiva, seria e determinata da parte di chi \u00e8 chiamato a rappresentare e difendere i propri cittadini, la sua terra e i reali interessi ad essa connessi, ricordando che la perdita di questi alberi non \u00e8 solo un sopruso ai danni dei proprietari ma una perdita di inestimabile valore per tutto il territorio che li ospita: un danno irreversibile alla qualit\u00e0 e tipicit\u00e0 dei prodotti agricoli (apprezzati e venduti in tutto il mondo), al settore turistico, all\u2019economia del paese, che ogni cittadino con un minimo di dignit\u00e0, memoria e amore per la sua terra dovrebbe tentare di fermare. ______<\/p>\n\n\n\n<p>L&#8217;APPROFONDIMENTO nel nostro articolo dell&#8217;8 gennaio scorso<\/p>\n\n\n\n<p><blockquote class=\"wp-embedded-content\" data-secret=\"RjRHf3orVx\"><a href=\"https:\/\/www.leccecronaca.it\/index.php\/2023\/01\/08\/le-idee-gli-errori-della-regione-puglia-nel-contrasto-alla-xylella-stanno-provocando-la-distruzione-del-territorio\/\">LE IDEE\u00a0\/\u00a0&#8216;GLI ERRORI COMMESSI DALLA REGIONE PUGLIA NEL CONTRASTO ALLA XYLELLA<\/a><\/blockquote><iframe class=\"wp-embedded-content\" sandbox=\"allow-scripts\" security=\"restricted\" style=\"position: absolute; clip: rect(1px, 1px, 1px, 1px);\" title=\"&#8220;LE IDEE\u00a0\/\u00a0&#8216;GLI ERRORI COMMESSI DALLA REGIONE PUGLIA NEL CONTRASTO ALLA XYLELLA&#8221; &#8212; LecceCronaca.it\" src=\"https:\/\/www.leccecronaca.it\/index.php\/2023\/01\/08\/le-idee-gli-errori-della-regione-puglia-nel-contrasto-alla-xylella-stanno-provocando-la-distruzione-del-territorio\/embed\/#?secret=0nh9UB2qe0#?secret=RjRHf3orVx\" data-secret=\"RjRHf3orVx\" width=\"500\" height=\"282\" frameborder=\"0\" marginwidth=\"0\" marginheight=\"0\" scrolling=\"no\"><\/iframe><\/p>\n<fb:like href='https:\/\/www.leccecronaca.it\/index.php\/2023\/02\/01\/211030\/' send='true' layout='button_count' show_faces='true' width='450' height='65' action='recommend' colorscheme='light' font='lucida grande'><\/fb:like><span class=\"fb_share\"><fb:like href=\"https:\/\/www.leccecronaca.it\/index.php\/2023\/02\/01\/211030\/\" layout=\"button_count\"><\/fb:like><\/span>","protected":false},"excerpt":{"rendered":"<p>Riceviamo e volentieri pubblichiamo. UliVivo,&nbsp;comitato di&nbsp;cittadini e associazioni in difesa degli ulivi della Puglia, ci manda il seguente comunicato, con relativa documentazione fotografica &nbsp;______ FARANNO IL DESERTO E LO CHIAMERANNO SCIENZA Nel territorio di Castellana Grotte (BA) \u00e8 in atto una strage. Una strage di alberi e del lavoro che da essi dipende, a discapito [&hellip;]<\/p>\n","protected":false},"author":4,"featured_media":211031,"comment_status":"open","ping_status":"closed","sticky":false,"template":"","format":"standard","meta":[],"categories":[1,69,76,36],"tags":[],"_links":{"self":[{"href":"https:\/\/www.leccecronaca.it\/index.php\/wp-json\/wp\/v2\/posts\/211030"}],"collection":[{"href":"https:\/\/www.leccecronaca.it\/index.php\/wp-json\/wp\/v2\/posts"}],"about":[{"href":"https:\/\/www.leccecronaca.it\/index.php\/wp-json\/wp\/v2\/types\/post"}],"author":[{"embeddable":true,"href":"https:\/\/www.leccecronaca.it\/index.php\/wp-json\/wp\/v2\/users\/4"}],"replies":[{"embeddable":true,"href":"https:\/\/www.leccecronaca.it\/index.php\/wp-json\/wp\/v2\/comments?post=211030"}],"version-history":[{"count":5,"href":"https:\/\/www.leccecronaca.it\/index.php\/wp-json\/wp\/v2\/posts\/211030\/revisions"}],"predecessor-version":[{"id":211141,"href":"https:\/\/www.leccecronaca.it\/index.php\/wp-json\/wp\/v2\/posts\/211030\/revisions\/211141"}],"wp:featuredmedia":[{"embeddable":true,"href":"https:\/\/www.leccecronaca.it\/index.php\/wp-json\/wp\/v2\/media\/211031"}],"wp:attachment":[{"href":"https:\/\/www.leccecronaca.it\/index.php\/wp-json\/wp\/v2\/media?parent=211030"}],"wp:term":[{"taxonomy":"category","embeddable":true,"href":"https:\/\/www.leccecronaca.it\/index.php\/wp-json\/wp\/v2\/categories?post=211030"},{"taxonomy":"post_tag","embeddable":true,"href":"https:\/\/www.leccecronaca.it\/index.php\/wp-json\/wp\/v2\/tags?post=211030"}],"curies":[{"name":"wp","href":"https:\/\/api.w.org\/{rel}","templated":true}]}}