{"id":211206,"date":"2023-02-05T16:44:26","date_gmt":"2023-02-05T15:44:26","guid":{"rendered":"http:\/\/www.leccecronaca.it\/?p=211206"},"modified":"2023-02-05T16:44:29","modified_gmt":"2023-02-05T15:44:29","slug":"giovane-brindisino-trovato-morto-in-mare","status":"publish","type":"post","link":"https:\/\/www.leccecronaca.it\/index.php\/2023\/02\/05\/giovane-brindisino-trovato-morto-in-mare\/","title":{"rendered":"GIOVANE BRINDISINO TROVATO MORTO IN MARE"},"content":{"rendered":"\n<p><img decoding=\"async\" loading=\"lazy\" width=\"526\" height=\"526\" class=\"wp-image-211207\" style=\"width: 1200px;\" src=\"https:\/\/www.leccecronaca.it\/wordpress\/wp-content\/uploads\/2023\/02\/ab.jpg\" alt=\"\" srcset=\"https:\/\/www.leccecronaca.it\/wordpress\/wp-content\/uploads\/2023\/02\/ab.jpg 526w, https:\/\/www.leccecronaca.it\/wordpress\/wp-content\/uploads\/2023\/02\/ab-300x300.jpg 300w, https:\/\/www.leccecronaca.it\/wordpress\/wp-content\/uploads\/2023\/02\/ab-150x150.jpg 150w, https:\/\/www.leccecronaca.it\/wordpress\/wp-content\/uploads\/2023\/02\/ab-60x60.jpg 60w\" sizes=\"(max-width: 526px) 100vw, 526px\" \/><\/p>\n\n\n\n<p>(e.l.) ______ In tarda mattinata \u00e8 stato ritrovato senza vita il corpo di Aris Barletta (nella foto), 27 anni, di Brindisi, del quale non si avevano pi\u00f9 notizie da quattro giorni, malgrado gli appelli dei famigliari e le ricerche dei volontari.<\/p>\n\n\n\n<p>La tragica scoperta \u00e8 stata fatta da sommozzatori in zona porto, dove il giovane lavorava e dove era avvenuto l&#8217;ultimo avvistamento,in un punto dove si trova un attraversamento pedonale.<\/p>\n\n\n\n<p>Per questo motivo gli inquirenti ipotizzano un incidente, cio\u00e8 una caduta accidentale, per cause fortuite,o per un malore, da cui una volta in mare la vittima non abbiapotutio riprendersi.<\/p>\n\n\n\n<p>Comunque indagini dei Carabinieriin corso di svolgimento.<\/p>\n\n\n\n<p><\/p>\n\n\n\n<p><\/p>\n<fb:like href='https:\/\/www.leccecronaca.it\/index.php\/2023\/02\/05\/giovane-brindisino-trovato-morto-in-mare\/' send='true' layout='button_count' show_faces='true' width='450' height='65' action='recommend' colorscheme='light' font='lucida grande'><\/fb:like><span class=\"fb_share\"><fb:like href=\"https:\/\/www.leccecronaca.it\/index.php\/2023\/02\/05\/giovane-brindisino-trovato-morto-in-mare\/\" layout=\"button_count\"><\/fb:like><\/span>","protected":false},"excerpt":{"rendered":"<p>(e.l.) ______ In tarda mattinata \u00e8 stato ritrovato senza vita il corpo di Aris Barletta (nella foto), 27 anni, di Brindisi, del quale non si avevano pi\u00f9 notizie da quattro giorni, malgrado gli appelli dei famigliari e le ricerche dei volontari. La tragica scoperta \u00e8 stata fatta da sommozzatori in zona porto, dove il giovane [&hellip;]<\/p>\n","protected":false},"author":4,"featured_media":211207,"comment_status":"open","ping_status":"closed","sticky":false,"template":"","format":"standard","meta":[],"categories":[69],"tags":[],"_links":{"self":[{"href":"https:\/\/www.leccecronaca.it\/index.php\/wp-json\/wp\/v2\/posts\/211206"}],"collection":[{"href":"https:\/\/www.leccecronaca.it\/index.php\/wp-json\/wp\/v2\/posts"}],"about":[{"href":"https:\/\/www.leccecronaca.it\/index.php\/wp-json\/wp\/v2\/types\/post"}],"author":[{"embeddable":true,"href":"https:\/\/www.leccecronaca.it\/index.php\/wp-json\/wp\/v2\/users\/4"}],"replies":[{"embeddable":true,"href":"https:\/\/www.leccecronaca.it\/index.php\/wp-json\/wp\/v2\/comments?post=211206"}],"version-history":[{"count":1,"href":"https:\/\/www.leccecronaca.it\/index.php\/wp-json\/wp\/v2\/posts\/211206\/revisions"}],"predecessor-version":[{"id":211208,"href":"https:\/\/www.leccecronaca.it\/index.php\/wp-json\/wp\/v2\/posts\/211206\/revisions\/211208"}],"wp:featuredmedia":[{"embeddable":true,"href":"https:\/\/www.leccecronaca.it\/index.php\/wp-json\/wp\/v2\/media\/211207"}],"wp:attachment":[{"href":"https:\/\/www.leccecronaca.it\/index.php\/wp-json\/wp\/v2\/media?parent=211206"}],"wp:term":[{"taxonomy":"category","embeddable":true,"href":"https:\/\/www.leccecronaca.it\/index.php\/wp-json\/wp\/v2\/categories?post=211206"},{"taxonomy":"post_tag","embeddable":true,"href":"https:\/\/www.leccecronaca.it\/index.php\/wp-json\/wp\/v2\/tags?post=211206"}],"curies":[{"name":"wp","href":"https:\/\/api.w.org\/{rel}","templated":true}]}}