{"id":213039,"date":"2023-03-17T13:41:22","date_gmt":"2023-03-17T12:41:22","guid":{"rendered":"http:\/\/www.leccecronaca.it\/?p=213039"},"modified":"2023-03-17T14:54:00","modified_gmt":"2023-03-17T13:54:00","slug":"impedire-%ef%bf%bcil-taglio-di-ogni-singolo-albero-pubblico","status":"publish","type":"post","link":"https:\/\/www.leccecronaca.it\/index.php\/2023\/03\/17\/impedire-%ef%bf%bcil-taglio-di-ogni-singolo-albero-pubblico\/","title":{"rendered":"\u201dImpedire il taglio di ogni singolo albero pubblico\u201d"},"content":{"rendered":"\n<p><img decoding=\"async\" loading=\"lazy\" width=\"640\" height=\"960\" class=\"wp-image-213040\" style=\"width: 800px;\" src=\"https:\/\/www.leccecronaca.it\/wordpress\/wp-content\/uploads\/2023\/03\/551438_121939891269368_54420356_n.jpg\" alt=\"\" srcset=\"https:\/\/www.leccecronaca.it\/wordpress\/wp-content\/uploads\/2023\/03\/551438_121939891269368_54420356_n.jpg 640w, https:\/\/www.leccecronaca.it\/wordpress\/wp-content\/uploads\/2023\/03\/551438_121939891269368_54420356_n-200x300.jpg 200w\" sizes=\"(max-width: 640px) 100vw, 640px\" \/><\/p>\n\n\n\n<p>Dall\u2019avvocato Alessandro Presicce&nbsp;(nella foto), presidente della Terza Consulta comunale, riceviamo e volentieri pubblichiamo &nbsp;______ <\/p>\n\n\n\n<p>La Terza Consulta Comunale di Lecce (Assetto e gestione del territorio, ecologia, ambiente e qualit\u00e0 della vita) lancia all&#8217;unanimit\u00e0 una Petizione al Sindaco&nbsp;e al Presidente del Consiglio Comunale, ai sensi dell&#8217;art. 16 dello Statuto Comunale.<\/p>\n\n\n\n<p>Strumento tradizionalmente poco utilizzato, le Petizioni sono invece il primo degli istituti di partecipazione delineati&nbsp;dallo Statuto, uno strumento che consente la partecipazione attiva dei cittadini alla vita della Citt\u00e0. Esso \u00e8 teso a chiedere delle richieste di impegno all&#8217;Amministrazione da parte di almeno 500 cittadini, residenti e non, che abbiano compiuto almeno 16 anni.<\/p>\n\n\n\n<p>Proprio mentre le seghe elettriche stanno, in questi giorni, disboscando una piccola pineta in Piazzale Pisa con l'&#8221;alibi&#8221; della mitigazione del rischio idrogeologico, la Consulta ritiene urgente promuovere una petizione popolare tesa ad una moratoria dei tagli di alberi non pericolanti, in attesa che venga varato il Piano e il Regolamento del Verde, sulla cui adozione il Comune di Lecce \u00e8 inadempiente dal 2013, anno in cui la legge n. 10 ne prescrisse l&#8217;adozione in tutti i comuni sopra&nbsp;i 15.000 abitanti.<\/p>\n\n\n\n<p>Lecce, citt\u00e0 agli ultimi posti nazionali per verde urbano pro capite, non pu\u00f2 permettersi, in assenza di pianificazione, la perdita di un solo albero sano in pi\u00f9 rispetto a quelli gi\u00e0 persi in questi anni.<\/p>\n\n\n\n<p>Di seguito il testo della Petizione.<\/p>\n\n\n\n<p>Lecce \u00e8 una citt\u00e0 dalla performance ambientale assai scadente. Il Rapporto Ecosistema Urbano di Legambiente 2022 la relega al 75\u00b0 posto su 105 capoluoghi, quindi prossima all&#8217;ultimo quarto della classifica nazionale. Lecce \u00e8 afflitta da un tasso di motorizzazione&nbsp;<em>altissimo (72 auto ogni 100 ab.), uno dei valori maggiori d\u2019Europa, che produce una bassa qualit\u00e0 dell\u2019aria, a livelli quasi \u201cpadani\u201d, pur non avendo un tessuto industriale significativo. La mobilit\u00e0 urbana, ancora purtroppo, fondata sull\u2019auto privata rende l\u2019aria respirata dai leccesi molto insalubre.<br>Soprattutto il grave fenomeno delle polveri sottili (PM10), ma anche le polveri sottilissime (PM2,5) e il biossido di azoto (NO2) che si respirano a Lecce sono paragonabili a citt\u00e0 ben pi\u00f9 industrializzate e popolate. L\u2019ozono (O3) ha registrato 27 giorni di sforamenti nel 2021 rispetto alla media mobile sulle 8 ore di 120 \u03bcg\/mc.<\/em><\/p>\n\n\n\n<p><em>La citt\u00e0 di Lecce fronteggia questa situazione di \u201cmal d\u2019aria\u201d con soli 24000 alberi in aree pubbliche (dato dossier \u201cCitt\u00e0 pi\u00f9 verdi di Puglia 2022\u201d e comunque si tratta di una stima, non essendovi il Censimento del Verde) e meno di 10 mq di verde fruibile in area urbana per abitante (lo 0,2% del territorio comunale, al 97\u00b0 posto su 105 capoluoghi). Il patrimonio arboreo della citt\u00e0, gi\u00e0 esiguo come si pu\u00f2 vedere da questi pessimi dati, non pu\u00f2 essere, quindi, ulteriormente depauperato. Lecce non pu\u00f2 consentire la perdita di nessun albero sano e non pericolante, in considerazione della grave penuria di alberi e di verde fruibile nell\u2019area urbana.<br>La storica carenza di acque superficiali, dovuta al contesto carsico su cui \u00e8 posizionata Lecce, ha reso la nostra citt\u00e0 una \u201ccitt\u00e0 di pietra\u201d, pi\u00f9 che una \u201ccitt\u00e0 verde\u201d. Lecce \u00e8 una citt\u00e0 in cui storicamente le amministrazioni hanno avuto quasi \u201cpaura\u201d ad impiantare aree verdi, preoccupate dai costi di gestione che sono apparsi esorbitanti. <\/em><\/p>\n\n\n\n<p><em>Il verde a Lecce ha finito per rivestire una funzione puramente decorativa e quel poco di verde storico esistente, eccezion fatta per la Villa Comunale, \u00e8 nelle mani di privati.<br>Oggi la Citt\u00e0, dopo un necessario censimento del verde pubblico a ben 10 anni dalla legge 10\/2013 che imponeva ai comuni sopra i 15000 abitanti di dotarsene, vorrebbe elaborare un Piano del Verde e del relativo Regolamento, che dia chiarezza e prospettiva all\u2019impianto e alla gestione del verde pubblico a Lecce. Prima di questi passaggi necessari, che porteranno la citt\u00e0 a conoscere meglio il proprio patrimonio arboreo e a programmare il suo potenziamento, nessuna sottrazione di alberi deve essere possibile.<br>\u00c8 per questo che, i sottoscrittori della Petizione, vertente, come da Statuto, in materia di esclusiva competenza locale, con interesse generale o di particolare gravit\u00e0, intendono<br><strong>IMPEGNARE<br>il Sindaco e il Presidente del Consiglio Comunale ad impedire il taglio di ogni singolo albero pubblico che non sia pericolante e costituisca concreto ed attuale pericolo per l\u2019incolumit\u00e0 pubblica, almeno fino alla redazione del Piano e Regolamento del Verde, atti di indirizzo che determineranno le scelte future in materia ambientale della citt\u00e0 e a far s\u00ec che ogni progetto da realizzarsi in citt\u00e0 (di natura stradale, urbanistica, sottoservizi e di ogni altro tipo) sia realizzato senza il taglio di alcun albero non costituente pericolo pubblico, accertato da perizia agronomica redatta da figura professionale competente nella gestione del verde urbano.<\/strong><\/em>  &nbsp;______ <\/p>\n\n\n\n<p>LA RICERCA nel nostro articolo di ieri<\/p>\n\n\n\n<p><blockquote class=\"wp-embedded-content\" data-secret=\"sAD9iUMKcV\"><a href=\"https:\/\/www.leccecronaca.it\/index.php\/2023\/03\/16\/lecce-hanno-fatto-un-deserto-e-lo-hanno-chiamato-riqualificazione-urbana\/\">LECCE, HANNO FATTO UN DESERTO E LO HANNO CHIAMATO &#8216;RIQUALIFICAZIONE URBANA&#8217;<\/a><\/blockquote><iframe class=\"wp-embedded-content\" sandbox=\"allow-scripts\" security=\"restricted\" style=\"position: absolute; clip: rect(1px, 1px, 1px, 1px);\" title=\"&#8220;LECCE, HANNO FATTO UN DESERTO E LO HANNO CHIAMATO &#8216;RIQUALIFICAZIONE URBANA&#8217;&#8221; &#8212; LecceCronaca.it\" src=\"https:\/\/www.leccecronaca.it\/index.php\/2023\/03\/16\/lecce-hanno-fatto-un-deserto-e-lo-hanno-chiamato-riqualificazione-urbana\/embed\/#?secret=lFRzuja0fL#?secret=sAD9iUMKcV\" data-secret=\"sAD9iUMKcV\" width=\"500\" height=\"282\" frameborder=\"0\" marginwidth=\"0\" marginheight=\"0\" scrolling=\"no\"><\/iframe><\/p>\n\n\n\n<p><\/p>\n<fb:like href='https:\/\/www.leccecronaca.it\/index.php\/2023\/03\/17\/impedire-%ef%bf%bcil-taglio-di-ogni-singolo-albero-pubblico\/' send='true' layout='button_count' show_faces='true' width='450' height='65' action='recommend' colorscheme='light' font='lucida grande'><\/fb:like><span class=\"fb_share\"><fb:like href=\"https:\/\/www.leccecronaca.it\/index.php\/2023\/03\/17\/impedire-%ef%bf%bcil-taglio-di-ogni-singolo-albero-pubblico\/\" layout=\"button_count\"><\/fb:like><\/span>","protected":false},"excerpt":{"rendered":"<p>Dall\u2019avvocato Alessandro Presicce&nbsp;(nella foto), presidente della Terza Consulta comunale, riceviamo e volentieri pubblichiamo &nbsp;______ La Terza Consulta Comunale di Lecce (Assetto e gestione del territorio, ecologia, ambiente e qualit\u00e0 della vita) lancia all&#8217;unanimit\u00e0 una Petizione al Sindaco&nbsp;e al Presidente del Consiglio Comunale, ai sensi dell&#8217;art. 16 dello Statuto Comunale. Strumento tradizionalmente poco utilizzato, le Petizioni [&hellip;]<\/p>\n","protected":false},"author":4,"featured_media":213040,"comment_status":"open","ping_status":"closed","sticky":false,"template":"","format":"standard","meta":[],"categories":[69,98,36],"tags":[],"_links":{"self":[{"href":"https:\/\/www.leccecronaca.it\/index.php\/wp-json\/wp\/v2\/posts\/213039"}],"collection":[{"href":"https:\/\/www.leccecronaca.it\/index.php\/wp-json\/wp\/v2\/posts"}],"about":[{"href":"https:\/\/www.leccecronaca.it\/index.php\/wp-json\/wp\/v2\/types\/post"}],"author":[{"embeddable":true,"href":"https:\/\/www.leccecronaca.it\/index.php\/wp-json\/wp\/v2\/users\/4"}],"replies":[{"embeddable":true,"href":"https:\/\/www.leccecronaca.it\/index.php\/wp-json\/wp\/v2\/comments?post=213039"}],"version-history":[{"count":3,"href":"https:\/\/www.leccecronaca.it\/index.php\/wp-json\/wp\/v2\/posts\/213039\/revisions"}],"predecessor-version":[{"id":213043,"href":"https:\/\/www.leccecronaca.it\/index.php\/wp-json\/wp\/v2\/posts\/213039\/revisions\/213043"}],"wp:featuredmedia":[{"embeddable":true,"href":"https:\/\/www.leccecronaca.it\/index.php\/wp-json\/wp\/v2\/media\/213040"}],"wp:attachment":[{"href":"https:\/\/www.leccecronaca.it\/index.php\/wp-json\/wp\/v2\/media?parent=213039"}],"wp:term":[{"taxonomy":"category","embeddable":true,"href":"https:\/\/www.leccecronaca.it\/index.php\/wp-json\/wp\/v2\/categories?post=213039"},{"taxonomy":"post_tag","embeddable":true,"href":"https:\/\/www.leccecronaca.it\/index.php\/wp-json\/wp\/v2\/tags?post=213039"}],"curies":[{"name":"wp","href":"https:\/\/api.w.org\/{rel}","templated":true}]}}