{"id":213071,"date":"2023-03-18T09:26:26","date_gmt":"2023-03-18T08:26:26","guid":{"rendered":"http:\/\/www.leccecronaca.it\/?p=213071"},"modified":"2023-03-18T09:31:13","modified_gmt":"2023-03-18T08:31:13","slug":"ugento-gia-martoriata-dalladiscarica-di-burgesi-non-vuole-il-forno-crematorio","status":"publish","type":"post","link":"https:\/\/www.leccecronaca.it\/index.php\/2023\/03\/18\/ugento-gia-martoriata-dalladiscarica-di-burgesi-non-vuole-il-forno-crematorio\/","title":{"rendered":"UGENTO GIA&#8217; MARTORIATA DALLA DISCARICA DI  BURGESI NON VUOLE IL FORNO CREMATORIO"},"content":{"rendered":"\n<p><img decoding=\"async\" loading=\"lazy\" width=\"1200\" height=\"1600\" class=\"wp-image-213072\" style=\"width: 800px;\" src=\"https:\/\/www.leccecronaca.it\/wordpress\/wp-content\/uploads\/2023\/03\/fougedue.jpg\" alt=\"\" srcset=\"https:\/\/www.leccecronaca.it\/wordpress\/wp-content\/uploads\/2023\/03\/fougedue.jpg 1200w, https:\/\/www.leccecronaca.it\/wordpress\/wp-content\/uploads\/2023\/03\/fougedue-225x300.jpg 225w, https:\/\/www.leccecronaca.it\/wordpress\/wp-content\/uploads\/2023\/03\/fougedue-768x1024.jpg 768w, https:\/\/www.leccecronaca.it\/wordpress\/wp-content\/uploads\/2023\/03\/fougedue-1152x1536.jpg 1152w\" sizes=\"(max-width: 1200px) 100vw, 1200px\" \/><\/p>\n\n\n\n<p>di <strong>Daniela Casciaro<\/strong> &nbsp;______<\/p>\n\n\n\n<p>Sala gremita l&#8217;altra sera al Teatro dell&#8217;Oratorio di Ugento (nelle foto),\u00a0per l&#8217;incontro pubblico organizzato dal Comitato No Forno Crematorio sul tema &#8220;Quali rischi per la Salute?&#8221;.\u00a0<\/p>\n\n\n\n<p>Un secco &#8220;No&#8221;&nbsp; alla nascita di un forno Crematorio ad Ugento da parte di tantissimi cittadini che hanno espresso il proprio disappunto. Un &#8220;No&#8221;&nbsp; anche da parte degli esperti in ambito medico e scientifico che durante la serata hanno illustrato l&#8217;impatto ambientale derivante dai forni crematori in relazione al territorio di Ugento e del Salento che risulta gi\u00e0 compromesso da varie fonti inquinanti. Presenti anche alcune&nbsp; associazioni&nbsp; del Comito del No al forno Crematorio di Caprarica di Lecce.<\/p>\n\n\n\n<p><\/p>\n\n\n\n<p>Ad introdurre la serata, il parroco <strong>don Stefano Ancora<\/strong> che ha affrontato&nbsp; il tema della cremazione&nbsp; da un punto di vista etico-religioso,&nbsp; evidenziando l&#8217;importanza del dibattito a tutti i livelli (religioso, scientifico, politico e legislativo) ribadendo che le scelte devono essere fatte in &#8220;scienza e coscienza&#8221;,&nbsp; pensando a cosa \u00e8&nbsp; bene per tutti, sia per chi non c&#8217;\u00e8 pi\u00f9, conservandone la memoria, sia per le nuove generazioni, alle quali si sta consegnando un ambiente devastato&nbsp; come ricorda lo stesso Papa Francesco, evidenziando che oltre all&#8217;ambiente della terra c&#8217;\u00e8 anche quello dell&#8217;uomo e della persona.<\/p>\n\n\n\n<p><\/p>\n\n\n\n<p>Da un punto di vista scientifico <strong>Cristina Mangia<\/strong>, ricercatrice del C.N.R. (Consiglio Nazionale delle Ricerche) ha illustrato gli impatti ambientali dei crematori e di come questi possano variare e&nbsp; incidere in base al luogo in cui nasce un impianto. Nel caso di Ugento, con le vicende legate alla ex discarica Burgesi, esisterebbero gi\u00e0 delle criticit\u00e0 manifestatesi nel tempo.<\/p>\n\n\n\n<p><\/p>\n\n\n\n<p><strong>Giuseppe Serravezza<\/strong>, oncologo e responsabile scientifico della LILT, Lega Italiana Lotta ai Tumori, ha ribadito che il Salento \u00e8 gi\u00e0 martoriato, come evidenziano i&nbsp; dati di mortalit\u00e0 per cancro in provincia di Lecce, che superano addirittura quelli di Brindisi e Taranto. In particolare, nel territorio ugentino, dagli studi sulle matrici ambientali risulterebbero notevoli criticit\u00e0; pertanto, aggiungere altre&nbsp; tipologie di emissione non farebbe altro che peggiorare a dismisura una situazione gi\u00e0 tragica. <\/p>\n\n\n\n<p>L&#8217;avvocato <strong>Antonio Munitello<\/strong>, rappresentante del &#8220;Comitato No Forno Crematorio ad Ugento&#8221;, ha sottolineato&nbsp; come sia complicato controllare 24 ore su 24 ore un forno Crematorio, tenendo conto anche delle esperienze passate avute su Ugento.<\/p>\n\n\n\n<p><\/p>\n\n\n\n<p>Dal videomessaggio del dottor Sergio Mangia dell&#8217;ISDE, Associazione Internazionale Medici per l&#8217;ambiente, sono emerse le patologie derivanti dalle&nbsp; emissioni di mercurio e diossina provenienti dai crematori: non solo tumori, ma anche malattie che possono colpire il sistema nervoso in via di sviluppo,&nbsp; deficit del quoziente di intelligenza, disordini dello spettro autistico, dislessia,&nbsp; disturbi del comportamento e dell&#8217; attenzione.<\/p>\n\n\n\n<p><\/p>\n\n\n\n<p><strong>Cristian Rovito<\/strong>, esperto ambientale e sociologo, invece, ha posto l&#8217;interrogativo se il Comune abbia fatto uno studio sulla popolazione in merito all&#8217;esigenza di un forno Crematorio, dato che i morti ad Ugento ogni anno sono poco pi\u00f9 di un centinaio. <\/p>\n\n\n\n<p><\/p>\n\n\n\n<p>Forte e toccante la lettera di <strong>Catia Scarcia<\/strong>, cittadina ugentina da anni impegnata in tante battaglie ambientali, assente per motivi di salute.<\/p>\n\n\n\n<p><\/p>\n\n\n\n<p>Tra i politici sono intervenuti i consiglieri di opposizione <strong>Giulio Lisi<\/strong> e <strong>Laura de Nuzzo<\/strong>. <\/p>\n\n\n\n<p>Per il Comune di Presicce-Acquarica, il dottor Sergio Scarcella, medico di base,assessore alla Salute ha ribadito come i malati di cancro di anno in anno sono in aumento tra i pazienti: da ci\u00f2 il suo &#8220;no&#8221; al cancro e al forno crematorio, proponendo l&#8217;idea di un eventuale referendum.<\/p>\n\n\n\n<p><\/p>\n\n\n\n<p>Tanti gli interventi dei cittadini che hanno manifestato una certa perplessit\u00e0&nbsp; per l&#8217;assenza del Sindaco di Ugento, Salvatore Chiga e dell&#8217;Amministrazione Comunale. <\/p>\n\n\n\n<p>Intanto, il Comitato da alcuni giorni ha dato inizio ad una raccolta firme, con l&#8217; obiettivo di portare l&#8217;Amministrazione a un ripensamento, tenendo conto degli elementi e dei pareri scientifici emersi dal dibattito del convegno, ritirando definitivamente il progetto.<\/p>\n\n\n\n<p><img decoding=\"async\" loading=\"lazy\" width=\"2048\" height=\"1152\" class=\"wp-image-213073\" style=\"width: 800px;\" src=\"https:\/\/www.leccecronaca.it\/wordpress\/wp-content\/uploads\/2023\/03\/fouge.jpg\" alt=\"\" srcset=\"https:\/\/www.leccecronaca.it\/wordpress\/wp-content\/uploads\/2023\/03\/fouge.jpg 2048w, https:\/\/www.leccecronaca.it\/wordpress\/wp-content\/uploads\/2023\/03\/fouge-300x169.jpg 300w, https:\/\/www.leccecronaca.it\/wordpress\/wp-content\/uploads\/2023\/03\/fouge-1024x576.jpg 1024w, https:\/\/www.leccecronaca.it\/wordpress\/wp-content\/uploads\/2023\/03\/fouge-768x432.jpg 768w, https:\/\/www.leccecronaca.it\/wordpress\/wp-content\/uploads\/2023\/03\/fouge-1536x864.jpg 1536w\" sizes=\"(max-width: 2048px) 100vw, 2048px\" \/><\/p>\n\n\n\n<p>______<\/p>\n\n\n\n<p>LA RICERCA nei nostri articoli del 25 febbraio e 1 marzo scorsi<\/p>\n\n\n\n<p><blockquote class=\"wp-embedded-content\" data-secret=\"KImrXQr4pE\"><a href=\"https:\/\/www.leccecronaca.it\/index.php\/2023\/02\/24\/la-nascita-del-comitato-no-forno-crematorio-a-ugento-notizie-e-commenti\/\">LA NASCITA DEL COMITATO &#8220;No Forno Crematorio a Ugento&#8221;. NOTIZIE E COMMENTI<\/a><\/blockquote><iframe class=\"wp-embedded-content\" sandbox=\"allow-scripts\" security=\"restricted\" style=\"position: absolute; clip: rect(1px, 1px, 1px, 1px);\" title=\"&#8220;LA NASCITA DEL COMITATO &#8220;No Forno Crematorio a Ugento&#8221;. NOTIZIE E COMMENTI&#8221; &#8212; LecceCronaca.it\" src=\"https:\/\/www.leccecronaca.it\/index.php\/2023\/02\/24\/la-nascita-del-comitato-no-forno-crematorio-a-ugento-notizie-e-commenti\/embed\/#?secret=JTtMKVkDIm#?secret=KImrXQr4pE\" data-secret=\"KImrXQr4pE\" width=\"500\" height=\"282\" frameborder=\"0\" marginwidth=\"0\" marginheight=\"0\" scrolling=\"no\"><\/iframe><\/p>\n\n\n\n<p><blockquote class=\"wp-embedded-content\" data-secret=\"Mzpm7GTe5d\"><a href=\"https:\/\/www.leccecronaca.it\/index.php\/2023\/03\/01\/il-contestato-forno-crematorio-previsto-a-ugento-sviluppi-le-ragioni-di-un-no\/\">IL CONTESTATO FORNO CREMATORIO PREVISTO A UGENTO. SVILUPPI. LE RAGIONI DI UN NO<\/a><\/blockquote><iframe class=\"wp-embedded-content\" sandbox=\"allow-scripts\" security=\"restricted\" style=\"position: absolute; clip: rect(1px, 1px, 1px, 1px);\" title=\"&#8220;IL CONTESTATO FORNO CREMATORIO PREVISTO A UGENTO. SVILUPPI. LE RAGIONI DI UN NO&#8221; &#8212; LecceCronaca.it\" src=\"https:\/\/www.leccecronaca.it\/index.php\/2023\/03\/01\/il-contestato-forno-crematorio-previsto-a-ugento-sviluppi-le-ragioni-di-un-no\/embed\/#?secret=Nmo0KndJfG#?secret=Mzpm7GTe5d\" data-secret=\"Mzpm7GTe5d\" width=\"500\" height=\"282\" frameborder=\"0\" marginwidth=\"0\" marginheight=\"0\" scrolling=\"no\"><\/iframe><\/p>\n<fb:like href='https:\/\/www.leccecronaca.it\/index.php\/2023\/03\/18\/ugento-gia-martoriata-dalladiscarica-di-burgesi-non-vuole-il-forno-crematorio\/' send='true' layout='button_count' show_faces='true' width='450' height='65' action='recommend' colorscheme='light' font='lucida grande'><\/fb:like><span class=\"fb_share\"><fb:like href=\"https:\/\/www.leccecronaca.it\/index.php\/2023\/03\/18\/ugento-gia-martoriata-dalladiscarica-di-burgesi-non-vuole-il-forno-crematorio\/\" layout=\"button_count\"><\/fb:like><\/span>","protected":false},"excerpt":{"rendered":"<p>di Daniela Casciaro &nbsp;______ Sala gremita l&#8217;altra sera al Teatro dell&#8217;Oratorio di Ugento (nelle foto),\u00a0per l&#8217;incontro pubblico organizzato dal Comitato No Forno Crematorio sul tema &#8220;Quali rischi per la Salute?&#8221;.\u00a0 Un secco &#8220;No&#8221;&nbsp; alla nascita di un forno Crematorio ad Ugento da parte di tantissimi cittadini che hanno espresso il proprio disappunto. Un &#8220;No&#8221;&nbsp; anche [&hellip;]<\/p>\n","protected":false},"author":4,"featured_media":0,"comment_status":"open","ping_status":"closed","sticky":false,"template":"","format":"standard","meta":[],"categories":[69,76],"tags":[],"_links":{"self":[{"href":"https:\/\/www.leccecronaca.it\/index.php\/wp-json\/wp\/v2\/posts\/213071"}],"collection":[{"href":"https:\/\/www.leccecronaca.it\/index.php\/wp-json\/wp\/v2\/posts"}],"about":[{"href":"https:\/\/www.leccecronaca.it\/index.php\/wp-json\/wp\/v2\/types\/post"}],"author":[{"embeddable":true,"href":"https:\/\/www.leccecronaca.it\/index.php\/wp-json\/wp\/v2\/users\/4"}],"replies":[{"embeddable":true,"href":"https:\/\/www.leccecronaca.it\/index.php\/wp-json\/wp\/v2\/comments?post=213071"}],"version-history":[{"count":3,"href":"https:\/\/www.leccecronaca.it\/index.php\/wp-json\/wp\/v2\/posts\/213071\/revisions"}],"predecessor-version":[{"id":213076,"href":"https:\/\/www.leccecronaca.it\/index.php\/wp-json\/wp\/v2\/posts\/213071\/revisions\/213076"}],"wp:attachment":[{"href":"https:\/\/www.leccecronaca.it\/index.php\/wp-json\/wp\/v2\/media?parent=213071"}],"wp:term":[{"taxonomy":"category","embeddable":true,"href":"https:\/\/www.leccecronaca.it\/index.php\/wp-json\/wp\/v2\/categories?post=213071"},{"taxonomy":"post_tag","embeddable":true,"href":"https:\/\/www.leccecronaca.it\/index.php\/wp-json\/wp\/v2\/tags?post=213071"}],"curies":[{"name":"wp","href":"https:\/\/api.w.org\/{rel}","templated":true}]}}