{"id":213091,"date":"2023-03-18T16:50:50","date_gmt":"2023-03-18T15:50:50","guid":{"rendered":"http:\/\/www.leccecronaca.it\/?p=213091"},"modified":"2023-03-18T17:22:51","modified_gmt":"2023-03-18T16:22:51","slug":"anteprima-fiorentina-lecce-domenica-19-ore-15-00","status":"publish","type":"post","link":"https:\/\/www.leccecronaca.it\/index.php\/2023\/03\/18\/anteprima-fiorentina-lecce-domenica-19-ore-15-00\/","title":{"rendered":"ANTEPRIMA FIORENTINA-LECCE, DOMENICA 19 ORE 15.00"},"content":{"rendered":"\n<p>(m.a.) <strong>______<\/strong><\/p>\n\n\n\n<p>Il Lecce \u00e8 pronto per  la proibitiva  trasferta di Firenze. <\/p>\n\n\n\n<p>I giallorossi, dopo aver effettuato la rifinitura questa mattina  sul terreno del Via del Mare, voleranno nel pomeriggio alla volta del capoluogo toscano, dove domani affronteranno la Fiorentina  alle ore 15.00.<\/p>\n\n\n\n<p>I salentini, reduci da tre sconfitte consecutive ,  stanno attraversando  un periodo di crisi dal punto di vista psico fisico, che coinvolge soprattutto i leader tecnici della rosa, Di Francesco e Strefezza su tutti. Per non parlare poi del centrocampo e in generale delle fasce, meno in forma del solito.<\/p>\n\n\n\n<p>Ne risulta quindi  una squadra meno ficcante e insidiosa davanti, e leggermente  pi\u00f9 vulnerabile  in fase difensiva.<\/p>\n\n\n\n<p>Certo, \u00e8 giusto evitare inutili allarmismi, ci pu\u00f2 stare che una  neopromossa e ricca di giovani inesperti  accusi una flessione, a maggior ragione con avversari pi\u00f9 forti, e poi la classifica sorride ancora alla truppa  di Baroni, distanti ancora otto lunghezze dal terzultimo posto a 27 punti.<\/p>\n\n\n\n<p>Una situazione certamente tranquilla se consideriamo che mancano 12 partite, di cui 4  saranno scontri diretti (1 fuori e tre al Via del Mare).<\/p>\n\n\n\n<p>Guai, per\u00f2, a dormire sugli allori.<\/p>\n\n\n\n<p>Domani coi gigliati sar\u00e0 importante scendere in campo con il giusto atteggiamento per provare a strappare  almeno un punto.<\/p>\n\n\n\n<p>Durante la pausa Nazionali , poi, il Lecce ricaricher\u00e0 le pile con l&#8217;obiettivo di   farsi trovare pronto per il rush finale.<\/p>\n\n\n\n<p><\/p>\n\n\n\n<p><strong>FIORENTINA<\/strong><\/p>\n\n\n\n<p>I toscani attualmente occupano l&#8217;undicesimo posto con 34 punti, frutto di 9 vittorie, 7 pareggi e 10 ko. Hanno messo a segno 31 gol e ne hanno subiti sempre 31. Bilancio dunque in perfetto  equilibrio.<\/p>\n\n\n\n<p>Non possiamo definire il campionato  dei gigliati positivo al cento per cento. <\/p>\n\n\n\n<p>Non sarebbe un&#8217;eresia dire che la Fiorentina avrebbe potuto tranquillamente lottare per l&#8217;Europa considerando l&#8217;organico di cui pu\u00f2 disporre, ma qualcosa nel corso di questa stagione non ha funzionato e i viola fino a met\u00e0  febbraio erano relegati nei bassifondi della classifica.<\/p>\n\n\n\n<p>Tuttavia  sono in netta ripresa e nell&#8217;ultimo mese tra campionato e coppa    hanno inanellato una striscia positiva di sette risultati utili consecutivi, di cui 5 vittorie consecutive.<\/p>\n\n\n\n<p>Gli uomini di Vincenzo  Italiano hanno intenzione di continuare a macinare  punti, il Lecce \u00e8 avvisato&#8230;.<\/p>\n\n\n\n<p><\/p>\n\n\n\n<p><\/p>\n\n\n\n<p>EX DI TURNO<\/p>\n\n\n\n<p>Fiorentina-Lecce \u00e8 una gara con numerosi ex. <\/p>\n\n\n\n<p>Tra i viola diversi calciatori in passato hanno indossato la casacca  giallorossa, pensiamo a Rosati, Venuti, Barak e Saponara.<\/p>\n\n\n\n<p>Per quanto concerne i salentini, invece,  inizialmente  ci dobbiamo spostare dal campo  dietro la scrivania. <\/p>\n\n\n\n<p>Non possiamo infatti  non menzionare subito  Pantaleo Corvino. L&#8217;attuale responsabile dell&#8217;Area Tecnica giallorosso  ha vissuto in riva all&#8217;Arno un&#8217;emozionante  e proficua esperienza. Domani sar\u00e0 il suo derby del cuore.  Proseguiamo  poi  con  l&#8217;ad Sandro Mencucci, fiorentino di nascita, all&#8217;epoca l&#8217;uomo dei conti del club guidato dai Della Valle.  <\/p>\n\n\n\n<p>Concludiamo  la nostra carrellata con il tecnico Marco Baroni, anche lui nato all&#8217;ombra degli Uffizi, e  il centrocampista Maleh, giunto nel Salento a gennaio proprio dai toscani.<\/p>\n\n\n\n<p><\/p>\n\n\n\n<p>I &#8220;NAZIONALI&#8221; DEL LECCE<\/p>\n\n\n\n<p>Di seguito l&#8217;elenco dei calciatori del Lecce che durante questa pausa saranno impegnati con le  rispettive Nazionali:<\/p>\n\n\n\n<p>BANDA (ZAMBIA)<\/p>\n\n\n\n<p>CEESAY (GAMBIA)<\/p>\n\n\n\n<p>FALCONE (ITALIA)<\/p>\n\n\n\n<p>HELGASON (ISLANDA)<\/p>\n\n\n\n<p>HJULMAND (DANIMARCA)<\/p>\n\n\n\n<p>COLOMBO (ITALIA UNDER 21)<\/p>\n\n\n\n<p>GALLO (ITALIA UNDER 21)<\/p>\n\n\n\n<p>GENDREY (FRANCIA UNDER 21)<\/p>\n\n\n\n<p>PERSSON (SVEZIA UNDER 21)<\/p>\n\n\n\n<p><\/p>\n\n\n\n<p><\/p>\n\n\n\n<p>PROBABILI FORMAZIONI <\/p>\n\n\n\n<p>LECCE <\/p>\n\n\n\n<p>Mister Baroni non abbandona il suo fido 4-3-3 ma potrebbe cambiare qualcosa rispetto alla  partita contro il Torino. Il tecnico fiorentino deve fare a meno solo dei lungodegenti Pongracic e Dermaku.<\/p>\n\n\n\n<p>Tra i pali ci sar\u00e0 senza alcun dubbio Falcone, fresco di convocazione in Nazionale. In difesa solo conferme con Gendrey e Gallo sulle corsie esterne e il duo Umtiti-Baschirotto al centro.<\/p>\n\n\n\n<p>Sulla mediana, ai lati di capitan Hjulmand, l&#8217;ex Maleh insidia Blin e Gonzalez per una maglia, mentre davanti Oudin potrebbe avere un&#8217;occasione dal primo minuto. In questo caso  Strefezza verrebbe dirottato sull&#8217;out di  destra con Di Francesco, piuttosto deludente nelle ultime uscite,  in  panchina.  Al centro del tridente offensivo Colombo pu\u00f2 dare il cambio a Ceesay.<\/p>\n\n\n\n<p><\/p>\n\n\n\n<p><\/p>\n\n\n\n<p>FIORENTINA (4-3-3)<\/p>\n\n\n\n<p>Anche mister Italiano potrebbe apportare qualche modifica visto l&#8217; impegno europeo. <\/p>\n\n\n\n<p>Tra i pali confermato Terracciano, mentre nel reparto difensivo sulla destra  Venuti pu\u00f2  far rifiatare Dod\u00f2, con Milenkovic e Igor al centro. Sulla fascia sinistra, invece, \u00e8 pressoch\u00e9 certo l&#8217;impiego di  Biraghi.<\/p>\n\n\n\n<p>In mezzo al campo, intoccabili Mandragora e Amrabat, Bonaventura e Barak si contendono l&#8217;ultima maglia disponibile.<\/p>\n\n\n\n<p>In avanti, ballottaggio sulla destra tra Ikon\u00e8 e Saponara, mentre Cabral e Gonzalez sembrano sicuri del posto.<\/p>\n\n\n\n<p><\/p>\n\n\n\n<p><\/p>\n\n\n\n<p>ARBITRO, ORARIO E DIRETTA TV<\/p>\n\n\n\n<p>Al Franchi arbitra il sig. Abisso della sezione di Palermo. Fischio d&#8217;inizio alle ore  15.00. Diretta tv su Dazn.<\/p>\n\n\n\n<p><\/p>\n\n\n\n<p><\/p>\n\n\n\n<p><\/p>\n\n\n\n<p><\/p>\n\n\n\n<p><\/p>\n\n\n\n<p><\/p>\n\n\n\n<p><\/p>\n\n\n\n<p><\/p>\n\n\n\n<p><\/p>\n\n\n\n<p><\/p>\n\n\n\n<p><\/p>\n<fb:like href='https:\/\/www.leccecronaca.it\/index.php\/2023\/03\/18\/anteprima-fiorentina-lecce-domenica-19-ore-15-00\/' send='true' layout='button_count' show_faces='true' width='450' height='65' action='recommend' colorscheme='light' font='lucida grande'><\/fb:like><span class=\"fb_share\"><fb:like href=\"https:\/\/www.leccecronaca.it\/index.php\/2023\/03\/18\/anteprima-fiorentina-lecce-domenica-19-ore-15-00\/\" layout=\"button_count\"><\/fb:like><\/span>","protected":false},"excerpt":{"rendered":"<p>(m.a.) ______ Il Lecce \u00e8 pronto per la proibitiva trasferta di Firenze. I giallorossi, dopo aver effettuato la rifinitura questa mattina sul terreno del Via del Mare, voleranno nel pomeriggio alla volta del capoluogo toscano, dove domani affronteranno la Fiorentina alle ore 15.00. I salentini, reduci da tre sconfitte consecutive , stanno attraversando un periodo [&hellip;]<\/p>\n","protected":false},"author":4,"featured_media":213101,"comment_status":"open","ping_status":"closed","sticky":false,"template":"","format":"standard","meta":[],"categories":[28],"tags":[],"_links":{"self":[{"href":"https:\/\/www.leccecronaca.it\/index.php\/wp-json\/wp\/v2\/posts\/213091"}],"collection":[{"href":"https:\/\/www.leccecronaca.it\/index.php\/wp-json\/wp\/v2\/posts"}],"about":[{"href":"https:\/\/www.leccecronaca.it\/index.php\/wp-json\/wp\/v2\/types\/post"}],"author":[{"embeddable":true,"href":"https:\/\/www.leccecronaca.it\/index.php\/wp-json\/wp\/v2\/users\/4"}],"replies":[{"embeddable":true,"href":"https:\/\/www.leccecronaca.it\/index.php\/wp-json\/wp\/v2\/comments?post=213091"}],"version-history":[{"count":2,"href":"https:\/\/www.leccecronaca.it\/index.php\/wp-json\/wp\/v2\/posts\/213091\/revisions"}],"predecessor-version":[{"id":213104,"href":"https:\/\/www.leccecronaca.it\/index.php\/wp-json\/wp\/v2\/posts\/213091\/revisions\/213104"}],"wp:featuredmedia":[{"embeddable":true,"href":"https:\/\/www.leccecronaca.it\/index.php\/wp-json\/wp\/v2\/media\/213101"}],"wp:attachment":[{"href":"https:\/\/www.leccecronaca.it\/index.php\/wp-json\/wp\/v2\/media?parent=213091"}],"wp:term":[{"taxonomy":"category","embeddable":true,"href":"https:\/\/www.leccecronaca.it\/index.php\/wp-json\/wp\/v2\/categories?post=213091"},{"taxonomy":"post_tag","embeddable":true,"href":"https:\/\/www.leccecronaca.it\/index.php\/wp-json\/wp\/v2\/tags?post=213091"}],"curies":[{"name":"wp","href":"https:\/\/api.w.org\/{rel}","templated":true}]}}