{"id":213490,"date":"2023-03-25T13:40:00","date_gmt":"2023-03-25T12:40:00","guid":{"rendered":"http:\/\/www.leccecronaca.it\/?p=213490"},"modified":"2023-03-25T16:35:26","modified_gmt":"2023-03-25T15:35:26","slug":"leradicazione-urgente-di-un-albero-di-olivo-monumentale-e-illegittima-qualora-lobiettivo-di-contrastare-la-diffusione-della-xylella-fastidiosa-possa-perseguirsi-attraverso-m","status":"publish","type":"post","link":"https:\/\/www.leccecronaca.it\/index.php\/2023\/03\/25\/leradicazione-urgente-di-un-albero-di-olivo-monumentale-e-illegittima-qualora-lobiettivo-di-contrastare-la-diffusione-della-xylella-fastidiosa-possa-perseguirsi-attraverso-m\/","title":{"rendered":"\u201cL\u2019eradicazione urgente di un olivo monumentale \u00e8 illegittima qualora l\u2019obiettivo di contrastare la Xylella possa perseguirsi attraverso misure fitosanitarie\u201d"},"content":{"rendered":"\n<p><img decoding=\"async\" loading=\"lazy\" width=\"1024\" height=\"768\" class=\"wp-image-213493\" style=\"width: 1200px;\" src=\"https:\/\/www.leccecronaca.it\/wordpress\/wp-content\/uploads\/2023\/03\/P1240006-2-1.jpg\" alt=\"\" srcset=\"https:\/\/www.leccecronaca.it\/wordpress\/wp-content\/uploads\/2023\/03\/P1240006-2-1.jpg 1024w, https:\/\/www.leccecronaca.it\/wordpress\/wp-content\/uploads\/2023\/03\/P1240006-2-1-300x225.jpg 300w, https:\/\/www.leccecronaca.it\/wordpress\/wp-content\/uploads\/2023\/03\/P1240006-2-1-768x576.jpg 768w, https:\/\/www.leccecronaca.it\/wordpress\/wp-content\/uploads\/2023\/03\/P1240006-2-1-400x300.jpg 400w\" sizes=\"(max-width: 1024px) 100vw, 1024px\" \/><\/p>\n\n\n\n<p>Riceviamo e volentieri pubblichiamo. Giorgio Doveri, coordinatore del Comitato scientifico multidisciplinare indipendente, ci manda il seguente comunicato (foto di Roberto Pagliara) ______&nbsp;<\/p>\n\n\n\n<p>Il Tar Bari fa la differenza e segna una svolta epocale per la gestione della batteriosi da <em>XF<\/em>: la ricerca scientifica \u00e8 legittima e pu\u00f2 costituire una misura alternativa all\u2019espianto.<\/p>\n\n\n\n<p>Accolto il ricorso sugli alberi di Ostuni.<\/p>\n\n\n\n<p>Il Comitato Scientifico Multidisciplinare Indipendente: \u201c<em>ora affrontare il problema del disseccamento nella sua complessit\u00e0 senza catasfrofismi ed indicando soluzioni puntuali<\/em>\u201d.<\/p>\n\n\n\n<p>Il Tribunale Amministrativo Regionale per la Puglia (Sezione Terza) di Bari ha accolto i ricorsi presentati dai proprietari degli alberi di olivi monumentali e con caratteristiche di monumentalit\u00e0 di Ostuni, dichiarati positivi a Xylella fastidiosa dall\u2019Osservatorio fitosanitario regionale.<\/p>\n\n\n\n<p>I ricorsi erano stati presentati dall\u2019Avvocatessa Rosa Fanizzi del Foro di Lecce, a seguito di prescrizioni di abbattimento di ottobre-novembre 2021.<\/p>\n\n\n\n<p>Nella sentenza, i giudici del Tribunale Amministrativo, <strong>con una pronuncia che non conosce precedenti<\/strong>, accoglie integralmente le ragioni dei proprietari degli alberi monumentali di Ostuni, compiendo due importanti statuizioni: 1) la capitozzatura e l\u2019innesto costituiscono valide misure alternative all\u2019espianto previste dallo stesso legislatore regionale a tutela degli alberi monumentali e con caratteristiche di monumentalit\u00e0 della Piana degli Ulivi Secolari e pure ammesse dal Regolamento Comunitario del 2020; 2) anche la possibilit\u00e0 di fare ricerca scientifica sul campo \u00e8 prevista dal legislatore regionale pugliese ed \u00e8 conforme alle previsioni unionali, per cui va promossa quale misura parimenti legittima di lotta alla batteriosi da XF.<\/p>\n\n\n\n<p>I giudici pervengono cos\u00ec alla conclusione altrettanto decisiva ed epocale che: 1) \u201c<em>l\u2019eradicazione urgente di un albero di olivo monumentale \u00e8 illegittima qualora l\u2019obiettivo di contrastare la diffusione della Xylella fastidiosa possa perseguirsi attraverso misure fitosanitarie meno drastiche, peraltro indicate dal legislatore regionale in un testo normativo di settore<\/em>\u201d; 2) \u201c<em>\u00e8 errato ed illegittimo precludere attivit\u00e0 di indagine e ricerca scientifica, in uno all\u2019applicazione di protocolli di cura i quali, bench\u00e8 non validati da Autorit\u00e0 europea per la sicurezza alimentare, siano frutto di studio da parte di un collegio di esperti che ha messo in atto un approccio multidisciplinare per il contrasto della Xylella fastidiosa<\/em>\u201d.<\/p>\n\n\n\n<p>Spiega infatti il Tar pugliese che la circostanza per cui \u201c<em>non sono attualmente disponibili misure di controllo per eliminare l\u2019organismo nocivo specificato da una pianta malata in condizioni di campo aperto\u201d, <\/em><strong>non autorizza <\/strong><em>\u201ca ritenere del tutto preclusa l\u2019evoluzione delle conoscenze in materia agronomica, come sembra essere testimoniato proprio dall\u2019applicazione dei protocolli di cura impiegati dai ricorrenti<\/em>\u201d.<\/p>\n\n\n\n<p>Osservano infatti i giudici baresi che \u201c<em>l\u2019Autorit\u00e0 europea per la sicurezza alimentare non detiene il monopolio assoluto della ricerca scientifica in materia agronomica<\/em>\u201d e, per converso, \u201c<em>non pare al Collegio trascurabile quanto <\/em>(INVECE) <em>emerge dalla relazione di aggiornamento su attivit\u00e0 di studio ricerca\u201d <\/em>redatta dalla dott.ssa in Scienze Agrarie Emanuela Sardella e dal Comitato Scientifico Multidisciplinare Indipendente sugli alberi di olivo ricadenti in agro di Ostuni.<\/p>\n\n\n\n<p>Il Tar Bari boccia pertanto la scelta regionale di precludere spazi e riconoscimenti ad anni di studi e ricerca compiuti da <em>\u201cfigure professionali la cui competenza non sembra estranea alla materia specifica del contrasto della batteriosi da Xylella fastidiosa\u201d <\/em>e non pu\u00f2 certamente essere messa in discussione con riferimento ai membri del Comitato Scientifico Indipendente che seguono e curano gli alberi di Ostuni, tutti citati puntualmente nella sentenza: <em>\u201cil Prof. Marco Nuti, Professore emerito di Batteriologia presso Institute of Life Sciences, School of Advanced Studies Sant\u2019Anna, Pisa (Italy); il Prof. Giusto Giovannetti del Centro Colture Sperimentali, Olleyes, Quart, Aosta \u2013 il Prof. Marco Scortichini, presso il Research Centre for Olive, Fruit and Citrus Crops, Council for Agricultural Research and Economics, con sede a Roma, il Prof. Gianni Tamino, Biologo, ex<\/em><\/p>\n\n\n\n<p><em>Docente Universit\u00e0 di Padova, il Prof. Giovanni Pergolese: Chimico ed esperto in biotecnologie sui terreni, il Prof. Pietro Perrino, Dirigente di Ricerca C.N.R., gi\u00e0 Direttore dell\u2019Istituto del Germoplasma del CNR di Bari, il Dott. Giorgio Doveri: Chimico e tecnologo farmaceutico, coordinatore del Comitato SMI \u2013 il Dott. Massimo Blonda, Biologo, gi\u00e0 ricercatore CNR, a titolo di testimonianza di sostegno e non di partecipazione al lavoro\u201d.<\/em><\/p>\n\n\n\n<p>La pronuncia del Collegio pugliese costituisce \u2018<em>il regalo pi\u00f9 bello<\/em>\u2019 che il batterio della <em>XF <\/em>potesse ricevere per il suo decimo compleanno, aprendo la strada a quel cambio di rotta che i proprietari e i loro alberi chiedono da tempo alla Regione, al fine di combattere insieme e uniti lo stesso male e salvare la propria terra dalla distruzione di un pezzo irripetibile della propria storia.<\/p>\n\n\n\n<p>Il Comitato Scientifico si augura che questa pronuncia possa essere l\u2019inizio di un nuovo approccio al problema del disseccamento degli ulivi, che consideri la complessit\u00e0 delle cause del fenomeno, faccia valutazioni precise e contestualizzate, e puntualmente indichi le soluzioni da adottare per il ripristino e la corretta gestione delle piante.<\/p>\n\n\n\n<p>E\u2019 arrivato il tempo di una ricerca multidirezionale che parta dalle conoscenze acquisite per sperimentare nuove soluzioni condivise.<\/p>\n\n\n\n<p>Il Comitato sar\u00e0 sempre a disposizione delle istituzioni pubbliche preposte, degli agricoltori e delle loro associazioni, dei cittadini tutti, degli organi di informazione per la tutela delle attivit\u00e0 produttive e dei beni collettivi. ______&nbsp;<\/p>\n\n\n\n<p>LA RICERCA nei nostri due ultimi articoli sulla questione, del 22 e23 marzo scorsi<\/p>\n\n\n\n<p><blockquote class=\"wp-embedded-content\" data-secret=\"2BQJUec65E\"><a href=\"https:\/\/www.leccecronaca.it\/index.php\/2023\/03\/22\/contro-la-frode-xylella-la-lotta-continua\/\">CONTRO LA FRODE XYLELLA, LA LOTTA CONTINUA. \u201cComplottista \u00e8 chi nasconde la verit\u00e0\u201d<\/a><\/blockquote><iframe class=\"wp-embedded-content\" sandbox=\"allow-scripts\" security=\"restricted\" style=\"position: absolute; clip: rect(1px, 1px, 1px, 1px);\" title=\"&#8220;CONTRO LA FRODE XYLELLA, LA LOTTA CONTINUA. \u201cComplottista \u00e8 chi nasconde la verit\u00e0\u201d&#8221; &#8212; LecceCronaca.it\" src=\"https:\/\/www.leccecronaca.it\/index.php\/2023\/03\/22\/contro-la-frode-xylella-la-lotta-continua\/embed\/#?secret=BwpjlBNbaG#?secret=2BQJUec65E\" data-secret=\"2BQJUec65E\" width=\"500\" height=\"282\" frameborder=\"0\" marginwidth=\"0\" marginheight=\"0\" scrolling=\"no\"><\/iframe><\/p>\n\n\n\n<p><blockquote class=\"wp-embedded-content\" data-secret=\"Z2VhGTTrcr\"><a href=\"https:\/\/www.leccecronaca.it\/index.php\/2023\/03\/23\/sulla-xylella-due-sentenze-sconfessano-l-accanimento-terapeutico-della-regione-puglia\/\">SULLA XYLELLA DUE SENTENZE SCONFESSANO L&#8217; &#8216;ACCANIMENTO TERAPEUTICO&#8217; DELLA REGIONE PUGLIA<\/a><\/blockquote><iframe class=\"wp-embedded-content\" sandbox=\"allow-scripts\" security=\"restricted\" style=\"position: absolute; clip: rect(1px, 1px, 1px, 1px);\" title=\"&#8220;SULLA XYLELLA DUE SENTENZE SCONFESSANO L&#8217; &#8216;ACCANIMENTO TERAPEUTICO&#8217; DELLA REGIONE PUGLIA&#8221; &#8212; LecceCronaca.it\" src=\"https:\/\/www.leccecronaca.it\/index.php\/2023\/03\/23\/sulla-xylella-due-sentenze-sconfessano-l-accanimento-terapeutico-della-regione-puglia\/embed\/#?secret=ipOpBkMqvO#?secret=Z2VhGTTrcr\" data-secret=\"Z2VhGTTrcr\" width=\"500\" height=\"282\" frameborder=\"0\" marginwidth=\"0\" marginheight=\"0\" scrolling=\"no\"><\/iframe><\/p>\n<fb:like href='https:\/\/www.leccecronaca.it\/index.php\/2023\/03\/25\/leradicazione-urgente-di-un-albero-di-olivo-monumentale-e-illegittima-qualora-lobiettivo-di-contrastare-la-diffusione-della-xylella-fastidiosa-possa-perseguirsi-attraverso-m\/' send='true' layout='button_count' show_faces='true' width='450' height='65' action='recommend' colorscheme='light' font='lucida grande'><\/fb:like><span class=\"fb_share\"><fb:like href=\"https:\/\/www.leccecronaca.it\/index.php\/2023\/03\/25\/leradicazione-urgente-di-un-albero-di-olivo-monumentale-e-illegittima-qualora-lobiettivo-di-contrastare-la-diffusione-della-xylella-fastidiosa-possa-perseguirsi-attraverso-m\/\" layout=\"button_count\"><\/fb:like><\/span>","protected":false},"excerpt":{"rendered":"<p>Riceviamo e volentieri pubblichiamo. Giorgio Doveri, coordinatore del Comitato scientifico multidisciplinare indipendente, ci manda il seguente comunicato (foto di Roberto Pagliara) ______&nbsp; Il Tar Bari fa la differenza e segna una svolta epocale per la gestione della batteriosi da XF: la ricerca scientifica \u00e8 legittima e pu\u00f2 costituire una misura alternativa all\u2019espianto. Accolto il ricorso [&hellip;]<\/p>\n","protected":false},"author":4,"featured_media":213493,"comment_status":"open","ping_status":"closed","sticky":false,"template":"","format":"standard","meta":[],"categories":[69,76],"tags":[],"_links":{"self":[{"href":"https:\/\/www.leccecronaca.it\/index.php\/wp-json\/wp\/v2\/posts\/213490"}],"collection":[{"href":"https:\/\/www.leccecronaca.it\/index.php\/wp-json\/wp\/v2\/posts"}],"about":[{"href":"https:\/\/www.leccecronaca.it\/index.php\/wp-json\/wp\/v2\/types\/post"}],"author":[{"embeddable":true,"href":"https:\/\/www.leccecronaca.it\/index.php\/wp-json\/wp\/v2\/users\/4"}],"replies":[{"embeddable":true,"href":"https:\/\/www.leccecronaca.it\/index.php\/wp-json\/wp\/v2\/comments?post=213490"}],"version-history":[{"count":4,"href":"https:\/\/www.leccecronaca.it\/index.php\/wp-json\/wp\/v2\/posts\/213490\/revisions"}],"predecessor-version":[{"id":213496,"href":"https:\/\/www.leccecronaca.it\/index.php\/wp-json\/wp\/v2\/posts\/213490\/revisions\/213496"}],"wp:featuredmedia":[{"embeddable":true,"href":"https:\/\/www.leccecronaca.it\/index.php\/wp-json\/wp\/v2\/media\/213493"}],"wp:attachment":[{"href":"https:\/\/www.leccecronaca.it\/index.php\/wp-json\/wp\/v2\/media?parent=213490"}],"wp:term":[{"taxonomy":"category","embeddable":true,"href":"https:\/\/www.leccecronaca.it\/index.php\/wp-json\/wp\/v2\/categories?post=213490"},{"taxonomy":"post_tag","embeddable":true,"href":"https:\/\/www.leccecronaca.it\/index.php\/wp-json\/wp\/v2\/tags?post=213490"}],"curies":[{"name":"wp","href":"https:\/\/api.w.org\/{rel}","templated":true}]}}