{"id":213702,"date":"2023-03-29T20:51:29","date_gmt":"2023-03-29T18:51:29","guid":{"rendered":"http:\/\/www.leccecronaca.it\/?p=213702"},"modified":"2023-03-29T20:54:38","modified_gmt":"2023-03-29T18:54:38","slug":"213702","status":"publish","type":"post","link":"https:\/\/www.leccecronaca.it\/index.php\/2023\/03\/29\/213702\/","title":{"rendered":"PAPA FRANCESCO RICOVERATO IN OSPEDALE PER &#8220;affaticamento respiratorio&#8221; AVVERTITO IN MATTINATA"},"content":{"rendered":"\n<pre id=\"tw-target-text\" class=\"wp-block-preformatted\"><img decoding=\"async\" loading=\"lazy\" width=\"750\" height=\"421\" class=\"wp-image-213703\" style=\"width: 800px;\" src=\"https:\/\/www.leccecronaca.it\/wordpress\/wp-content\/uploads\/2023\/03\/cq5dam.thumbnail.cropped.750.422-1.jpeg\" alt=\"\" srcset=\"https:\/\/www.leccecronaca.it\/wordpress\/wp-content\/uploads\/2023\/03\/cq5dam.thumbnail.cropped.750.422-1.jpeg 750w, https:\/\/www.leccecronaca.it\/wordpress\/wp-content\/uploads\/2023\/03\/cq5dam.thumbnail.cropped.750.422-1-300x168.jpeg 300w\" sizes=\"(max-width: 750px) 100vw, 750px\" \/>\n(Rdl) ______ <em>\u201cQuesto pomeriggio il Santo Padre si \u00e8 recato all'ospedale Gemelli per alcuni controlli precedentemente programmati. Come di consueto, il mercoled\u00ec mattina il Santo Padre ha presieduto l'Udienza Generale del mercoled\u00ec in Piazza San Pietro\u201d<\/em>.\nCos\u00ec il breve comunicato diffuso in serata dalla sala - stampa della Santa Sede.\nProprio altermine dell'udienza di questa mattina, Papa Francesco ha avuto un malore, dovuto a quanto si \u00e8 appreso a problemi di respirazione avvertiti da alcuni guorni, per cui i medici hanno disposto il ricovero all'ospedale Policlinico Gemelli di Roma per accertamenti.<\/pre>\n<fb:like href='https:\/\/www.leccecronaca.it\/index.php\/2023\/03\/29\/213702\/' send='true' layout='button_count' show_faces='true' width='450' height='65' action='recommend' colorscheme='light' font='lucida grande'><\/fb:like><span class=\"fb_share\"><fb:like href=\"https:\/\/www.leccecronaca.it\/index.php\/2023\/03\/29\/213702\/\" layout=\"button_count\"><\/fb:like><\/span>","protected":false},"excerpt":{"rendered":"<p>(Rdl) ______ \u201cQuesto pomeriggio il Santo Padre si \u00e8 recato all&#8217;ospedale Gemelli per alcuni controlli precedentemente programmati. Come di consueto, il mercoled\u00ec mattina il Santo Padre ha presieduto l&#8217;Udienza Generale del mercoled\u00ec in Piazza San Pietro\u201d. Cos\u00ec il breve comunicato diffuso in serata dalla sala &#8211; stampa della Santa Sede. Proprio altermine dell&#8217;udienza di questa [&hellip;]<\/p>\n","protected":false},"author":4,"featured_media":213703,"comment_status":"open","ping_status":"closed","sticky":false,"template":"","format":"standard","meta":[],"categories":[69],"tags":[],"_links":{"self":[{"href":"https:\/\/www.leccecronaca.it\/index.php\/wp-json\/wp\/v2\/posts\/213702"}],"collection":[{"href":"https:\/\/www.leccecronaca.it\/index.php\/wp-json\/wp\/v2\/posts"}],"about":[{"href":"https:\/\/www.leccecronaca.it\/index.php\/wp-json\/wp\/v2\/types\/post"}],"author":[{"embeddable":true,"href":"https:\/\/www.leccecronaca.it\/index.php\/wp-json\/wp\/v2\/users\/4"}],"replies":[{"embeddable":true,"href":"https:\/\/www.leccecronaca.it\/index.php\/wp-json\/wp\/v2\/comments?post=213702"}],"version-history":[{"count":2,"href":"https:\/\/www.leccecronaca.it\/index.php\/wp-json\/wp\/v2\/posts\/213702\/revisions"}],"predecessor-version":[{"id":213706,"href":"https:\/\/www.leccecronaca.it\/index.php\/wp-json\/wp\/v2\/posts\/213702\/revisions\/213706"}],"wp:featuredmedia":[{"embeddable":true,"href":"https:\/\/www.leccecronaca.it\/index.php\/wp-json\/wp\/v2\/media\/213703"}],"wp:attachment":[{"href":"https:\/\/www.leccecronaca.it\/index.php\/wp-json\/wp\/v2\/media?parent=213702"}],"wp:term":[{"taxonomy":"category","embeddable":true,"href":"https:\/\/www.leccecronaca.it\/index.php\/wp-json\/wp\/v2\/categories?post=213702"},{"taxonomy":"post_tag","embeddable":true,"href":"https:\/\/www.leccecronaca.it\/index.php\/wp-json\/wp\/v2\/tags?post=213702"}],"curies":[{"name":"wp","href":"https:\/\/api.w.org\/{rel}","templated":true}]}}