{"id":214097,"date":"2023-04-07T10:50:00","date_gmt":"2023-04-07T08:50:00","guid":{"rendered":"http:\/\/www.leccecronaca.it\/?p=214097"},"modified":"2023-04-07T18:55:17","modified_gmt":"2023-04-07T16:55:17","slug":"lu-riu-al-parco-di-belloluogo","status":"publish","type":"post","link":"https:\/\/www.leccecronaca.it\/index.php\/2023\/04\/07\/lu-riu-al-parco-di-belloluogo\/","title":{"rendered":"LU RIU AL PARCO DI BELLOLUOGO"},"content":{"rendered":"\n<p><img decoding=\"async\" loading=\"lazy\" width=\"2000\" height=\"1333\" class=\"wp-image-214098\" style=\"width: 800px;\" src=\"https:\/\/www.leccecronaca.it\/wordpress\/wp-content\/uploads\/2023\/04\/lu-riu-2022-parco-belloluogo_056.jpg\" alt=\"\" srcset=\"https:\/\/www.leccecronaca.it\/wordpress\/wp-content\/uploads\/2023\/04\/lu-riu-2022-parco-belloluogo_056.jpg 2000w, https:\/\/www.leccecronaca.it\/wordpress\/wp-content\/uploads\/2023\/04\/lu-riu-2022-parco-belloluogo_056-300x200.jpg 300w, https:\/\/www.leccecronaca.it\/wordpress\/wp-content\/uploads\/2023\/04\/lu-riu-2022-parco-belloluogo_056-1024x682.jpg 1024w, https:\/\/www.leccecronaca.it\/wordpress\/wp-content\/uploads\/2023\/04\/lu-riu-2022-parco-belloluogo_056-768x512.jpg 768w, https:\/\/www.leccecronaca.it\/wordpress\/wp-content\/uploads\/2023\/04\/lu-riu-2022-parco-belloluogo_056-1536x1024.jpg 1536w\" sizes=\"(max-width: 2000px) 100vw, 2000px\" \/><\/p>\n\n\n\n<p>Riceviamo e volentieri pubblichiamo. L&#8217;ufficio stampa del Comune di Lecce ci manda il seguente comunicato ______&nbsp;<\/p>\n\n\n\n<p>Le tradizioni si rispettano sempre e la tradizione civile che contraddistingue il periodo pasquale a Lecce \u00e8&nbsp;<strong>Lu Riu<\/strong>, la cosiddetta&nbsp; Pasquetta dei leccesi che, per un&#8217;antica consuetudine legata ai riti bizantini, prolunga la giornata di scampagnata con pranzo al sacco anche al marted\u00ec dopo Pasqua.<\/p>\n\n\n\n<p>Per rispettare la tradizione de Lu Riu, l&#8217;Amministrazione comunale ha organizzato una no-stop di 10 ore, dalle 9 alle 19, con ingresso libero, al Parco di Belloluogo, ormai da qualche anno consacrato ad ospitare questa tradizione, dove viene allestita un&#8217;area pic-nic.<\/p>\n\n\n\n<p>Una giornata intensa da vivere tutti insieme nel segno della spensieratezza. Si parte alle 9, con la musica e l\u2019animazione di Giampaolo Morelli e The Lesionati, e poi sul palco le band delle scuole superiori di Lecce riunite nel progetto Lecce School Sound. Contemporaneamente per i bambini la magia con il Mago Yuri, spettacoli di giocoleria, trampolieri, mangiatori di fuoco e acrobati aerei a cura della Trib\u00f9 dei Sempre Allegri, esibizioni di artisti di strada del Salento con l&#8217;associazione Gessetti &amp; Straccetti, laboratori e performance circensi, a cura della scuola di circo CirKnos e per i pi\u00f9 piccoli le mascotte dei principali personaggi dei cartoni animati.<\/p>\n\n\n\n<p>Ci sar\u00e0 naturalmente anche lo sport: le squadre delle scuole si sfideranno a tennistavolo, biliardino e scacchi. Dalle 14, nel segno della tradizione, sul palco Enzo Petrachi e la sua Folkband e a seguire il concerto de Gli Avvocati Divorzisti.<\/p>\n\n\n\n<p>Dopo il gradimento dello scorso anno, si rinnova, grazie alla collaborazione con la cooperativa Artwork, sar\u00e0 la possibilit\u00e0 \u2013 per la sola giornata de Lu Riu \u2013 di fare visite guidate alla Torre di Belloluogo, esempio di architettura militare tardo-angioina, che, secondo fonti accertate, fu dimora negli ultimi anni della sua vita di Maria D&#8217;Enghien, contessa di Lecce e regina di Napoli.<\/p>\n\n\n\n<p><em>\u00abRinnoviamo la formula sperimentata lo scorso anno<\/em>&nbsp;\u2013 dichiara l&#8217;assessore allo Spettacolo&nbsp;<strong>Paolo Foresio<\/strong>&nbsp;\u2013&nbsp;<em>e puntiamo a fare della tradizione de Lu Riu non solo una grande festa di comunit\u00e0 per i leccesi, ma anche un momento di richiamo per i tanti turisti che sappiamo gi\u00e0 arriveranno a Lecce per il weekend di Pasqua. Il parco di Belloluogo \u00e8 il parco prescelto che, per la sua estensione, ci permette di poter ospitare contemporaneamente pi\u00f9 attivit\u00e0. Nel programma,&nbsp; abbiamo puntato a coniugare divertimento, musica e cultura per cercare di venire incontro alle esigenze di tutti, dai pi\u00f9 piccoli ai pi\u00f9 grandi, offrendo una giornata intera di spensieratezza, dal mattino fino al tramonto\u00bb. &nbsp;<\/em><\/p>\n<fb:like href='https:\/\/www.leccecronaca.it\/index.php\/2023\/04\/07\/lu-riu-al-parco-di-belloluogo\/' send='true' layout='button_count' show_faces='true' width='450' height='65' action='recommend' colorscheme='light' font='lucida grande'><\/fb:like><span class=\"fb_share\"><fb:like href=\"https:\/\/www.leccecronaca.it\/index.php\/2023\/04\/07\/lu-riu-al-parco-di-belloluogo\/\" layout=\"button_count\"><\/fb:like><\/span>","protected":false},"excerpt":{"rendered":"<p>Riceviamo e volentieri pubblichiamo. L&#8217;ufficio stampa del Comune di Lecce ci manda il seguente comunicato ______&nbsp; Le tradizioni si rispettano sempre e la tradizione civile che contraddistingue il periodo pasquale a Lecce \u00e8&nbsp;Lu Riu, la cosiddetta&nbsp; Pasquetta dei leccesi che, per un&#8217;antica consuetudine legata ai riti bizantini, prolunga la giornata di scampagnata con pranzo al [&hellip;]<\/p>\n","protected":false},"author":4,"featured_media":214098,"comment_status":"open","ping_status":"closed","sticky":false,"template":"","format":"standard","meta":[],"categories":[1,75,77],"tags":[],"_links":{"self":[{"href":"https:\/\/www.leccecronaca.it\/index.php\/wp-json\/wp\/v2\/posts\/214097"}],"collection":[{"href":"https:\/\/www.leccecronaca.it\/index.php\/wp-json\/wp\/v2\/posts"}],"about":[{"href":"https:\/\/www.leccecronaca.it\/index.php\/wp-json\/wp\/v2\/types\/post"}],"author":[{"embeddable":true,"href":"https:\/\/www.leccecronaca.it\/index.php\/wp-json\/wp\/v2\/users\/4"}],"replies":[{"embeddable":true,"href":"https:\/\/www.leccecronaca.it\/index.php\/wp-json\/wp\/v2\/comments?post=214097"}],"version-history":[{"count":2,"href":"https:\/\/www.leccecronaca.it\/index.php\/wp-json\/wp\/v2\/posts\/214097\/revisions"}],"predecessor-version":[{"id":214138,"href":"https:\/\/www.leccecronaca.it\/index.php\/wp-json\/wp\/v2\/posts\/214097\/revisions\/214138"}],"wp:featuredmedia":[{"embeddable":true,"href":"https:\/\/www.leccecronaca.it\/index.php\/wp-json\/wp\/v2\/media\/214098"}],"wp:attachment":[{"href":"https:\/\/www.leccecronaca.it\/index.php\/wp-json\/wp\/v2\/media?parent=214097"}],"wp:term":[{"taxonomy":"category","embeddable":true,"href":"https:\/\/www.leccecronaca.it\/index.php\/wp-json\/wp\/v2\/categories?post=214097"},{"taxonomy":"post_tag","embeddable":true,"href":"https:\/\/www.leccecronaca.it\/index.php\/wp-json\/wp\/v2\/tags?post=214097"}],"curies":[{"name":"wp","href":"https:\/\/api.w.org\/{rel}","templated":true}]}}