{"id":214379,"date":"2023-04-13T16:24:07","date_gmt":"2023-04-13T14:24:07","guid":{"rendered":"http:\/\/www.leccecronaca.it\/?p=214379"},"modified":"2023-04-13T16:53:00","modified_gmt":"2023-04-13T14:53:00","slug":"con-un-accanimento-incredibile-carlo-salvemini-continua-negli-abbattimenti-indiscriminati-di-alberi-dietro-lambientalismo-di-facciata-e-il-bla-bla-bla-della-comunicazione-in-realta-e-questa","status":"publish","type":"post","link":"https:\/\/www.leccecronaca.it\/index.php\/2023\/04\/13\/con-un-accanimento-incredibile-carlo-salvemini-continua-negli-abbattimenti-indiscriminati-di-alberi-dietro-lambientalismo-di-facciata-e-il-bla-bla-bla-della-comunicazione-in-realta-e-questa\/","title":{"rendered":"CON UN ACCANIMENTO INCREDIBILE CARLO SALVEMINI CONTINUA NEGLI ABBATTIMENTI INDISCRIMINATI DI ALBERI. LAPIDARIE LE ASSOCIAZIONI: &#8216;DIETRO L&#8217;AMBIENTALISMO DI FACCIATA E IL BLA BLA BLA DELLA COMUNICAZIONE, QUESTA E&#8217; L&#8217;AMMINISTRAZIONE PIU&#8217; NEGATIVA E IMPATTANTE CHE LECCE RICORDI&#8217; &#8211; photogallery"},"content":{"rendered":"\n<p><img decoding=\"async\" loading=\"lazy\" width=\"899\" height=\"1599\" class=\"wp-image-214380\" style=\"width: 2100px;\" src=\"https:\/\/www.leccecronaca.it\/wordpress\/wp-content\/uploads\/2023\/04\/albcover.jpg\" alt=\"\" srcset=\"https:\/\/www.leccecronaca.it\/wordpress\/wp-content\/uploads\/2023\/04\/albcover.jpg 899w, https:\/\/www.leccecronaca.it\/wordpress\/wp-content\/uploads\/2023\/04\/albcover-169x300.jpg 169w, https:\/\/www.leccecronaca.it\/wordpress\/wp-content\/uploads\/2023\/04\/albcover-576x1024.jpg 576w, https:\/\/www.leccecronaca.it\/wordpress\/wp-content\/uploads\/2023\/04\/albcover-768x1366.jpg 768w, https:\/\/www.leccecronaca.it\/wordpress\/wp-content\/uploads\/2023\/04\/albcover-864x1536.jpg 864w\" sizes=\"(max-width: 899px) 100vw, 899px\" \/><\/p>\n\n\n\n<p>(g.p.) ______&nbsp; Ancora un caso di abbattimenti indiscriminati di alberi a Lecce citt\u00e0, ancora una volta l\u2019amministrazione sorda a tutte le pur motivate e razionali richieste delle associazioni di soprassedere.<\/p>\n\n\n\n<p><img decoding=\"async\" loading=\"lazy\" width=\"640\" height=\"1422\" class=\"wp-image-214382\" style=\"width: 1800px;\" src=\"https:\/\/www.leccecronaca.it\/wordpress\/wp-content\/uploads\/2023\/04\/unoa.jpg\" alt=\"\" srcset=\"https:\/\/www.leccecronaca.it\/wordpress\/wp-content\/uploads\/2023\/04\/unoa.jpg 640w, https:\/\/www.leccecronaca.it\/wordpress\/wp-content\/uploads\/2023\/04\/unoa-135x300.jpg 135w, https:\/\/www.leccecronaca.it\/wordpress\/wp-content\/uploads\/2023\/04\/unoa-461x1024.jpg 461w\" sizes=\"(max-width: 640px) 100vw, 640px\" \/><\/p>\n\n\n\n<p>L\u2019ultimo di una lunga serie di episodi del genere, questa mattina in via Bormida (nelle foto), rione Santa Rosa, dove sono stati eradicati parte dei carrubi esistenti, prima dell\u2019arrivo di abitanti della zona e di rappresentanti delle associazioni che ieri avevano presentato proposte alternative per salvare gran parte degli alberi destinati all\u2019eliminazione, almeno quelli di tutto un lato della strada.<\/p>\n\n\n\n<p><img decoding=\"async\" loading=\"lazy\" width=\"1500\" height=\"2000\" class=\"wp-image-214381\" style=\"width: 1800px;\" src=\"https:\/\/www.leccecronaca.it\/wordpress\/wp-content\/uploads\/2023\/04\/albeffe.jpg\" alt=\"\" srcset=\"https:\/\/www.leccecronaca.it\/wordpress\/wp-content\/uploads\/2023\/04\/albeffe.jpg 1500w, https:\/\/www.leccecronaca.it\/wordpress\/wp-content\/uploads\/2023\/04\/albeffe-225x300.jpg 225w, https:\/\/www.leccecronaca.it\/wordpress\/wp-content\/uploads\/2023\/04\/albeffe-768x1024.jpg 768w, https:\/\/www.leccecronaca.it\/wordpress\/wp-content\/uploads\/2023\/04\/albeffe-1152x1536.jpg 1152w\" sizes=\"(max-width: 1500px) 100vw, 1500px\" \/><\/p>\n\n\n\n<p>Studiando con la dovuta attenzione queste proposte specifiche elaborate nella fattispecie da Forum Ambiente e Salute, Terza Consulta Comunale, WWF Salento, Coordinamento per gli Alberi e il Verde Urbano di Lecce, e associazione Rione Santa Rosa, si evince chiaramente la possibilit\u00e0 di limitare gli abbattimenti, pur salvaguardando le presunte necessit\u00e0 avanzate dal Comune, di mettere in sicurezza i marciapiedi e di preservare manto stradale e muri delle abitazioni dall\u2019azione delle radici.<\/p>\n\n\n\n<p>Niente da fare, questa mattina sono entrate in azione ruspe e motoseghe e la devastazione proseguir\u00e0 nei prossimi giorni fino allo scempio totale, un altro, di cui da anni registriamo il ripetersi da parte dell\u2019amministrazione comunale, col suo feroce accanimento.<\/p>\n\n\n\n<p><img decoding=\"async\" loading=\"lazy\" width=\"1500\" height=\"2000\" class=\"wp-image-214383\" style=\"width: 1800px;\" src=\"https:\/\/www.leccecronaca.it\/wordpress\/wp-content\/uploads\/2023\/04\/unob.jpg\" alt=\"\" srcset=\"https:\/\/www.leccecronaca.it\/wordpress\/wp-content\/uploads\/2023\/04\/unob.jpg 1500w, https:\/\/www.leccecronaca.it\/wordpress\/wp-content\/uploads\/2023\/04\/unob-225x300.jpg 225w, https:\/\/www.leccecronaca.it\/wordpress\/wp-content\/uploads\/2023\/04\/unob-768x1024.jpg 768w, https:\/\/www.leccecronaca.it\/wordpress\/wp-content\/uploads\/2023\/04\/unob-1152x1536.jpg 1152w\" sizes=\"(max-width: 1500px) 100vw, 1500px\" \/><\/p>\n\n\n\n<p><em><strong><mark style=\"background-color:rgba(0, 0, 0, 0);color:#cb3131\" class=\"has-inline-color\">\u201cPossiamo organizzare bellissime tavole rotonde, progettare fantasmagoriche opere, tracciare la Lecce del futuro ma resta il fatto che se non siamo in grado di manutenere l\u2019attuale verde pubblico con il buon senso siamo destinati a lasciare alle future generazioni solo cementificazione e desertificazione. Quello che sta accadendo in via Bormida con l\u2019eliminazione degli alberi di carrubo \u00e8 solo una delle tante manutenzioni miopi dell\u2019Amministrazione Comunale. Insieme con cittadini e altre associazioni questo pomeriggio ci siamo resi conto, ancora una volta, che le cose continuano ad andare in una direzione sbagliata\u201d<\/mark><\/strong><\/em> &#8211; aveva tenuto a puntualizzare ieri sera<mark style=\"background-color:rgba(0, 0, 0, 0);color:#d32f2f\" class=\"has-inline-color\"> <\/mark><mark style=\"background-color:rgba(0, 0, 0, 0);color:#ce2f2f\" class=\"has-inline-color\"><strong>Pierluigi Caiulo<\/strong>, <\/mark>dell\u2019associazione Rione Santa Rosa.<\/p>\n\n\n\n<p><\/p>\n\n\n\n<p>Gli hanno fatto purtroppo eco funerea questa mattina, sul posto, con foto e video tramite social, dal <mark style=\"background-color:rgba(0, 0, 0, 0)\" class=\"has-inline-color has-vivid-green-cyan-color\"><strong>Coordinamento Verde Urbano<\/strong><\/mark>: <strong><em><mark style=\"background-color:rgba(0, 0, 0, 0);color:#0bb677\" class=\"has-inline-color\">&#8220;\u00c8 l&#8217;alba, in via Bormida il canto degli uccelli si unisce a quello delle macine meccaniche del trituratore. Tra qualche giorno sar\u00e0 solo rombo di motori alternato a silenzio tombale&#8221;.<\/mark><\/em><\/strong><\/p>\n\n\n\n<p><\/p>\n\n\n\n<p>Poi, dal canto suo, sul proprio profilo di Facebook, <strong>Giuseppe Calzolaro<\/strong>, del Coordinamento Verde Urbano,  ha postato la copertina di un libro, &#8216;Il carrubo \u00e8 l&#8217;uomo. Memoria, storia e storie attorno a un albero emblematico&#8217;, di Carlo Blangiforti, Alessandro D&#8217;Amato, Stefano La Malfa Edizioni Abulafia, e, sconsolato, ha aggiunto sotto, una pietra tombale, pi\u00f9 che una didascalia: <em><strong>\u201cIl governo della citt\u00e0 di Lecce, sulla questione ambientale, \u00e8 il pi\u00f9 negativo e impattante che il capoluogo salentino ricordi. Investano pure tutto in comunicazione e loquela pubblica, sub specie greenwashing, l&#8217;ecocidio di cui il sindaco e la sua giunta sono protagonisti, dal loro insediamento, resta un fatto pesantissimo per tutte le comunit\u00e0, distratte e sedate, della Citt\u00e0 Di Lecce\u201c.<\/strong><\/em><\/p>\n<fb:like href='https:\/\/www.leccecronaca.it\/index.php\/2023\/04\/13\/con-un-accanimento-incredibile-carlo-salvemini-continua-negli-abbattimenti-indiscriminati-di-alberi-dietro-lambientalismo-di-facciata-e-il-bla-bla-bla-della-comunicazione-in-realta-e-questa\/' send='true' layout='button_count' show_faces='true' width='450' height='65' action='recommend' colorscheme='light' font='lucida grande'><\/fb:like><span class=\"fb_share\"><fb:like href=\"https:\/\/www.leccecronaca.it\/index.php\/2023\/04\/13\/con-un-accanimento-incredibile-carlo-salvemini-continua-negli-abbattimenti-indiscriminati-di-alberi-dietro-lambientalismo-di-facciata-e-il-bla-bla-bla-della-comunicazione-in-realta-e-questa\/\" layout=\"button_count\"><\/fb:like><\/span>","protected":false},"excerpt":{"rendered":"<p>(g.p.) ______&nbsp; Ancora un caso di abbattimenti indiscriminati di alberi a Lecce citt\u00e0, ancora una volta l\u2019amministrazione sorda a tutte le pur motivate e razionali richieste delle associazioni di soprassedere. L\u2019ultimo di una lunga serie di episodi del genere, questa mattina in via Bormida (nelle foto), rione Santa Rosa, dove sono stati eradicati parte dei [&hellip;]<\/p>\n","protected":false},"author":4,"featured_media":214380,"comment_status":"open","ping_status":"closed","sticky":false,"template":"","format":"standard","meta":[],"categories":[1,69,76],"tags":[],"_links":{"self":[{"href":"https:\/\/www.leccecronaca.it\/index.php\/wp-json\/wp\/v2\/posts\/214379"}],"collection":[{"href":"https:\/\/www.leccecronaca.it\/index.php\/wp-json\/wp\/v2\/posts"}],"about":[{"href":"https:\/\/www.leccecronaca.it\/index.php\/wp-json\/wp\/v2\/types\/post"}],"author":[{"embeddable":true,"href":"https:\/\/www.leccecronaca.it\/index.php\/wp-json\/wp\/v2\/users\/4"}],"replies":[{"embeddable":true,"href":"https:\/\/www.leccecronaca.it\/index.php\/wp-json\/wp\/v2\/comments?post=214379"}],"version-history":[{"count":6,"href":"https:\/\/www.leccecronaca.it\/index.php\/wp-json\/wp\/v2\/posts\/214379\/revisions"}],"predecessor-version":[{"id":214393,"href":"https:\/\/www.leccecronaca.it\/index.php\/wp-json\/wp\/v2\/posts\/214379\/revisions\/214393"}],"wp:featuredmedia":[{"embeddable":true,"href":"https:\/\/www.leccecronaca.it\/index.php\/wp-json\/wp\/v2\/media\/214380"}],"wp:attachment":[{"href":"https:\/\/www.leccecronaca.it\/index.php\/wp-json\/wp\/v2\/media?parent=214379"}],"wp:term":[{"taxonomy":"category","embeddable":true,"href":"https:\/\/www.leccecronaca.it\/index.php\/wp-json\/wp\/v2\/categories?post=214379"},{"taxonomy":"post_tag","embeddable":true,"href":"https:\/\/www.leccecronaca.it\/index.php\/wp-json\/wp\/v2\/tags?post=214379"}],"curies":[{"name":"wp","href":"https:\/\/api.w.org\/{rel}","templated":true}]}}