{"id":214401,"date":"2023-04-14T14:27:16","date_gmt":"2023-04-14T12:27:16","guid":{"rendered":"http:\/\/www.leccecronaca.it\/?p=214401"},"modified":"2023-04-14T14:27:18","modified_gmt":"2023-04-14T12:27:18","slug":"un-importante-convegno-internazionale-sui-cambiamenti-della-famiglia-a-tirana-sabato-15","status":"publish","type":"post","link":"https:\/\/www.leccecronaca.it\/index.php\/2023\/04\/14\/un-importante-convegno-internazionale-sui-cambiamenti-della-famiglia-a-tirana-sabato-15\/","title":{"rendered":"UN IMPORTANTE CONVEGNO INTERNAZIONALE SUI CAMBIAMENTI DELLA FAMIGLIA A TIRANA SABATO 15"},"content":{"rendered":"\n<p><img decoding=\"async\" loading=\"lazy\" width=\"1298\" height=\"720\" class=\"wp-image-214402\" style=\"width: 1800px;\" src=\"https:\/\/www.leccecronaca.it\/wordpress\/wp-content\/uploads\/2023\/04\/Jacques-Marion-1.png\" alt=\"\" srcset=\"https:\/\/www.leccecronaca.it\/wordpress\/wp-content\/uploads\/2023\/04\/Jacques-Marion-1.png 1298w, https:\/\/www.leccecronaca.it\/wordpress\/wp-content\/uploads\/2023\/04\/Jacques-Marion-1-300x166.png 300w, https:\/\/www.leccecronaca.it\/wordpress\/wp-content\/uploads\/2023\/04\/Jacques-Marion-1-1024x568.png 1024w, https:\/\/www.leccecronaca.it\/wordpress\/wp-content\/uploads\/2023\/04\/Jacques-Marion-1-768x426.png 768w\" sizes=\"(max-width: 1298px) 100vw, 1298px\" \/><\/p>\n\n\n\n<p>(g.p.) ______\u00a0 La famiglia, fondamento della nostra civilt\u00e0 occidentale, negli ultimi decenni ha conoscito trasformazioni epocali, che si ripercuotono inevitabilmente su societ\u00e0 e costume nella pratica quotidiana. E non \u00e8 finita, altri cambiamenti si annunciano. Un bene, o un male? <\/p>\n\n\n\n<p>Un importante convegno internazionale &#8211; &#8220;Famiglia, societ\u00e0 e valori universali&#8221; &#8211; cercher\u00e0 di rispondere, sabato 15 aprile 2023, alle 10.00, a Tirana, presso l&#8217;Ambasciata di Pace UPF, organizzato da Universal Peace Federation.<\/p>\n\n\n\n<p>Si tratta di una organizzazione non governativa, con Stato Generale Consultivo presso il Consiglio Economico e Sociale delle Nazioni Unite, unione di persone e associazioni dedicata alla costruzione della pace, fondata dai coniugi Moon,  autorevole punto di riferimento culturale per i temi interreligiosi, dei diritti umani, del buon governo e della pace.<\/p>\n\n\n\n<p>Ecco i relatori.<\/p>\n\n\n\n<p>Interverranno: <strong>Alfred Moisiu<\/strong>, Presidente dell&#8217;Albania (2002-2007); <strong>Fatmir Sejdiu<\/strong>, Presidente del Kosovo (2006 &#8211; 2010); <strong>Saemira Gjipali Pino<\/strong>, Presidente del Comitato degli Accademici per la Pace, UPF Albania; <strong>Ljiljana Skrobi\u0107<\/strong>, Assistente Professore, Dipartimento Politiche Sociali e del Lavoro, Universit\u00e0 di Nis, Serbia; <strong>Jacques Marion<\/strong>, Copresidente UPF Europa e Medio Oriente; <strong>Vjollca Me\u00e7aj<\/strong>, membro dell\u2019Assemblea Generale del Comitato Helsinki dell\u2019Albania; <strong>Gani Rroshi<\/strong>, Direttore UPF Balcani; <strong>Ibrahim Berisha<\/strong>, Professore di Sociologia, Universit\u00e0 di Prishtina, Kosovo; <strong>Svetlana Trbojevi\u0107<\/strong>, Professoressa presso la Facolt\u00e0 di Filosofia, Universit\u00e0 \u2018Santi Cirillo e Metodio\u2019, Skopje, Macedonia del Nord; <strong>Lek\u00eb Sokoli<\/strong>, Direttore dell\u2019Istituto di Sociologia e della rivista scientifica \u201cPolitica &amp; Societ\u00e0\u201d, Albania.<\/p>\n\n\n\n<p>Ed ecco le problematiche su cui si confronteranno.<\/p>\n\n\n\n<p>Nel corso del convegno saranno affrontati i seguenti temi: \u201cCaratteristiche comuni e aspetti distintivi tra la famiglia balcanica e quella occidentale\u201d; \u201cLa famiglia scuola d&#8217;amore. Come superare le difficolt\u00e0 di funzionamento della famiglia\u201d; \u201cDivorzio, fenomeno sociale positivo o negativo? Legislazione e conseguenze del divorzio nella famiglia e nella societ\u00e0\u201d;<strong> \u201c<\/strong>Le relazioni genitori-figli, tra amore e conflitto. Cambiamenti nel tempo e nello spazio\u201d; \u201cLa convivenza come alternativa o preludio al matrimonio: i Balcani e l&#8217;Occidente\u201d; \u201cI valori familiari e il loro processo di selezione e trasmissione da una generazione all&#8217;altra. Modelli e alternative\u201d.<\/p>\n\n\n\n<p>\u2018<em>Questo nucleo sociale \u00e8 prossimo all\u2019estinzione a causa delle numerose sfide e difficolt\u00e0 che si trova ad affrontare, o no?\u2019<\/em> &#8211; ha spiegato il segretario generale di UPF Europe <strong>Jacques Marion<\/strong> (nella foto) &#8211;<em> \u201cEcco, ci proponiamo di rispondere a questo interrogativo attraverso dati e analisi, argomentazioni scientifiche e rigorose ricerche basate sulla vita quotidiana delle famiglie\u201d.<\/em><\/p>\n<fb:like href='https:\/\/www.leccecronaca.it\/index.php\/2023\/04\/14\/un-importante-convegno-internazionale-sui-cambiamenti-della-famiglia-a-tirana-sabato-15\/' send='true' layout='button_count' show_faces='true' width='450' height='65' action='recommend' colorscheme='light' font='lucida grande'><\/fb:like><span class=\"fb_share\"><fb:like href=\"https:\/\/www.leccecronaca.it\/index.php\/2023\/04\/14\/un-importante-convegno-internazionale-sui-cambiamenti-della-famiglia-a-tirana-sabato-15\/\" layout=\"button_count\"><\/fb:like><\/span>","protected":false},"excerpt":{"rendered":"<p>(g.p.) ______\u00a0 La famiglia, fondamento della nostra civilt\u00e0 occidentale, negli ultimi decenni ha conoscito trasformazioni epocali, che si ripercuotono inevitabilmente su societ\u00e0 e costume nella pratica quotidiana. E non \u00e8 finita, altri cambiamenti si annunciano. Un bene, o un male? Un importante convegno internazionale &#8211; &#8220;Famiglia, societ\u00e0 e valori universali&#8221; &#8211; cercher\u00e0 di rispondere, sabato [&hellip;]<\/p>\n","protected":false},"author":4,"featured_media":214402,"comment_status":"open","ping_status":"closed","sticky":false,"template":"","format":"standard","meta":[],"categories":[1,31,75,76],"tags":[],"_links":{"self":[{"href":"https:\/\/www.leccecronaca.it\/index.php\/wp-json\/wp\/v2\/posts\/214401"}],"collection":[{"href":"https:\/\/www.leccecronaca.it\/index.php\/wp-json\/wp\/v2\/posts"}],"about":[{"href":"https:\/\/www.leccecronaca.it\/index.php\/wp-json\/wp\/v2\/types\/post"}],"author":[{"embeddable":true,"href":"https:\/\/www.leccecronaca.it\/index.php\/wp-json\/wp\/v2\/users\/4"}],"replies":[{"embeddable":true,"href":"https:\/\/www.leccecronaca.it\/index.php\/wp-json\/wp\/v2\/comments?post=214401"}],"version-history":[{"count":1,"href":"https:\/\/www.leccecronaca.it\/index.php\/wp-json\/wp\/v2\/posts\/214401\/revisions"}],"predecessor-version":[{"id":214403,"href":"https:\/\/www.leccecronaca.it\/index.php\/wp-json\/wp\/v2\/posts\/214401\/revisions\/214403"}],"wp:featuredmedia":[{"embeddable":true,"href":"https:\/\/www.leccecronaca.it\/index.php\/wp-json\/wp\/v2\/media\/214402"}],"wp:attachment":[{"href":"https:\/\/www.leccecronaca.it\/index.php\/wp-json\/wp\/v2\/media?parent=214401"}],"wp:term":[{"taxonomy":"category","embeddable":true,"href":"https:\/\/www.leccecronaca.it\/index.php\/wp-json\/wp\/v2\/categories?post=214401"},{"taxonomy":"post_tag","embeddable":true,"href":"https:\/\/www.leccecronaca.it\/index.php\/wp-json\/wp\/v2\/tags?post=214401"}],"curies":[{"name":"wp","href":"https:\/\/api.w.org\/{rel}","templated":true}]}}