{"id":214911,"date":"2023-04-25T13:53:37","date_gmt":"2023-04-25T11:53:37","guid":{"rendered":"http:\/\/www.leccecronaca.it\/?p=214911"},"modified":"2023-04-25T14:24:51","modified_gmt":"2023-04-25T12:24:51","slug":"novita-editoriali-5","status":"publish","type":"post","link":"https:\/\/www.leccecronaca.it\/index.php\/2023\/04\/25\/novita-editoriali-5\/","title":{"rendered":"NOVITA\u2019 EDITORIALI \/\u00a0L&#8217;AMORE LACERATO DI MARCELLO BUTTAZZO NELLA RACCOLTA \u201cE se nel giallo ti vedr\u00f2\u201d"},"content":{"rendered":"\n<p><img decoding=\"async\" loading=\"lazy\" width=\"432\" height=\"432\" class=\"wp-image-214916\" style=\"width: 1200px;\" src=\"https:\/\/www.leccecronaca.it\/wordpress\/wp-content\/uploads\/2023\/04\/mbco.jpg\" alt=\"\" srcset=\"https:\/\/www.leccecronaca.it\/wordpress\/wp-content\/uploads\/2023\/04\/mbco.jpg 432w, https:\/\/www.leccecronaca.it\/wordpress\/wp-content\/uploads\/2023\/04\/mbco-300x300.jpg 300w, https:\/\/www.leccecronaca.it\/wordpress\/wp-content\/uploads\/2023\/04\/mbco-150x150.jpg 150w, https:\/\/www.leccecronaca.it\/wordpress\/wp-content\/uploads\/2023\/04\/mbco-60x60.jpg 60w\" sizes=\"(max-width: 432px) 100vw, 432px\" \/><\/p>\n\n\n\n<p>(Rdl) ______ <\/p>\n\n\n\n<p>\u00abE se nel giallo<\/p>\n\n\n\n<p> ti vedr\u00f2<\/p>\n\n\n\n<p>sar\u00e0 per tenere<\/p>\n\n\n\n<p>acceso il sole.<\/p>\n\n\n\n<p>Ambra<\/p>\n\n\n\n<p>e sconquasso minerale<\/p>\n\n\n\n<p>ambra<\/p>\n\n\n\n<p>ed effluvi di vento<\/p>\n\n\n\n<p>nei tuoi capelli scompigliati.<\/p>\n\n\n\n<p>E quel raggio di luna<\/p>\n\n\n\n<p>che ieri ho scorto rotonda come le tue gambe di giunco\u00bb. <\/p>\n\n\n\n<p>Con legittima soddisfazine i Quaderni del Bardo Edizioni di Stefano Donno annunciano oggi l&#8217;uscita del nuovo libro di poesie di <strong>Marcello Buttazzo<\/strong> (nella foto) dal titolo <em><strong>\u201cE se nel giallo ti vedr\u00f2\u201d<\/strong><\/em> (84 pagg. 10,40 euro) con le note introduttive di Vito Antonio Conte e Roberto Dall\u2019Olio.<\/p>\n\n\n\n<p><\/p>\n\n\n\n<p>Scrive fra l&#8217;altro appunto Vito Antonio Conte<strong>:<\/strong> <em>\u201cNei suoi versi ho (da sempre, vieppi\u00f9 in quelli di quest\u2019ultima silloge) notato (da lettore onnivoro appassionato di poesia) l\u2019affermarsi di due fondamentali aneliti: la ricerca (quasi disperata) d\u2019un amore totalizzante d\u2019antica matrice campaniana (l\u2019esergo che omaggia Dino Campana \u00e8 sintomatico) che fa pensare alla donna-Chimera e il perfezionamento d\u2019un versificare puro (frutto e dono d\u2019una bambina semplicit\u00e0 di vita capace d\u2019una sensibilit\u00e0 profonda<\/em><strong>\u201d<\/strong>.<\/p>\n\n\n\n<p><\/p>\n\n\n\n<p>E cos\u00ec si esprime Roberto Dall&#8217;Olio<strong>: <\/strong><em><strong>\u201d<\/strong>In fondo la poesia di Marcello Buttazzo \u00e8 e resta una lirica d\u2019amore nel senso pi\u00f9 ampio di questo termine a sua volta cos\u00ec ampio e il presente libro non si sottrae certamente a ci\u00f2. Ma, sullo sfondo, si agita una certa disperazione, o forse lacerazione, un\u2019ansiet\u00e0 diffusa che non sembra trovare vera pace, che non si placa<strong>\u201d<\/strong>.<\/em><\/p>\n\n\n\n<p><\/p>\n\n\n\n<p><img decoding=\"async\" loading=\"lazy\" width=\"1000\" height=\"1544\" class=\"wp-image-214913\" style=\"width: 800px;\" src=\"https:\/\/www.leccecronaca.it\/wordpress\/wp-content\/uploads\/2023\/04\/cover-3.jpg\" alt=\"\" srcset=\"https:\/\/www.leccecronaca.it\/wordpress\/wp-content\/uploads\/2023\/04\/cover-3.jpg 1000w, https:\/\/www.leccecronaca.it\/wordpress\/wp-content\/uploads\/2023\/04\/cover-3-194x300.jpg 194w, https:\/\/www.leccecronaca.it\/wordpress\/wp-content\/uploads\/2023\/04\/cover-3-663x1024.jpg 663w, https:\/\/www.leccecronaca.it\/wordpress\/wp-content\/uploads\/2023\/04\/cover-3-768x1186.jpg 768w, https:\/\/www.leccecronaca.it\/wordpress\/wp-content\/uploads\/2023\/04\/cover-3-995x1536.jpg 995w\" sizes=\"(max-width: 1000px) 100vw, 1000px\" \/><\/p>\n\n\n\n<p><\/p>\n<fb:like href='https:\/\/www.leccecronaca.it\/index.php\/2023\/04\/25\/novita-editoriali-5\/' send='true' layout='button_count' show_faces='true' width='450' height='65' action='recommend' colorscheme='light' font='lucida grande'><\/fb:like><span class=\"fb_share\"><fb:like href=\"https:\/\/www.leccecronaca.it\/index.php\/2023\/04\/25\/novita-editoriali-5\/\" layout=\"button_count\"><\/fb:like><\/span>","protected":false},"excerpt":{"rendered":"<p>(Rdl) ______ \u00abE se nel giallo ti vedr\u00f2 sar\u00e0 per tenere acceso il sole. Ambra e sconquasso minerale ambra ed effluvi di vento nei tuoi capelli scompigliati. E quel raggio di luna che ieri ho scorto rotonda come le tue gambe di giunco\u00bb. Con legittima soddisfazine i Quaderni del Bardo Edizioni di Stefano Donno annunciano [&hellip;]<\/p>\n","protected":false},"author":4,"featured_media":214916,"comment_status":"open","ping_status":"closed","sticky":false,"template":"","format":"standard","meta":[],"categories":[31,57],"tags":[],"_links":{"self":[{"href":"https:\/\/www.leccecronaca.it\/index.php\/wp-json\/wp\/v2\/posts\/214911"}],"collection":[{"href":"https:\/\/www.leccecronaca.it\/index.php\/wp-json\/wp\/v2\/posts"}],"about":[{"href":"https:\/\/www.leccecronaca.it\/index.php\/wp-json\/wp\/v2\/types\/post"}],"author":[{"embeddable":true,"href":"https:\/\/www.leccecronaca.it\/index.php\/wp-json\/wp\/v2\/users\/4"}],"replies":[{"embeddable":true,"href":"https:\/\/www.leccecronaca.it\/index.php\/wp-json\/wp\/v2\/comments?post=214911"}],"version-history":[{"count":2,"href":"https:\/\/www.leccecronaca.it\/index.php\/wp-json\/wp\/v2\/posts\/214911\/revisions"}],"predecessor-version":[{"id":214917,"href":"https:\/\/www.leccecronaca.it\/index.php\/wp-json\/wp\/v2\/posts\/214911\/revisions\/214917"}],"wp:featuredmedia":[{"embeddable":true,"href":"https:\/\/www.leccecronaca.it\/index.php\/wp-json\/wp\/v2\/media\/214916"}],"wp:attachment":[{"href":"https:\/\/www.leccecronaca.it\/index.php\/wp-json\/wp\/v2\/media?parent=214911"}],"wp:term":[{"taxonomy":"category","embeddable":true,"href":"https:\/\/www.leccecronaca.it\/index.php\/wp-json\/wp\/v2\/categories?post=214911"},{"taxonomy":"post_tag","embeddable":true,"href":"https:\/\/www.leccecronaca.it\/index.php\/wp-json\/wp\/v2\/tags?post=214911"}],"curies":[{"name":"wp","href":"https:\/\/api.w.org\/{rel}","templated":true}]}}