{"id":215524,"date":"2023-05-09T19:20:21","date_gmt":"2023-05-09T17:20:21","guid":{"rendered":"http:\/\/www.leccecronaca.it\/?p=215524"},"modified":"2023-05-13T11:45:45","modified_gmt":"2023-05-13T09:45:45","slug":"il-lecce-aggrega-in-prima-squadra-lattaccante-della-primavera-rares-burnete-pupillo-di-chevanton","status":"publish","type":"post","link":"https:\/\/www.leccecronaca.it\/index.php\/2023\/05\/09\/il-lecce-aggrega-in-prima-squadra-lattaccante-della-primavera-rares-burnete-pupillo-di-chevanton\/","title":{"rendered":"IL LECCE AGGREGA IN PRIMA SQUADRA L&#8217;ATTACCANTE DELLA &#8216;PRIMAVERA&#8217; RARES BURNETE"},"content":{"rendered":"\n<p><img decoding=\"async\" loading=\"lazy\" width=\"847\" height=\"847\" class=\"wp-image-215528\" style=\"width: 2100px;\" src=\"https:\/\/www.leccecronaca.it\/wordpress\/wp-content\/uploads\/2023\/05\/rb.jpg\" alt=\"\" srcset=\"https:\/\/www.leccecronaca.it\/wordpress\/wp-content\/uploads\/2023\/05\/rb.jpg 847w, https:\/\/www.leccecronaca.it\/wordpress\/wp-content\/uploads\/2023\/05\/rb-300x300.jpg 300w, https:\/\/www.leccecronaca.it\/wordpress\/wp-content\/uploads\/2023\/05\/rb-150x150.jpg 150w, https:\/\/www.leccecronaca.it\/wordpress\/wp-content\/uploads\/2023\/05\/rb-768x768.jpg 768w, https:\/\/www.leccecronaca.it\/wordpress\/wp-content\/uploads\/2023\/05\/rb-60x60.jpg 60w\" sizes=\"(max-width: 847px) 100vw, 847px\" \/><\/p>\n\n\n\n<p><strong>PUPILLO DI CHEVANTON<\/strong><\/p>\n\n\n\n<p>(m.a.) ______&nbsp;Ha nel suo ruolino di marcia, con la squadra Primavera, ben 18 gol realizzati. Raccontano quelli che la seguono, che ogni tanto dalla panchina l&#8217;allenatore in seconda gli gridi &#8211; Dai, fagliene un altro! &#8211; e lui in campo implacabilmente la metta dentro di nuovo.<\/p>\n\n\n\n<p>Lui \u00e8 <strong>Rares Burnete<\/strong> (nella foto), punta centrale della Primavera 1 del Lecce, 19 anni compiuti lo scorso gennaio, romeno, di Sighisoara, citt\u00e0 della leggendaria Transilvania, 1.85 d&#8217;altezza, prestanza fisica, centravanti vecchio stile, un destro potente, ma pure con la testa al calcio di oggi. Per questo lo hanno gi\u00e0 paragonato ad Erling Haaland, il prolifico attaccante ventiduenne del Manchester City oggetto del desiderio di tutti i grandi club europei, e pure alla punta ventitreenne della Juventus  e della nazionale della Serbia Dusan Vlahovic. Certo, bisogna andarci piano con queste robe qua, ma tant&#8217;\u00e8.<\/p>\n\n\n\n<p><\/p>\n\n\n\n<p>Il vice-allenatore che gli fa da consigliere saggio e fidato, qui nel Salento pure un po&#8217; da pap\u00e0, \u00e8 il mitico Ernesto Chevanton, sempre nel cuore di tutti i tifosi giallorossi.<\/p>\n\n\n\n<p>La novit\u00e0 \u00e8 che l&#8217;altro giorno Rares Burnete \u00e8 stato aggregato alla Prima Squadra ed \u00e8 adesso quindi convocabile in serie A. Che te lo dico a fare?&nbsp; ha scelto quale numero di maglia il 19, lo stesso che aveva Chevanton.<\/p>\n\n\n\n<p>Forse bisognava pensarci prima, ma non \u00e8 mai troppo tardi. <\/p>\n\n\n\n<p>Questo ragazzo pu\u00f2 venire buono nelle ultime quattro partite, almeno \u00e8 il prima ipotesi tangibile di porre rimedio all&#8217;insostenibile leggerezza dell&#8217;attacco, un problema che si trascina irrisolto dall&#8217;inizio del campionato.<\/p>\n\n\n\n<p>La speranza \u00e8 che ora Marco Baroni non solo lo convochi, ma lo faccia pure giocare. La sua forza, la sua precisione, l&#8217;entusiasmo che gli darebbe un esordio in serie A, potrebbero rivelarsi decisivi.<\/p>\n\n\n\n<p>E al Via del Mare sono pronti a cantare <em>E facci un gol, e facci un gol,<\/em> <em>Rares Burnete facci un gol..<\/em>.  ______&nbsp;<\/p>\n\n\n\n<p><\/p>\n\n\n\n<p>LA RICERCA nel nostro articolo di ieri<\/p>\n\n\n\n<p><blockquote class=\"wp-embedded-content\" data-secret=\"Ckk02FqW2j\"><a href=\"https:\/\/www.leccecronaca.it\/index.php\/2023\/05\/08\/il-postpartita-di-verona-lecce\/\">IL POSTPARTITA DI LECCE &#8211; VERONA. IL FIORE GIALLOROSSO NON HA PORTATO BENE, ORA C&#8217;E&#8217; PREOCCUPAZIONE<\/a><\/blockquote><iframe class=\"wp-embedded-content\" sandbox=\"allow-scripts\" security=\"restricted\" style=\"position: absolute; clip: rect(1px, 1px, 1px, 1px);\" title=\"&#8220;IL POSTPARTITA DI LECCE &#8211; VERONA. IL FIORE GIALLOROSSO NON HA PORTATO BENE, ORA C&#8217;E&#8217; PREOCCUPAZIONE&#8221; &#8212; LecceCronaca.it\" src=\"https:\/\/www.leccecronaca.it\/index.php\/2023\/05\/08\/il-postpartita-di-verona-lecce\/embed\/#?secret=Z2eejugwbn#?secret=Ckk02FqW2j\" data-secret=\"Ckk02FqW2j\" width=\"500\" height=\"282\" frameborder=\"0\" marginwidth=\"0\" marginheight=\"0\" scrolling=\"no\"><\/iframe><\/p>\n\n\n\n<p><\/p>\n\n\n\n<p><\/p>\n\n\n\n<p><\/p>\n<fb:like href='https:\/\/www.leccecronaca.it\/index.php\/2023\/05\/09\/il-lecce-aggrega-in-prima-squadra-lattaccante-della-primavera-rares-burnete-pupillo-di-chevanton\/' send='true' layout='button_count' show_faces='true' width='450' height='65' action='recommend' colorscheme='light' font='lucida grande'><\/fb:like><span class=\"fb_share\"><fb:like href=\"https:\/\/www.leccecronaca.it\/index.php\/2023\/05\/09\/il-lecce-aggrega-in-prima-squadra-lattaccante-della-primavera-rares-burnete-pupillo-di-chevanton\/\" layout=\"button_count\"><\/fb:like><\/span>","protected":false},"excerpt":{"rendered":"<p>PUPILLO DI CHEVANTON (m.a.) ______&nbsp;Ha nel suo ruolino di marcia, con la squadra Primavera, ben 18 gol realizzati. Raccontano quelli che la seguono, che ogni tanto dalla panchina l&#8217;allenatore in seconda gli gridi &#8211; Dai, fagliene un altro! &#8211; e lui in campo implacabilmente la metta dentro di nuovo. Lui \u00e8 Rares Burnete (nella foto), [&hellip;]<\/p>\n","protected":false},"author":4,"featured_media":215528,"comment_status":"open","ping_status":"closed","sticky":false,"template":"","format":"standard","meta":[],"categories":[28],"tags":[],"_links":{"self":[{"href":"https:\/\/www.leccecronaca.it\/index.php\/wp-json\/wp\/v2\/posts\/215524"}],"collection":[{"href":"https:\/\/www.leccecronaca.it\/index.php\/wp-json\/wp\/v2\/posts"}],"about":[{"href":"https:\/\/www.leccecronaca.it\/index.php\/wp-json\/wp\/v2\/types\/post"}],"author":[{"embeddable":true,"href":"https:\/\/www.leccecronaca.it\/index.php\/wp-json\/wp\/v2\/users\/4"}],"replies":[{"embeddable":true,"href":"https:\/\/www.leccecronaca.it\/index.php\/wp-json\/wp\/v2\/comments?post=215524"}],"version-history":[{"count":10,"href":"https:\/\/www.leccecronaca.it\/index.php\/wp-json\/wp\/v2\/posts\/215524\/revisions"}],"predecessor-version":[{"id":215706,"href":"https:\/\/www.leccecronaca.it\/index.php\/wp-json\/wp\/v2\/posts\/215524\/revisions\/215706"}],"wp:featuredmedia":[{"embeddable":true,"href":"https:\/\/www.leccecronaca.it\/index.php\/wp-json\/wp\/v2\/media\/215528"}],"wp:attachment":[{"href":"https:\/\/www.leccecronaca.it\/index.php\/wp-json\/wp\/v2\/media?parent=215524"}],"wp:term":[{"taxonomy":"category","embeddable":true,"href":"https:\/\/www.leccecronaca.it\/index.php\/wp-json\/wp\/v2\/categories?post=215524"},{"taxonomy":"post_tag","embeddable":true,"href":"https:\/\/www.leccecronaca.it\/index.php\/wp-json\/wp\/v2\/tags?post=215524"}],"curies":[{"name":"wp","href":"https:\/\/api.w.org\/{rel}","templated":true}]}}