{"id":215779,"date":"2023-05-14T11:17:54","date_gmt":"2023-05-14T09:17:54","guid":{"rendered":"http:\/\/www.leccecronaca.it\/?p=215779"},"modified":"2023-05-14T11:20:41","modified_gmt":"2023-05-14T09:20:41","slug":"un-potente-ciclone-e-in-arrivo-sul-nostro-mare","status":"publish","type":"post","link":"https:\/\/www.leccecronaca.it\/index.php\/2023\/05\/14\/un-potente-ciclone-e-in-arrivo-sul-nostro-mare\/","title":{"rendered":"UN POTENTE CICLONE E&#8217; IN ARRIVO SUL NOSTRO MARE"},"content":{"rendered":"\n<p><img decoding=\"async\" loading=\"lazy\" width=\"2074\" height=\"984\" class=\"wp-image-215784\" style=\"width: 900px;\" src=\"https:\/\/www.leccecronaca.it\/wordpress\/wp-content\/uploads\/2023\/05\/ciclone-1.png\" alt=\"\" srcset=\"https:\/\/www.leccecronaca.it\/wordpress\/wp-content\/uploads\/2023\/05\/ciclone-1.png 2074w, https:\/\/www.leccecronaca.it\/wordpress\/wp-content\/uploads\/2023\/05\/ciclone-1-300x142.png 300w, https:\/\/www.leccecronaca.it\/wordpress\/wp-content\/uploads\/2023\/05\/ciclone-1-1024x486.png 1024w, https:\/\/www.leccecronaca.it\/wordpress\/wp-content\/uploads\/2023\/05\/ciclone-1-768x364.png 768w, https:\/\/www.leccecronaca.it\/wordpress\/wp-content\/uploads\/2023\/05\/ciclone-1-1536x729.png 1536w, https:\/\/www.leccecronaca.it\/wordpress\/wp-content\/uploads\/2023\/05\/ciclone-1-2048x972.png 2048w\" sizes=\"(max-width: 2074px) 100vw, 2074px\" \/>Riceviamo e volentieri pubblichiamo_______<strong>Tra luned\u00ec e marted\u00ec un profondo vortice in risalita dal Nord Africa porter\u00e0 piogge anche forti, venti talora tempestosi, rischio criticit\u00e0 e allagamenti. Instabilit\u00e0 poi ad oltranza<\/strong>.<br><strong>\u00a0\u201c<\/strong>Confermata una nuova severa ondata di maltempo per l&#8217;Italia ad inizio della nuova settimana, a causa dell&#8217;approfondimento di un vortice ciclonico che dalla Sicilia risalir\u00e0 verso il Tirreno\u201d- a sostenerlo \u00e8 il meteorologo di<a rel=\"noreferrer noopener\" href=\"http:\/\/3bmeteo.com\/\" target=\"_blank\">\u00a03bmeteo.com\u00a0<\/a>Edoardo Ferrara che spiega &#8211; \u201csi tratter\u00e0 di un ciclone insolitamente intenso per il periodo, una condizione quasi eccezionale per maggio. Tra luned\u00ec e marted\u00ec avremo a che fare con piogge e temporali anche di forte intensit\u00e0 in risalita su gran parte del Centrosud ma poi ancora al Nord, con rischio nubifragi, allagamenti e criticit\u00e0. Le zone pi\u00f9 critiche saranno dapprima Sicilia, ma poi anche Toscana, Lazio, Campania, Calabria e infine pure Umbria, Marche ed Emilia Romagna. Su queste zone non esclusi picchi di oltre 80-100mm: attenzione particolare tra Romagna e alte Marche dove gi\u00e0 sono cadute piogge molto abbondanti e potrebbero verificarsi dissesti idrogeologici (ma il rischio ci sar\u00e0 anche sulle altre succitate regioni)\u201d<\/p>\n\n\n\n<p><strong>VENTI TEMPESTOSI<\/strong>&nbsp;&#8211; \u201cOltre alle ingenti precipitazioni i venti soffieranno anche forti o molto forti attorno al vortice ciclonico\u201d- avverte Ferrara di<a href=\"http:\/\/3bmeteo.com\/\" target=\"_blank\" rel=\"noreferrer noopener\">&nbsp;3bmeteo.com&nbsp;<\/a>&#8211; \u201cin particolare sempre tra luned\u00ec e marted\u00ec le raffiche potranno anche sfiorare gli 80-100km\/h su diverse aree del Centrosud con possibili danni. Da segnalare comunque bora rabbiosa sull&#8217;alto Adriatico e tramontana tesa sulla Liguria. Mari dunque molto mossi o agitati, se non grossi al largo, con possibili locali mareggiate\u201d<\/p>\n\n\n\n<p>INSTABILITA&#8217; ATMOSFERICA AD OLTRANZA &#8211; \u201cNon sar\u00e0 finita qui: per quanto da mercoled\u00ec il maltempo allenter\u00e0 la presa e il ciclone perder\u00e0 forza, il tempo comunque non si sistemer\u00e0 del tutto. Anche per il resto della settimana infatti avremo a che fare con improvvisi locali acquazzoni e temporali, pur distribuiti in modo molto irregolare. Questo perch\u00e9 l&#8217;alta pressione continuer\u00e0 a latitare su Mediterraneo centrale e Italia, lasciando anzi probabilmente spazio all&#8217;ennesimo vortice ciclonico entro il prossimo weekend (da confermare). Insomma ne avremo probabilmente fin quasi alla fine di maggio; per il caldo e la stabilit\u00e0 estiva bisogner\u00e0 ancora attendere\u201d &#8211; concludono da<a href=\"http:\/\/3bmeteo.com\/\" target=\"_blank\" rel=\"noreferrer noopener\">&nbsp;3bmeteo.com<\/a><\/p>\n<fb:like href='https:\/\/www.leccecronaca.it\/index.php\/2023\/05\/14\/un-potente-ciclone-e-in-arrivo-sul-nostro-mare\/' send='true' layout='button_count' show_faces='true' width='450' height='65' action='recommend' colorscheme='light' font='lucida grande'><\/fb:like><span class=\"fb_share\"><fb:like href=\"https:\/\/www.leccecronaca.it\/index.php\/2023\/05\/14\/un-potente-ciclone-e-in-arrivo-sul-nostro-mare\/\" layout=\"button_count\"><\/fb:like><\/span>","protected":false},"excerpt":{"rendered":"<p>Riceviamo e volentieri pubblichiamo_______Tra luned\u00ec e marted\u00ec un profondo vortice in risalita dal Nord Africa porter\u00e0 piogge anche forti, venti talora tempestosi, rischio criticit\u00e0 e allagamenti. Instabilit\u00e0 poi ad oltranza.\u00a0\u201cConfermata una nuova severa ondata di maltempo per l&#8217;Italia ad inizio della nuova settimana, a causa dell&#8217;approfondimento di un vortice ciclonico che dalla Sicilia risalir\u00e0 verso [&hellip;]<\/p>\n","protected":false},"author":4,"featured_media":0,"comment_status":"open","ping_status":"closed","sticky":false,"template":"","format":"standard","meta":[],"categories":[1],"tags":[],"_links":{"self":[{"href":"https:\/\/www.leccecronaca.it\/index.php\/wp-json\/wp\/v2\/posts\/215779"}],"collection":[{"href":"https:\/\/www.leccecronaca.it\/index.php\/wp-json\/wp\/v2\/posts"}],"about":[{"href":"https:\/\/www.leccecronaca.it\/index.php\/wp-json\/wp\/v2\/types\/post"}],"author":[{"embeddable":true,"href":"https:\/\/www.leccecronaca.it\/index.php\/wp-json\/wp\/v2\/users\/4"}],"replies":[{"embeddable":true,"href":"https:\/\/www.leccecronaca.it\/index.php\/wp-json\/wp\/v2\/comments?post=215779"}],"version-history":[{"count":2,"href":"https:\/\/www.leccecronaca.it\/index.php\/wp-json\/wp\/v2\/posts\/215779\/revisions"}],"predecessor-version":[{"id":215785,"href":"https:\/\/www.leccecronaca.it\/index.php\/wp-json\/wp\/v2\/posts\/215779\/revisions\/215785"}],"wp:attachment":[{"href":"https:\/\/www.leccecronaca.it\/index.php\/wp-json\/wp\/v2\/media?parent=215779"}],"wp:term":[{"taxonomy":"category","embeddable":true,"href":"https:\/\/www.leccecronaca.it\/index.php\/wp-json\/wp\/v2\/categories?post=215779"},{"taxonomy":"post_tag","embeddable":true,"href":"https:\/\/www.leccecronaca.it\/index.php\/wp-json\/wp\/v2\/tags?post=215779"}],"curies":[{"name":"wp","href":"https:\/\/api.w.org\/{rel}","templated":true}]}}