{"id":215882,"date":"2023-05-16T00:39:28","date_gmt":"2023-05-15T22:39:28","guid":{"rendered":"http:\/\/www.leccecronaca.it\/?p=215882"},"modified":"2023-05-16T00:39:30","modified_gmt":"2023-05-15T22:39:30","slug":"giornata-internazionale-della-famiglia","status":"publish","type":"post","link":"https:\/\/www.leccecronaca.it\/index.php\/2023\/05\/16\/giornata-internazionale-della-famiglia\/","title":{"rendered":"GIORNATA INTERNAZIONALE DELLA FAMIGLIA"},"content":{"rendered":"\n<p><\/p>\n\n\n\n<p><img decoding=\"async\" loading=\"lazy\" width=\"1018\" height=\"754\" class=\"wp-image-215883\" style=\"width: 900px;\" src=\"https:\/\/www.leccecronaca.it\/wordpress\/wp-content\/uploads\/2023\/05\/famiglia.jpg\" alt=\"\" srcset=\"https:\/\/www.leccecronaca.it\/wordpress\/wp-content\/uploads\/2023\/05\/famiglia.jpg 1018w, https:\/\/www.leccecronaca.it\/wordpress\/wp-content\/uploads\/2023\/05\/famiglia-300x222.jpg 300w, https:\/\/www.leccecronaca.it\/wordpress\/wp-content\/uploads\/2023\/05\/famiglia-768x569.jpg 768w\" sizes=\"(max-width: 1018px) 100vw, 1018px\" \/><em>Dopo la Festa della Mamma di quest\u2019anno si festeggia la Giornata Internazionale della Famiglia.<\/em><\/p>\n\n\n\n<p>La Giornata Internazionale della Famiglia si celebra ogni anno il 15 maggio. Nel 1994 l&#8217;Assemblea Generale delle Nazioni Uniti (ONU) ha proclamato questa giornata, dedicandola al &#8220;fondamentale gruppo sociale e l&#8217;ambiente naturale per lo sviluppo e il benessere di tutti i suoi membri, in particolare i bambini&#8221;.<\/p>\n\n\n\n<p>Le famiglie in tutto il mondo stanno cambiando, molte diventano pi\u00f9 piccole, con l\u2019aumentare del numero di famiglie monoparentali. Attualmente, il 65% di tutte le famiglie \u00e8 composto da coppie che convivono con figli di qualsiasi et\u00e0 o da coppie che convivono con entrambi i bambini e da membri della famiglia allargata, come i nonni. La diminuzione del numero di famiglie allargate e il crescente numero di famiglie monoparentali mettono in risalto il tema della protezione sociale.<\/p>\n\n\n\n<p>Molti paesi, nelle proprie leggi fondamentali, mettono al centro della societ\u00e0 la famiglia dedicandole alcuni articoli molto importanti e densi di grandi obiettivi morali e sostanziali ma tuttavia in un gran numero di essi le famiglie si trovano spesso abbandonate a s\u00e9 stesse in pessime condizioni economiche, culturali, sanitarie, lavorative e sotto molti altri aspetti. Ad esempio, l\u2019art. 16 della Dichiarazione Universale dei Diritti Umani sancisce che uomini e donne, in et\u00e0 adatta, hanno il diritto di sposarsi e di fondare una famiglia, senza alcuna limitazione di razza, cittadinanza o religione. Essi hanno eguali diritti riguardo al matrimonio, durante il matrimonio e all\u2019atto del suo scioglimento.<\/p>\n\n\n\n<p>Sfortunatamente tutt\u2019oggi molti sono i paesi nei quali sono forti le discriminazioni razziali e religiose per cui questi principi diventano fonte di scontri interiori per chi si trova in queste situazioni, e proprio la situazione pandemica che stiamo vivendo rimarca pesantemente queste diversit\u00e0.<\/p>\n\n\n\n<p>Giovent\u00f9 per i Diritti Umani si occupa di diffondere la carta dei 30 diritti dell\u2019Uomo. Si tratta di un\u2019organizzazione non a scopo di lucro fondata nel 2001 per insegnare ai giovani di tutto il mondo i diritti umani, in particolare la Dichiarazione Universale dei Diritti Umani, in modo che diventino sostenitori della tolleranza e della pace. YHRI \u00e8 ora cresciuta in un movimento globale di individui, gruppi e leader nazionali e comunitari che stanno diffondendo il messaggio di ci\u00f2 che sono i diritti umani e di come implementarli e proteggerli.<\/p>\n\n\n\n<p>Il diritto umano numero 16 sancisce che:<\/p>\n\n\n\n<p>\u201c1. Uomini e donne in et\u00e0 adatta hanno il diritto di sposarsi e di fondare una famiglia, senza alcuna limitazione di razza, cittadinanza o religione. Essi hanno eguali diritti riguardo al matrimonio, durante il matrimonio e all\u2019atto del suo scioglimento.\u201d<\/p>\n\n\n\n<p>\u201c2. Il matrimonio potr\u00e0 essere concluso soltanto con il libero e pieno consenso dei futuri coniugi.\u201d<\/p>\n\n\n\n<p>\u201c3. La famiglia \u00e8 il nucleo naturale e fondamentale della societ\u00e0 e ha diritto ad essere protetta dalla societ\u00e0 e dallo Stato.\u201d<\/p>\n\n\n\n<p>Giovent\u00f9 per i Diritti Umani Internazionale fornisce materiale didattico sui diritti umani per le scuole e al di fuori dei tradizionali contesti educativi. Con l\u2019obiettivo di raggiungere i giovani provenienti da diversi background, i materiali di YHRI fanno appello a persone di tutte le generazioni. Dall\u2019insegnamento dei diritti umani attraverso conferenze e convegni a gruppi di hip-hop e danza, il messaggio si diffonde in tutto il mondo.<\/p>\n\n\n\n<p>Questo, con l\u2019obiettivo che si era prefissato anche l\u2019umanitario L. Ron Hubbard \u201cI diritti umani devono diventare una realt\u00e0 non un sogno idealistico.\u201d<\/p>\n<fb:like href='https:\/\/www.leccecronaca.it\/index.php\/2023\/05\/16\/giornata-internazionale-della-famiglia\/' send='true' layout='button_count' show_faces='true' width='450' height='65' action='recommend' colorscheme='light' font='lucida grande'><\/fb:like><span class=\"fb_share\"><fb:like href=\"https:\/\/www.leccecronaca.it\/index.php\/2023\/05\/16\/giornata-internazionale-della-famiglia\/\" layout=\"button_count\"><\/fb:like><\/span>","protected":false},"excerpt":{"rendered":"<p>Dopo la Festa della Mamma di quest\u2019anno si festeggia la Giornata Internazionale della Famiglia. La Giornata Internazionale della Famiglia si celebra ogni anno il 15 maggio. Nel 1994 l&#8217;Assemblea Generale delle Nazioni Uniti (ONU) ha proclamato questa giornata, dedicandola al &#8220;fondamentale gruppo sociale e l&#8217;ambiente naturale per lo sviluppo e il benessere di tutti i [&hellip;]<\/p>\n","protected":false},"author":4,"featured_media":0,"comment_status":"open","ping_status":"closed","sticky":false,"template":"","format":"standard","meta":[],"categories":[1],"tags":[],"_links":{"self":[{"href":"https:\/\/www.leccecronaca.it\/index.php\/wp-json\/wp\/v2\/posts\/215882"}],"collection":[{"href":"https:\/\/www.leccecronaca.it\/index.php\/wp-json\/wp\/v2\/posts"}],"about":[{"href":"https:\/\/www.leccecronaca.it\/index.php\/wp-json\/wp\/v2\/types\/post"}],"author":[{"embeddable":true,"href":"https:\/\/www.leccecronaca.it\/index.php\/wp-json\/wp\/v2\/users\/4"}],"replies":[{"embeddable":true,"href":"https:\/\/www.leccecronaca.it\/index.php\/wp-json\/wp\/v2\/comments?post=215882"}],"version-history":[{"count":1,"href":"https:\/\/www.leccecronaca.it\/index.php\/wp-json\/wp\/v2\/posts\/215882\/revisions"}],"predecessor-version":[{"id":215884,"href":"https:\/\/www.leccecronaca.it\/index.php\/wp-json\/wp\/v2\/posts\/215882\/revisions\/215884"}],"wp:attachment":[{"href":"https:\/\/www.leccecronaca.it\/index.php\/wp-json\/wp\/v2\/media?parent=215882"}],"wp:term":[{"taxonomy":"category","embeddable":true,"href":"https:\/\/www.leccecronaca.it\/index.php\/wp-json\/wp\/v2\/categories?post=215882"},{"taxonomy":"post_tag","embeddable":true,"href":"https:\/\/www.leccecronaca.it\/index.php\/wp-json\/wp\/v2\/tags?post=215882"}],"curies":[{"name":"wp","href":"https:\/\/api.w.org\/{rel}","templated":true}]}}