{"id":215901,"date":"2023-05-16T19:06:17","date_gmt":"2023-05-16T17:06:17","guid":{"rendered":"http:\/\/www.leccecronaca.it\/?p=215901"},"modified":"2023-05-17T06:23:31","modified_gmt":"2023-05-17T04:23:31","slug":"a-scuola-di-sartoria-a-lecce-il-campus-estivo-il-mondoi-della-moda-per-avvicinare-i-giovani-alla-nobile-arte-del-cucito","status":"publish","type":"post","link":"https:\/\/www.leccecronaca.it\/index.php\/2023\/05\/16\/a-scuola-di-sartoria-a-lecce-il-campus-estivo-il-mondoi-della-moda-per-avvicinare-i-giovani-alla-nobile-arte-del-cucito\/","title":{"rendered":"A SCUOLA DI SARTORIA: A LECCE IL CAMPUS ESTIVO &#8220;IL MONDOI DELLA MODA&#8221; PER AVVICINARE I GIOVANI ALLA NOBILE ARTE DEL CUCITO."},"content":{"rendered":"\n<p><img decoding=\"async\" loading=\"lazy\" width=\"1591\" height=\"981\" class=\"wp-image-215902\" style=\"width: 900px;\" src=\"https:\/\/www.leccecronaca.it\/wordpress\/wp-content\/uploads\/2023\/05\/lezzi.jpg\" alt=\"\" srcset=\"https:\/\/www.leccecronaca.it\/wordpress\/wp-content\/uploads\/2023\/05\/lezzi.jpg 1591w, https:\/\/www.leccecronaca.it\/wordpress\/wp-content\/uploads\/2023\/05\/lezzi-300x185.jpg 300w, https:\/\/www.leccecronaca.it\/wordpress\/wp-content\/uploads\/2023\/05\/lezzi-1024x631.jpg 1024w, https:\/\/www.leccecronaca.it\/wordpress\/wp-content\/uploads\/2023\/05\/lezzi-768x474.jpg 768w, https:\/\/www.leccecronaca.it\/wordpress\/wp-content\/uploads\/2023\/05\/lezzi-1536x947.jpg 1536w\" sizes=\"(max-width: 1591px) 100vw, 1591px\" \/>(ndr)_______\u201cArmati\u201d di matita, fogli cartamodello, ago, filo e stoffa, potranno imparare a ideare e realizzare un abito a propria scelta, ma anche conoscere pi\u00f9 da vicino il mondo della moda, studiando stili, tendenze e cromie degli stilisti pi\u00f9 famosi, anche attraverso visite guidate in alcuni negozi della citt\u00e0 e la visione di pellicole a tema proiettate nel cineforum dedicato.&nbsp;<\/p>\n\n\n\n<p>Sono alcune delle attivit\u00e0 previste nel&nbsp;<strong>Campus estivo \u201cIl Mondo della Moda\u201d,<\/strong>&nbsp;<strong>aperto ai giovani, da 9 a 18 anni<\/strong>, che si svolger\u00e0&nbsp;<strong>a Lecce, a partire da met\u00e0 giugno e fino a settembre,<\/strong>durante la pausa estiva dalla scuola.&nbsp;<\/p>\n\n\n\n<p>Promosso dall\u2019associazione Donne del Sud,&nbsp;con il patrocinio della Provincia di Lecce&nbsp;e il sostegno della Uiltec, il progetto \u00e8 stato presentato oggi, a Palazzo Adorno da&nbsp;<strong>Paola Povero<\/strong>, consigliera provinciale con delega alle Pari opportunit\u00e0,&nbsp;<strong>Tiziana Lezzi<\/strong>, responsabile Associazione Donne del Sud,&nbsp;<strong>Fabiana Signore<\/strong>, responsabile territoriale Uiltec Lecce,&nbsp;<strong>Silvia Madaro Metrangolo<\/strong>, dirigente scolastico Istituto Tecnico e Professionale \u201cA. De Pace\u201d di Lecce,&nbsp;<strong>Anna Rita Cardigliano<\/strong>, dirigente scolastico Istituto Comprensivo Statale di Maglie e&nbsp;<strong>Luca Caputo<\/strong>, giornalista di moda.\u201cL\u2019obiettivo di questa bella e originale iniziativa \u00e8 la promozione dei mestieri e della formazione della donna. E\u2019 necessario rivalutare alcune professioni come quello della sarta. E\u2019 necessario sostenere iniziative utili ad affermare le pari opportunit\u00e0&nbsp;<\/p>\n<fb:like href='https:\/\/www.leccecronaca.it\/index.php\/2023\/05\/16\/a-scuola-di-sartoria-a-lecce-il-campus-estivo-il-mondoi-della-moda-per-avvicinare-i-giovani-alla-nobile-arte-del-cucito\/' send='true' layout='button_count' show_faces='true' width='450' height='65' action='recommend' colorscheme='light' font='lucida grande'><\/fb:like><span class=\"fb_share\"><fb:like href=\"https:\/\/www.leccecronaca.it\/index.php\/2023\/05\/16\/a-scuola-di-sartoria-a-lecce-il-campus-estivo-il-mondoi-della-moda-per-avvicinare-i-giovani-alla-nobile-arte-del-cucito\/\" layout=\"button_count\"><\/fb:like><\/span>","protected":false},"excerpt":{"rendered":"<p>(ndr)_______\u201cArmati\u201d di matita, fogli cartamodello, ago, filo e stoffa, potranno imparare a ideare e realizzare un abito a propria scelta, ma anche conoscere pi\u00f9 da vicino il mondo della moda, studiando stili, tendenze e cromie degli stilisti pi\u00f9 famosi, anche attraverso visite guidate in alcuni negozi della citt\u00e0 e la visione di pellicole a tema [&hellip;]<\/p>\n","protected":false},"author":4,"featured_media":215902,"comment_status":"open","ping_status":"closed","sticky":false,"template":"","format":"standard","meta":[],"categories":[1],"tags":[],"_links":{"self":[{"href":"https:\/\/www.leccecronaca.it\/index.php\/wp-json\/wp\/v2\/posts\/215901"}],"collection":[{"href":"https:\/\/www.leccecronaca.it\/index.php\/wp-json\/wp\/v2\/posts"}],"about":[{"href":"https:\/\/www.leccecronaca.it\/index.php\/wp-json\/wp\/v2\/types\/post"}],"author":[{"embeddable":true,"href":"https:\/\/www.leccecronaca.it\/index.php\/wp-json\/wp\/v2\/users\/4"}],"replies":[{"embeddable":true,"href":"https:\/\/www.leccecronaca.it\/index.php\/wp-json\/wp\/v2\/comments?post=215901"}],"version-history":[{"count":2,"href":"https:\/\/www.leccecronaca.it\/index.php\/wp-json\/wp\/v2\/posts\/215901\/revisions"}],"predecessor-version":[{"id":215923,"href":"https:\/\/www.leccecronaca.it\/index.php\/wp-json\/wp\/v2\/posts\/215901\/revisions\/215923"}],"wp:featuredmedia":[{"embeddable":true,"href":"https:\/\/www.leccecronaca.it\/index.php\/wp-json\/wp\/v2\/media\/215902"}],"wp:attachment":[{"href":"https:\/\/www.leccecronaca.it\/index.php\/wp-json\/wp\/v2\/media?parent=215901"}],"wp:term":[{"taxonomy":"category","embeddable":true,"href":"https:\/\/www.leccecronaca.it\/index.php\/wp-json\/wp\/v2\/categories?post=215901"},{"taxonomy":"post_tag","embeddable":true,"href":"https:\/\/www.leccecronaca.it\/index.php\/wp-json\/wp\/v2\/tags?post=215901"}],"curies":[{"name":"wp","href":"https:\/\/api.w.org\/{rel}","templated":true}]}}