{"id":216234,"date":"2023-05-22T13:55:56","date_gmt":"2023-05-22T11:55:56","guid":{"rendered":"https:\/\/www.leccecronaca.it\/?p=216234"},"modified":"2023-05-22T14:06:15","modified_gmt":"2023-05-22T12:06:15","slug":"lomicidio-di-francavilla-due-giovani-in-carcere-la-madre-indagata-per-spaccio","status":"publish","type":"post","link":"https:\/\/www.leccecronaca.it\/index.php\/2023\/05\/22\/lomicidio-di-francavilla-due-giovani-in-carcere-la-madre-indagata-per-spaccio\/","title":{"rendered":"L\u2019OMICIDIO DI FRANCAVILLA \/ DUE GIOVANI IN CARCERE, LA MADRE DELLA VITTIMA INDAGATA PER SPACCIO"},"content":{"rendered":"\n<figure class=\"wp-block-image size-large\"><img decoding=\"async\" loading=\"lazy\" width=\"1024\" height=\"614\" src=\"https:\/\/www.leccecronaca.it\/wordpress\/wp-content\/uploads\/2023\/05\/paolo_stasi-1668257865013.jpg-a_francavilla_fontana_domenica_la_marcia_per_la_legalita_dopo_l_omicidio_di_paolo_stasi-1024x614.jpg\" alt=\"\" class=\"wp-image-216236\" srcset=\"https:\/\/www.leccecronaca.it\/wordpress\/wp-content\/uploads\/2023\/05\/paolo_stasi-1668257865013.jpg-a_francavilla_fontana_domenica_la_marcia_per_la_legalita_dopo_l_omicidio_di_paolo_stasi-1024x614.jpg 1024w, https:\/\/www.leccecronaca.it\/wordpress\/wp-content\/uploads\/2023\/05\/paolo_stasi-1668257865013.jpg-a_francavilla_fontana_domenica_la_marcia_per_la_legalita_dopo_l_omicidio_di_paolo_stasi-300x180.jpg 300w, https:\/\/www.leccecronaca.it\/wordpress\/wp-content\/uploads\/2023\/05\/paolo_stasi-1668257865013.jpg-a_francavilla_fontana_domenica_la_marcia_per_la_legalita_dopo_l_omicidio_di_paolo_stasi-768x461.jpg 768w, https:\/\/www.leccecronaca.it\/wordpress\/wp-content\/uploads\/2023\/05\/paolo_stasi-1668257865013.jpg-a_francavilla_fontana_domenica_la_marcia_per_la_legalita_dopo_l_omicidio_di_paolo_stasi.jpg 1200w\" sizes=\"(max-width: 1024px) 100vw, 1024px\" \/><\/figure>\n\n\n\n<p>di <strong>Flora Fina <\/strong>______<\/p>\n\n\n\n<p>Importante sviluppo  nelle indagini sull&#8217;omicidio di Paolo Stasi (nella foto), il giovane di 19 anni residente a Francavilla Fontana, assassinato la sera del 9 novembre 2022 scorso. I carabinieri, alle prime luci di oggi, hanno eseguito cinque misure cautelari a carico di cinque persone coinvolte nel tragico evento. Un 18enne, che era minorenne all&#8217;epoca dei fatti, e un 21enne, entrambi residenti a Francavilla Fontana, sono stati arrestati e condotti in carcere con l&#8217;accusa di essere i presunti responsabili dell&#8217;omicidio.<\/p>\n\n\n\n<p>Non solo: una 24enne della stessa cittadina \u00e8 stata sottoposta agli arresti domiciliari per reati legati alla droga, mentre altri due 20enni, un uomo e una donna, sono stati sottoposti all&#8217;obbligo di dimora sempre per i medesimi reati. Complessivamente, otto persone sono state coinvolte nell&#8217;inchiesta, tra cui figura anche la madre di Paolo Stasi, indagata per detenzione in concorso di sostanze stupefacenti.<\/p>\n\n\n\n<p>Le misure cautelari sono state emesse dal giudice per le indagini preliminari del tribunale di Brindisi e dal giudice presso il tribunale dei minori di Lecce, in relazione alla posizione del 18enne, su richiesta delle rispettive Procure: le indagini sono state condotte dai carabinieri del Nucleo investigativo del Reparto operativo di Brindisi, in collaborazione con il Nucleo Operativo e Radiomobile della Compagnia di Francavilla Fontana, sotto la direzione della Procura della Repubblica presso il tribunale di Brindisi e della Procura presso il Tribunale per i minorenni di Lecce.<\/p>\n\n\n\n<p>Paolo Stasi ricordiamolo, &nbsp;\u00e8 stato ucciso con due colpi di pistola, uno dei quali \u00e8 risultato fatale, colpendolo in pieno petto: l&#8217;omicidio ha scosso profondamente la comunit\u00e0 di Francavilla Fontana a causa della gravit\u00e0 dell&#8217;evento e delle modalit\u00e0 con cui \u00e8 stato commesso, provocando la mobilitazione dei cittadini che hanno organizzato manifestazioni e fiaccolate in segno di protesta e solidariet\u00e0.<\/p>\n\n\n\n<p>Grazie all&#8217;inchiesta condotta, sono stati individuati i due presunti responsabili dell&#8217;omicidio: L.B., attualmente 18enne, ma minorenne al momento del delitto, e <strong>Cristian Candida<\/strong> 21enne, entrambi residenti a Francavilla Fontana. Secondo le indagini, il movente dell&#8217;omicidio sarebbe riconducibile a un debito di circa 5.000 euro accumulato nell&#8217;ambito dello spaccio di sostanze stupefacenti.<\/p>\n\n\n\n<p>Rispondono invece del reato di spaccio: <strong>Marirosa Mascia<\/strong>, 25 anni, di Francavilla, <strong>Pasquale Moldavio<\/strong> e <strong>Sara Canovari<\/strong>, entrambi di 21 anni, di Francavilla, tutti con obbligo di dimora nel comune di residenza.<\/p>\n\n\n\n<p>Hanno invece ricevuto l&#8217;avviso di garanzia per spaccio <strong>Annunziata D&#8217;Errico<\/strong>, 52 anni, <strong>madre di Paolo Stasi<\/strong>; <strong>Cosimo Candita<\/strong>, 39 anni; e <strong>Giovanni De Cesaria<\/strong>, 24 anni, tutti di Francavilla e tutti indagati per spaccio.<\/p>\n\n\n\n<p>L&#8217;arresto dei presunti responsabili dell&#8217;omicidio di Paolo Stasi rappresenta un passo significativo nella ricerca di giustizia per questa tragica vicenda, tuttavia, le autorit\u00e0 competenti continuano a svolgere un&#8217;approfondita indagine per ricostruire appieno la dinamica del delitto e assicurare alla giustizia tutti coloro che hanno contribuito a questa terribile perdita.<\/p>\n\n\n\n<p>La comunit\u00e0 di Francavilla Fontana resta unita nel dolore e nell&#8217;impegno per contrastare il fenomeno dello spaccio di droga, che ha portato a una tragedia cos\u00ec dolorosa. L&#8217;omicidio di Paolo Stasi rappresenta una triste testimonianza degli effetti devastanti del coinvolgimento con il mondo della droga e richiama l&#8217;attenzione sulla necessit\u00e0 di promuovere campagne di prevenzione e di fornire sostegno a coloro che si trovano in situazioni di rischio legate al traffico di sostanze stupefacenti.<\/p>\n\n\n\n<p>Le indagini proseguiranno per stabilire tutti i dettagli dell&#8217;omicidio e individuare eventuali complici o ulteriori responsabilit\u00e0. Nel frattempo, la comunit\u00e0 di Francavilla Fontana continua a piangere la perdita di Paolo Stasi, un giovane con una vita ancora davanti, spezzata in modo tragico e senza senso a causa di un debito insensato derivante dal pericoloso mondo della droga.<\/p>\n\n\n\n<p>Come se non bastasse, il tragico epilogo di questa vicenda mette in evidenza la complessit\u00e0 delle dinamiche familiari e le sfide che bisogna costantemente affrontare nel tentativo didi rompere il ciclo della criminalit\u00e0 e della dipendenza dalle droghe: il coinvolgimento della madre in questa vicenda di spaccio, rappresenta infatti un triste esempio di come il mondo della droga possa distruggere intere famiglie e lasciare un impatto duraturo sulla comunit\u00e0.<\/p>\n\n\n\n<p>LA RICERCA nel nostro articolo del 21 Novembre 2022______<\/p>\n\n\n\n<figure class=\"wp-block-embed is-type-wp-embed is-provider-leccecronaca-it wp-block-embed-leccecronaca-it\"><div class=\"wp-block-embed__wrapper\">\n<blockquote class=\"wp-embedded-content\" data-secret=\"Ydb84o4bBW\"><a href=\"https:\/\/www.leccecronaca.it\/index.php\/2022\/11\/21\/lomicidio-di-francavilla-sequestrata-una-pistola-che-potrebbe-essere-compatibile-con-larma-del-killer\/\">L&#8217;OMICIDIO DI FRANCAVILLA\/ SEQUESTRATA UNA PISTOLA CHE POTREBBE ESSERE COMPATIBILE CON L&#8217;ARMA DEL KILLER<\/a><\/blockquote><iframe class=\"wp-embedded-content\" sandbox=\"allow-scripts\" security=\"restricted\" style=\"position: absolute; clip: rect(1px, 1px, 1px, 1px);\" title=\"&#8220;L&#8217;OMICIDIO DI FRANCAVILLA\/ SEQUESTRATA UNA PISTOLA CHE POTREBBE ESSERE COMPATIBILE CON L&#8217;ARMA DEL KILLER&#8221; &#8212; LecceCronaca.it\" src=\"https:\/\/www.leccecronaca.it\/index.php\/2022\/11\/21\/lomicidio-di-francavilla-sequestrata-una-pistola-che-potrebbe-essere-compatibile-con-larma-del-killer\/embed\/#?secret=rHbOLHFZdy#?secret=Ydb84o4bBW\" data-secret=\"Ydb84o4bBW\" width=\"500\" height=\"282\" frameborder=\"0\" marginwidth=\"0\" marginheight=\"0\" scrolling=\"no\"><\/iframe>\n<\/div><\/figure>\n<fb:like href='https:\/\/www.leccecronaca.it\/index.php\/2023\/05\/22\/lomicidio-di-francavilla-due-giovani-in-carcere-la-madre-indagata-per-spaccio\/' send='true' layout='button_count' show_faces='true' width='450' height='65' action='recommend' colorscheme='light' font='lucida grande'><\/fb:like><span class=\"fb_share\"><fb:like href=\"https:\/\/www.leccecronaca.it\/index.php\/2023\/05\/22\/lomicidio-di-francavilla-due-giovani-in-carcere-la-madre-indagata-per-spaccio\/\" layout=\"button_count\"><\/fb:like><\/span>","protected":false},"excerpt":{"rendered":"<p>di Flora Fina ______ Importante sviluppo nelle indagini sull&#8217;omicidio di Paolo Stasi (nella foto), il giovane di 19 anni residente a Francavilla Fontana, assassinato la sera del 9 novembre 2022 scorso. I carabinieri, alle prime luci di oggi, hanno eseguito cinque misure cautelari a carico di cinque persone coinvolte nel tragico evento. Un 18enne, che [&hellip;]<\/p>\n","protected":false},"author":4,"featured_media":216236,"comment_status":"open","ping_status":"closed","sticky":false,"template":"","format":"standard","meta":[],"categories":[69],"tags":[],"_links":{"self":[{"href":"https:\/\/www.leccecronaca.it\/index.php\/wp-json\/wp\/v2\/posts\/216234"}],"collection":[{"href":"https:\/\/www.leccecronaca.it\/index.php\/wp-json\/wp\/v2\/posts"}],"about":[{"href":"https:\/\/www.leccecronaca.it\/index.php\/wp-json\/wp\/v2\/types\/post"}],"author":[{"embeddable":true,"href":"https:\/\/www.leccecronaca.it\/index.php\/wp-json\/wp\/v2\/users\/4"}],"replies":[{"embeddable":true,"href":"https:\/\/www.leccecronaca.it\/index.php\/wp-json\/wp\/v2\/comments?post=216234"}],"version-history":[{"count":7,"href":"https:\/\/www.leccecronaca.it\/index.php\/wp-json\/wp\/v2\/posts\/216234\/revisions"}],"predecessor-version":[{"id":216245,"href":"https:\/\/www.leccecronaca.it\/index.php\/wp-json\/wp\/v2\/posts\/216234\/revisions\/216245"}],"wp:featuredmedia":[{"embeddable":true,"href":"https:\/\/www.leccecronaca.it\/index.php\/wp-json\/wp\/v2\/media\/216236"}],"wp:attachment":[{"href":"https:\/\/www.leccecronaca.it\/index.php\/wp-json\/wp\/v2\/media?parent=216234"}],"wp:term":[{"taxonomy":"category","embeddable":true,"href":"https:\/\/www.leccecronaca.it\/index.php\/wp-json\/wp\/v2\/categories?post=216234"},{"taxonomy":"post_tag","embeddable":true,"href":"https:\/\/www.leccecronaca.it\/index.php\/wp-json\/wp\/v2\/tags?post=216234"}],"curies":[{"name":"wp","href":"https:\/\/api.w.org\/{rel}","templated":true}]}}