{"id":216292,"date":"2023-05-23T11:17:00","date_gmt":"2023-05-23T09:17:00","guid":{"rendered":"https:\/\/www.leccecronaca.it\/?p=216292"},"modified":"2023-05-23T17:26:01","modified_gmt":"2023-05-23T15:26:01","slug":"a-carovigno-inseguimento-fra-le-vie-del-paese","status":"publish","type":"post","link":"https:\/\/www.leccecronaca.it\/index.php\/2023\/05\/23\/a-carovigno-inseguimento-fra-le-vie-del-paese\/","title":{"rendered":"A CAROVIGNO INSEGUIMENTO FRA LE VIE DEL PAESE"},"content":{"rendered":"\n<p><img decoding=\"async\" loading=\"lazy\" width=\"960\" height=\"720\" class=\"wp-image-216313\" style=\"width: 800px;\" src=\"https:\/\/www.leccecronaca.it\/wordpress\/wp-content\/uploads\/2023\/05\/carabinieri-controlli-4.jpg\" alt=\"\" srcset=\"https:\/\/www.leccecronaca.it\/wordpress\/wp-content\/uploads\/2023\/05\/carabinieri-controlli-4.jpg 960w, https:\/\/www.leccecronaca.it\/wordpress\/wp-content\/uploads\/2023\/05\/carabinieri-controlli-4-300x225.jpg 300w, https:\/\/www.leccecronaca.it\/wordpress\/wp-content\/uploads\/2023\/05\/carabinieri-controlli-4-768x576.jpg 768w, https:\/\/www.leccecronaca.it\/wordpress\/wp-content\/uploads\/2023\/05\/carabinieri-controlli-4-400x300.jpg 400w\" sizes=\"(max-width: 960px) 100vw, 960px\" \/><\/p>\n\n\n\n<p>(e.l.) ______ Ieri sera nel centro di Carovigno (nella foto di archivio) un posto di blocco predisposto dai Carabinieri a controllo del territorio \u00e8 stato forzato da una Audi A8, il cui autista non si \u00e8 fermato all&#8217;ALT e ha proseguito a tutta velocit\u00e0. Ne \u00e8 nato un lungo e pericoloo inseguimento, in cui tre auto dei militari sono state tamponate dal fuggitivo, che non voleva saperne di arrendersi.<\/p>\n\n\n\n<p>Alla fine \u00e8 stato bloccato e arrestato, con l&#8217;accusa di resistenza aggravata a pubblco ufficiale. So tratta di un anziano di 69 anni di San Michele Salentino, con precedenti.<\/p>\n\n\n\n<p>Il pm di turno presso la Procura della Repubblica di Brindisi ha disposto che fosse rinchiuso in carcere.<\/p>\n\n\n\n<p><\/p>\n<fb:like href='https:\/\/www.leccecronaca.it\/index.php\/2023\/05\/23\/a-carovigno-inseguimento-fra-le-vie-del-paese\/' send='true' layout='button_count' show_faces='true' width='450' height='65' action='recommend' colorscheme='light' font='lucida grande'><\/fb:like><span class=\"fb_share\"><fb:like href=\"https:\/\/www.leccecronaca.it\/index.php\/2023\/05\/23\/a-carovigno-inseguimento-fra-le-vie-del-paese\/\" layout=\"button_count\"><\/fb:like><\/span>","protected":false},"excerpt":{"rendered":"<p>(e.l.) ______ Ieri sera nel centro di Carovigno (nella foto di archivio) un posto di blocco predisposto dai Carabinieri a controllo del territorio \u00e8 stato forzato da una Audi A8, il cui autista non si \u00e8 fermato all&#8217;ALT e ha proseguito a tutta velocit\u00e0. Ne \u00e8 nato un lungo e pericoloo inseguimento, in cui tre [&hellip;]<\/p>\n","protected":false},"author":4,"featured_media":216313,"comment_status":"open","ping_status":"closed","sticky":false,"template":"","format":"standard","meta":[],"categories":[69],"tags":[],"_links":{"self":[{"href":"https:\/\/www.leccecronaca.it\/index.php\/wp-json\/wp\/v2\/posts\/216292"}],"collection":[{"href":"https:\/\/www.leccecronaca.it\/index.php\/wp-json\/wp\/v2\/posts"}],"about":[{"href":"https:\/\/www.leccecronaca.it\/index.php\/wp-json\/wp\/v2\/types\/post"}],"author":[{"embeddable":true,"href":"https:\/\/www.leccecronaca.it\/index.php\/wp-json\/wp\/v2\/users\/4"}],"replies":[{"embeddable":true,"href":"https:\/\/www.leccecronaca.it\/index.php\/wp-json\/wp\/v2\/comments?post=216292"}],"version-history":[{"count":2,"href":"https:\/\/www.leccecronaca.it\/index.php\/wp-json\/wp\/v2\/posts\/216292\/revisions"}],"predecessor-version":[{"id":216314,"href":"https:\/\/www.leccecronaca.it\/index.php\/wp-json\/wp\/v2\/posts\/216292\/revisions\/216314"}],"wp:featuredmedia":[{"embeddable":true,"href":"https:\/\/www.leccecronaca.it\/index.php\/wp-json\/wp\/v2\/media\/216313"}],"wp:attachment":[{"href":"https:\/\/www.leccecronaca.it\/index.php\/wp-json\/wp\/v2\/media?parent=216292"}],"wp:term":[{"taxonomy":"category","embeddable":true,"href":"https:\/\/www.leccecronaca.it\/index.php\/wp-json\/wp\/v2\/categories?post=216292"},{"taxonomy":"post_tag","embeddable":true,"href":"https:\/\/www.leccecronaca.it\/index.php\/wp-json\/wp\/v2\/tags?post=216292"}],"curies":[{"name":"wp","href":"https:\/\/api.w.org\/{rel}","templated":true}]}}