{"id":216911,"date":"2023-06-07T12:39:07","date_gmt":"2023-06-07T10:39:07","guid":{"rendered":"https:\/\/www.leccecronaca.it\/?p=216911"},"modified":"2023-06-07T12:45:06","modified_gmt":"2023-06-07T10:45:06","slug":"ultimora-papa-francesco-di-nuovo-in-ospedale-ecco-tutte-le-notizie","status":"publish","type":"post","link":"https:\/\/www.leccecronaca.it\/index.php\/2023\/06\/07\/ultimora-papa-francesco-di-nuovo-in-ospedale-ecco-tutte-le-notizie\/","title":{"rendered":"ULTIM&#8217;ORA \/\u00a0PAPA FRANCESCO DI NUOVO IN OSPEDALE. ECCO TUTTE LE NOTIZIE"},"content":{"rendered":"\n<p><img decoding=\"async\" loading=\"lazy\" width=\"92\" height=\"92\" class=\"wp-image-216913\" style=\"width: 1200px;\" src=\"https:\/\/www.leccecronaca.it\/wordpress\/wp-content\/uploads\/2023\/06\/papa.jpg\" alt=\"\" srcset=\"https:\/\/www.leccecronaca.it\/wordpress\/wp-content\/uploads\/2023\/06\/papa.jpg 92w, https:\/\/www.leccecronaca.it\/wordpress\/wp-content\/uploads\/2023\/06\/papa-60x60.jpg 60w\" sizes=\"(max-width: 92px) 100vw, 92px\" \/><\/p>\n\n\n\n<p><\/p>\n\n\n\n<p>(g.p.) ______&nbsp;Ieri mattina, Papa Francesco si era recato al Policlinico Gemelli per sottoporsi ad alcuni accertamenti clinici e aveva fatto ritorno in Vaticano prima di mezzogiorno.<\/p>\n\n\n\n<p>Ma le sue condizioni di salute necessitano ora, dopo quelli dei mesi scorsi, di un nuovo intervento chirurgico.<\/p>\n\n\n\n<p>Questa  mattina il ricovero. Lo ha comunicato poco fa il direttore della Sala Stampa della Santa Sede, Matteo Bruni, che cos\u00ec si \u00e8 espresso: <em>&#8220;Il Santo Padre al termine dell&#8217;Udienza Generale si \u00e8 recato presso il Policlinico Universitario Agostino Gemelli dove nel primo pomeriggio sar\u00e0 sottoposto in anestesia generale ad un intervento chirurgico di Laparotomia e plastica della parete addominale con protesi.<\/em><\/p>\n\n\n\n<p><em>L&#8217;operazione, concertata nei giorni scorsi dall&#8217;equipe medica che assiste il Santo Padre, s\u00ec \u00e8 resa necessaria a causa di un laparocele incarcerato che sta causando sindromi sub occlusive ricorrenti, dolorose e ingravescenti.<\/em><\/p>\n\n\n\n<p><em>La degenza presso la struttura sanitaria durer\u00e0 diversi giorni per permettere il normale decorso post operatorio e la piena ripresa funzionale&#8221;.<\/em><\/p>\n\n\n\n<p><\/p>\n\n\n\n<p>Il Santo Padro \u00e8 arrivato in ospedale verso le 12.30, atteso da una piccola folla di giornalisti e fedeli.<\/p>\n\n\n\n<p><img decoding=\"async\" loading=\"lazy\" width=\"700\" height=\"467\" class=\"wp-image-216912\" style=\"width: 1200px;\" src=\"https:\/\/www.leccecronaca.it\/wordpress\/wp-content\/uploads\/2023\/06\/poli.jpg\" alt=\"\" srcset=\"https:\/\/www.leccecronaca.it\/wordpress\/wp-content\/uploads\/2023\/06\/poli.jpg 700w, https:\/\/www.leccecronaca.it\/wordpress\/wp-content\/uploads\/2023\/06\/poli-300x200.jpg 300w\" sizes=\"(max-width: 700px) 100vw, 700px\" \/><\/p>\n\n\n\n<p><\/p>\n\n\n\n<p>Per&nbsp;<strong>laparotomia<\/strong> si intende una incisione chirurgica della parete anteriore dell&#8217;addome&nbsp;che consente l&#8217;accesso alla cavit\u00e0 addominale e agli organi in essa contenuti.<\/p>\n\n\n\n<p>Il&nbsp;<strong>laparocele<\/strong>&nbsp;\u00e8 una condizione patologica caratterizzata dalla&nbsp;comparsa di un\u2019ernia&nbsp;che si viene a creare sulla&nbsp;cicatrice&nbsp;di un&nbsp;pregresso intervento&nbsp;chirurgico&nbsp;addominale.<\/p>\n\n\n\n<p><\/p>\n<fb:like href='https:\/\/www.leccecronaca.it\/index.php\/2023\/06\/07\/ultimora-papa-francesco-di-nuovo-in-ospedale-ecco-tutte-le-notizie\/' send='true' layout='button_count' show_faces='true' width='450' height='65' action='recommend' colorscheme='light' font='lucida grande'><\/fb:like><span class=\"fb_share\"><fb:like href=\"https:\/\/www.leccecronaca.it\/index.php\/2023\/06\/07\/ultimora-papa-francesco-di-nuovo-in-ospedale-ecco-tutte-le-notizie\/\" layout=\"button_count\"><\/fb:like><\/span>","protected":false},"excerpt":{"rendered":"<p>(g.p.) ______&nbsp;Ieri mattina, Papa Francesco si era recato al Policlinico Gemelli per sottoporsi ad alcuni accertamenti clinici e aveva fatto ritorno in Vaticano prima di mezzogiorno. Ma le sue condizioni di salute necessitano ora, dopo quelli dei mesi scorsi, di un nuovo intervento chirurgico. Questa mattina il ricovero. Lo ha comunicato poco fa il direttore [&hellip;]<\/p>\n","protected":false},"author":4,"featured_media":216913,"comment_status":"open","ping_status":"closed","sticky":false,"template":"","format":"standard","meta":[],"categories":[69],"tags":[],"_links":{"self":[{"href":"https:\/\/www.leccecronaca.it\/index.php\/wp-json\/wp\/v2\/posts\/216911"}],"collection":[{"href":"https:\/\/www.leccecronaca.it\/index.php\/wp-json\/wp\/v2\/posts"}],"about":[{"href":"https:\/\/www.leccecronaca.it\/index.php\/wp-json\/wp\/v2\/types\/post"}],"author":[{"embeddable":true,"href":"https:\/\/www.leccecronaca.it\/index.php\/wp-json\/wp\/v2\/users\/4"}],"replies":[{"embeddable":true,"href":"https:\/\/www.leccecronaca.it\/index.php\/wp-json\/wp\/v2\/comments?post=216911"}],"version-history":[{"count":2,"href":"https:\/\/www.leccecronaca.it\/index.php\/wp-json\/wp\/v2\/posts\/216911\/revisions"}],"predecessor-version":[{"id":216915,"href":"https:\/\/www.leccecronaca.it\/index.php\/wp-json\/wp\/v2\/posts\/216911\/revisions\/216915"}],"wp:featuredmedia":[{"embeddable":true,"href":"https:\/\/www.leccecronaca.it\/index.php\/wp-json\/wp\/v2\/media\/216913"}],"wp:attachment":[{"href":"https:\/\/www.leccecronaca.it\/index.php\/wp-json\/wp\/v2\/media?parent=216911"}],"wp:term":[{"taxonomy":"category","embeddable":true,"href":"https:\/\/www.leccecronaca.it\/index.php\/wp-json\/wp\/v2\/categories?post=216911"},{"taxonomy":"post_tag","embeddable":true,"href":"https:\/\/www.leccecronaca.it\/index.php\/wp-json\/wp\/v2\/tags?post=216911"}],"curies":[{"name":"wp","href":"https:\/\/api.w.org\/{rel}","templated":true}]}}