{"id":217697,"date":"2023-06-25T14:48:59","date_gmt":"2023-06-25T12:48:59","guid":{"rendered":"https:\/\/www.leccecronaca.it\/?p=217697"},"modified":"2023-06-25T14:55:59","modified_gmt":"2023-06-25T12:55:59","slug":"a-sorpresa-papa-francesco-allangelus-parla-di-emanuela-orlandi-un-bel-passo-avanti-secondo-il-fratello-pietro","status":"publish","type":"post","link":"https:\/\/www.leccecronaca.it\/index.php\/2023\/06\/25\/a-sorpresa-papa-francesco-allangelus-parla-di-emanuela-orlandi-un-bel-passo-avanti-secondo-il-fratello-pietro\/","title":{"rendered":"A SORPRESA PAPA FRANCESCO ALL&#8217;ANGELUS PARLA DI EMANUELA ORLANDI. &#8220;Un bel passo avanti verso la verit\u00e0&#8221;, SECONDO IL FRATELLO PIETRO"},"content":{"rendered":"\n<p><img decoding=\"async\" loading=\"lazy\" width=\"300\" height=\"168\" class=\"wp-image-217698\" style=\"width: 2100px;\" src=\"https:\/\/www.leccecronaca.it\/wordpress\/wp-content\/uploads\/2023\/06\/download-7.jpg\" alt=\"\"><\/p>\n\n\n\n<p>(f.f.) ______&nbsp; Nel caso di Emanuela Orlandi, a quaranta anni dalla sua scomparsa, nei mesi scori ci sono state importani novit\u00e0, come leccecronaca.it ha puntualmente seguito, come fatto sempre, del resto, considerando questa vicenda emblematica dei misteri italiani e dei poteri forti che essi sottendono.<\/p>\n\n\n\n<p>Oggi si \u00e8 verificata un&#8217; altra circostanza significativa.<\/p>\n\n\n\n<p>A Roma in piazza San Pietro questa mattina c&#8217;\u00e8 stata una manifestazione,organizzata appunto nella ricorrenza del quarantennale per chiedere ancora una volta che si arrivi alla verit\u00e0 e sia fatta giustizia, con la partecipazione di tanti cittadini, ognuno dei quali portava con s\u00e8 una foto, o una maglietta, col volto di Emanuela.<\/p>\n\n\n\n<p><\/p>\n\n\n\n<p>A sorpresa, durante la cerimonia domenicale dell&#8217;Angelus, Papa Francesco (nella foto) ha parlato di Emanuela Orlandi. Ecco le sue parole precise<strong>:<\/strong><\/p>\n\n\n\n<p>&#8220;<em style=\"font-weight: bold;\">In questi giorni ricorre il 40\u00b0 anniversario della scomparsa di Emanuela Orlandi. Desidero approfittare di questa circostanza per esprimere, ancora una volta, la mia vicinanza ai familiari, soprattutto alla mamma, e assicurare la mia preghiera. Estendo il mio ricordo a tutte le famiglie che portano il dolore di una persona cara scomparsa&#8221;.<\/em><\/p>\n\n\n\n<p><\/p>\n\n\n\n<p><em>&#8220;\u00c8 stato un segnale positivo, non me lo aspettavo, credo che questo sia un bel passo avanti&#8221;<\/em> &#8211; ha commntato a caldo Pietro Orlandi &#8211; <em>&#8220;Il tab\u00f9 Emanuela Orlandi \u00e8 caduto finalmente. Il Papa ha ricordato Emanuela, il fatto di pregare \u00e8 un segnale di speranza per arrivare alla verit<\/em>\u00e0&#8221;. ______&nbsp;<\/p>\n\n\n\n<p><\/p>\n\n\n\n<p>LA RICERCA nel nostro ultimo articolo sulla questione, del 12 aprile scorso<\/p>\n\n\n\n<figure class=\"wp-block-embed is-type-wp-embed is-provider-leccecronaca-it wp-block-embed-leccecronaca-it\"><div class=\"wp-block-embed__wrapper\">\n<blockquote class=\"wp-embedded-content\" data-secret=\"9T0y4vCphH\"><a href=\"https:\/\/www.leccecronaca.it\/index.php\/2023\/01\/13\/caso-emanuela-orlandi-dichiarazioni-intercettazioni-e-circostanze-sospette-ce-ne-da-infdagare\/\">CASO EMANUELA ORLANDI \/ DICHIARAZIONI, FATTI E CIRCOSTANZE SOSPETTE<\/a><\/blockquote><iframe class=\"wp-embedded-content\" sandbox=\"allow-scripts\" security=\"restricted\" style=\"position: absolute; clip: rect(1px, 1px, 1px, 1px);\" title=\"&#8220;CASO EMANUELA ORLANDI \/ DICHIARAZIONI, FATTI E CIRCOSTANZE SOSPETTE&#8221; &#8212; LecceCronaca.it\" src=\"https:\/\/www.leccecronaca.it\/index.php\/2023\/01\/13\/caso-emanuela-orlandi-dichiarazioni-intercettazioni-e-circostanze-sospette-ce-ne-da-infdagare\/embed\/#?secret=1vzdTQ2DF6#?secret=9T0y4vCphH\" data-secret=\"9T0y4vCphH\" width=\"500\" height=\"282\" frameborder=\"0\" marginwidth=\"0\" marginheight=\"0\" scrolling=\"no\"><\/iframe>\n<\/div><\/figure>\n<fb:like href='https:\/\/www.leccecronaca.it\/index.php\/2023\/06\/25\/a-sorpresa-papa-francesco-allangelus-parla-di-emanuela-orlandi-un-bel-passo-avanti-secondo-il-fratello-pietro\/' send='true' layout='button_count' show_faces='true' width='450' height='65' action='recommend' colorscheme='light' font='lucida grande'><\/fb:like><span class=\"fb_share\"><fb:like href=\"https:\/\/www.leccecronaca.it\/index.php\/2023\/06\/25\/a-sorpresa-papa-francesco-allangelus-parla-di-emanuela-orlandi-un-bel-passo-avanti-secondo-il-fratello-pietro\/\" layout=\"button_count\"><\/fb:like><\/span>","protected":false},"excerpt":{"rendered":"<p>(f.f.) ______&nbsp; Nel caso di Emanuela Orlandi, a quaranta anni dalla sua scomparsa, nei mesi scori ci sono state importani novit\u00e0, come leccecronaca.it ha puntualmente seguito, come fatto sempre, del resto, considerando questa vicenda emblematica dei misteri italiani e dei poteri forti che essi sottendono. Oggi si \u00e8 verificata un&#8217; altra circostanza significativa. A Roma [&hellip;]<\/p>\n","protected":false},"author":4,"featured_media":217698,"comment_status":"open","ping_status":"closed","sticky":false,"template":"","format":"standard","meta":[],"categories":[69],"tags":[],"_links":{"self":[{"href":"https:\/\/www.leccecronaca.it\/index.php\/wp-json\/wp\/v2\/posts\/217697"}],"collection":[{"href":"https:\/\/www.leccecronaca.it\/index.php\/wp-json\/wp\/v2\/posts"}],"about":[{"href":"https:\/\/www.leccecronaca.it\/index.php\/wp-json\/wp\/v2\/types\/post"}],"author":[{"embeddable":true,"href":"https:\/\/www.leccecronaca.it\/index.php\/wp-json\/wp\/v2\/users\/4"}],"replies":[{"embeddable":true,"href":"https:\/\/www.leccecronaca.it\/index.php\/wp-json\/wp\/v2\/comments?post=217697"}],"version-history":[{"count":3,"href":"https:\/\/www.leccecronaca.it\/index.php\/wp-json\/wp\/v2\/posts\/217697\/revisions"}],"predecessor-version":[{"id":217701,"href":"https:\/\/www.leccecronaca.it\/index.php\/wp-json\/wp\/v2\/posts\/217697\/revisions\/217701"}],"wp:featuredmedia":[{"embeddable":true,"href":"https:\/\/www.leccecronaca.it\/index.php\/wp-json\/wp\/v2\/media\/217698"}],"wp:attachment":[{"href":"https:\/\/www.leccecronaca.it\/index.php\/wp-json\/wp\/v2\/media?parent=217697"}],"wp:term":[{"taxonomy":"category","embeddable":true,"href":"https:\/\/www.leccecronaca.it\/index.php\/wp-json\/wp\/v2\/categories?post=217697"},{"taxonomy":"post_tag","embeddable":true,"href":"https:\/\/www.leccecronaca.it\/index.php\/wp-json\/wp\/v2\/tags?post=217697"}],"curies":[{"name":"wp","href":"https:\/\/api.w.org\/{rel}","templated":true}]}}