{"id":218516,"date":"2023-07-14T17:52:15","date_gmt":"2023-07-14T15:52:15","guid":{"rendered":"https:\/\/www.leccecronaca.it\/?p=218516"},"modified":"2023-07-29T17:46:23","modified_gmt":"2023-07-29T15:46:23","slug":"nuova-udienza-del-processo-tap","status":"publish","type":"post","link":"https:\/\/www.leccecronaca.it\/index.php\/2023\/07\/14\/nuova-udienza-del-processo-tap\/","title":{"rendered":"NUOVA UDIENZA DEL PROCESSO TAP"},"content":{"rendered":"\n<p><img decoding=\"async\" loading=\"lazy\" width=\"765\" height=\"430\" class=\"wp-image-218517\" style=\"width: 800px;\" src=\"https:\/\/www.leccecronaca.it\/wordpress\/wp-content\/uploads\/2023\/07\/151710021-bb4f726c-36a6-4acb-a597-6db83b378922.jpeg\" alt=\"\" srcset=\"https:\/\/www.leccecronaca.it\/wordpress\/wp-content\/uploads\/2023\/07\/151710021-bb4f726c-36a6-4acb-a597-6db83b378922.jpeg 765w, https:\/\/www.leccecronaca.it\/wordpress\/wp-content\/uploads\/2023\/07\/151710021-bb4f726c-36a6-4acb-a597-6db83b378922-300x169.jpeg 300w\" sizes=\"(max-width: 765px) 100vw, 765px\" \/><\/p>\n\n\n\n<p>(g.p.) ______&nbsp;&nbsp;Continua il processo contro i vertici Tap e appaltatori, che, dopo tanti rinvii e soste degli anni precedenti &#8211; a settembre prossimo saranno trascorsi gi\u00e0 tre anni dall&#8217;inizio- dal giugno scorso \u00e8 ricominciato con una certa continuit\u00e0, giudice unico Maria Francesca Mariano, pm Alessandro Prontera.<\/p>\n\n\n\n<p>Ieri mattina, gioved\u00ec 13 luglio, si \u00e8 tenuta una nuova udienza, in cui sono stati ascoltati tre dei cinque testi convicati, gli altri due hanno giustificato la loro assenza e saranno riconvocati. <\/p>\n\n\n\n<p>Di particolare rilevanza la testimonianza dell&#8217;architetto Salvatore Petrachi, dell&#8217;ufficio tecnico del Comune di Melendugno, sul suo ruolo istituzionale e sulla documentazione in merito al progetto del gasdotto, incalzato dall&#8217;avvocato Angelo Nanni sempre protagonista principale del collegio difensivo.<\/p>\n\n\n\n<p>Si torna nell&#8217;aula bunker di Borgo San Nicola venerd\u00ec 29 settembre.  ______<\/p>\n\n\n\n<p>LA RICERCA nel nostro ultimo articolo del 26 giugno scorso<\/p>\n\n\n\n<figure class=\"wp-block-embed is-type-wp-embed is-provider-leccecronaca-it wp-block-embed-leccecronaca-it\"><div class=\"wp-block-embed__wrapper\">\n<blockquote class=\"wp-embedded-content\" data-secret=\"w4Zi5iOUCz\"><a href=\"https:\/\/www.leccecronaca.it\/index.php\/2023\/06\/26\/217748\/\">IL PROCESSO TAP VA AVANTI<\/a><\/blockquote><iframe class=\"wp-embedded-content\" sandbox=\"allow-scripts\" security=\"restricted\" style=\"position: absolute; clip: rect(1px, 1px, 1px, 1px);\" title=\"&#8220;IL PROCESSO TAP VA AVANTI&#8221; &#8212; LecceCronaca.it\" src=\"https:\/\/www.leccecronaca.it\/index.php\/2023\/06\/26\/217748\/embed\/#?secret=GOLzFDP4t1#?secret=w4Zi5iOUCz\" data-secret=\"w4Zi5iOUCz\" width=\"500\" height=\"282\" frameborder=\"0\" marginwidth=\"0\" marginheight=\"0\" scrolling=\"no\"><\/iframe>\n<\/div><\/figure>\n<fb:like href='https:\/\/www.leccecronaca.it\/index.php\/2023\/07\/14\/nuova-udienza-del-processo-tap\/' send='true' layout='button_count' show_faces='true' width='450' height='65' action='recommend' colorscheme='light' font='lucida grande'><\/fb:like><span class=\"fb_share\"><fb:like href=\"https:\/\/www.leccecronaca.it\/index.php\/2023\/07\/14\/nuova-udienza-del-processo-tap\/\" layout=\"button_count\"><\/fb:like><\/span>","protected":false},"excerpt":{"rendered":"<p>(g.p.) ______&nbsp;&nbsp;Continua il processo contro i vertici Tap e appaltatori, che, dopo tanti rinvii e soste degli anni precedenti &#8211; a settembre prossimo saranno trascorsi gi\u00e0 tre anni dall&#8217;inizio- dal giugno scorso \u00e8 ricominciato con una certa continuit\u00e0, giudice unico Maria Francesca Mariano, pm Alessandro Prontera. Ieri mattina, gioved\u00ec 13 luglio, si \u00e8 tenuta una [&hellip;]<\/p>\n","protected":false},"author":4,"featured_media":218517,"comment_status":"open","ping_status":"closed","sticky":false,"template":"","format":"standard","meta":[],"categories":[69],"tags":[],"_links":{"self":[{"href":"https:\/\/www.leccecronaca.it\/index.php\/wp-json\/wp\/v2\/posts\/218516"}],"collection":[{"href":"https:\/\/www.leccecronaca.it\/index.php\/wp-json\/wp\/v2\/posts"}],"about":[{"href":"https:\/\/www.leccecronaca.it\/index.php\/wp-json\/wp\/v2\/types\/post"}],"author":[{"embeddable":true,"href":"https:\/\/www.leccecronaca.it\/index.php\/wp-json\/wp\/v2\/users\/4"}],"replies":[{"embeddable":true,"href":"https:\/\/www.leccecronaca.it\/index.php\/wp-json\/wp\/v2\/comments?post=218516"}],"version-history":[{"count":2,"href":"https:\/\/www.leccecronaca.it\/index.php\/wp-json\/wp\/v2\/posts\/218516\/revisions"}],"predecessor-version":[{"id":219170,"href":"https:\/\/www.leccecronaca.it\/index.php\/wp-json\/wp\/v2\/posts\/218516\/revisions\/219170"}],"wp:featuredmedia":[{"embeddable":true,"href":"https:\/\/www.leccecronaca.it\/index.php\/wp-json\/wp\/v2\/media\/218517"}],"wp:attachment":[{"href":"https:\/\/www.leccecronaca.it\/index.php\/wp-json\/wp\/v2\/media?parent=218516"}],"wp:term":[{"taxonomy":"category","embeddable":true,"href":"https:\/\/www.leccecronaca.it\/index.php\/wp-json\/wp\/v2\/categories?post=218516"},{"taxonomy":"post_tag","embeddable":true,"href":"https:\/\/www.leccecronaca.it\/index.php\/wp-json\/wp\/v2\/tags?post=218516"}],"curies":[{"name":"wp","href":"https:\/\/api.w.org\/{rel}","templated":true}]}}