{"id":220444,"date":"2023-09-05T14:46:43","date_gmt":"2023-09-05T12:46:43","guid":{"rendered":"https:\/\/www.leccecronaca.it\/?p=220444"},"modified":"2023-09-05T14:48:43","modified_gmt":"2023-09-05T12:48:43","slug":"besa-pubblica-un-bel-romanzo-di-formazione-di-mihail-sebastian","status":"publish","type":"post","link":"https:\/\/www.leccecronaca.it\/index.php\/2023\/09\/05\/besa-pubblica-un-bel-romanzo-di-formazione-di-mihail-sebastian\/","title":{"rendered":"BESA PUBBLICA UN BEL ROMANZO DI FORMAZIONE DI MIHAIL SEBASTIAN"},"content":{"rendered":"\n<p><img decoding=\"async\" loading=\"lazy\" width=\"270\" height=\"270\" class=\"wp-image-220448\" style=\"width: 1500px;\" src=\"https:\/\/www.leccecronaca.it\/wordpress\/wp-content\/uploads\/2023\/09\/mihail-sebastian-270x270-1.jpg\" alt=\"\" srcset=\"https:\/\/www.leccecronaca.it\/wordpress\/wp-content\/uploads\/2023\/09\/mihail-sebastian-270x270-1.jpg 270w, https:\/\/www.leccecronaca.it\/wordpress\/wp-content\/uploads\/2023\/09\/mihail-sebastian-270x270-1-150x150.jpg 150w, https:\/\/www.leccecronaca.it\/wordpress\/wp-content\/uploads\/2023\/09\/mihail-sebastian-270x270-1-60x60.jpg 60w\" sizes=\"(max-width: 270px) 100vw, 270px\" \/><\/p>\n\n\n\n<p>di <strong>Raffaele Polo<\/strong> \u00a0______<\/p>\n\n\n\n<p>Una vita di sofferenze, una prematura, tragica fine per<strong> Mihail Sebastian<\/strong> (nella foto), letterato romeno, morto\u00a0 a 38 anni nel 1945, schiacciato da un camion, proprio mentre l&#8217;Armata Rossa occupava la Romania. Le sue origini ebraiche, del resto, lo condannavano all&#8217;eterna persecuzione, ma non gli hanno impedito, peraltro, di affermarsi con i suoi scritti, soprattutto per le sue commedie: Steaua f\u0103r\u0103 nume (&#8220;La stella senza nome&#8221;), Jocul de-a vacan\u0163a (&#8220;I giochi delle vacanze&#8221;), Ultima or\u0103 (&#8220;Ultim&#8217;Ora&#8221;).<\/p>\n\n\n\n<p><\/p>\n\n\n\n<p>Pubblicato ora dalla casa editrice salentina  Besa il suo avvincente romanzo, nella traduzione di <em>\u00a0Alina Monica Turlea<\/em>\u00a0 (<strong><em>\u201dLa citt\u00e0 delle<\/em> <\/strong><em><strong>acacie\u201d<\/strong><\/em>, 232 pagine, 16 euro) ci introduce alla vita della quindicenne Adriana Dunea, che scorre tranquilla tra il calore familiare, i banchi di scuola, le amiche di sempre, le lezioni di pianoforte, fino a quando \u201cfioriscono le acacie\u201d anche per lei;\u00a0 il suo corpo comincia a cambiare in modi che lei fatica a comprendere ma che le fanno percepire il mondo in maniera nuova e misteriosa.<br>La sua indole volubile, curiosa e appassionata, oscilla fra le certezze della citt\u00e0 di provincia in cui si svolge la sua appagante routine e il desiderio di avventure nella capitale. <\/p>\n\n\n\n<p><\/p>\n\n\n\n<p>Un soggiorno a Bucarest la metter\u00e0 di fronte a un bivio: da una parte l\u2019amore rassicurante dell\u2019inquieto Gelu, dall\u2019altra la passione effimera di Cello Viorin, il compositore delle <em>Canzoni per la bionda Agnes<\/em>, la melodia che ha segnato la sua relazione con Gelu. Abituata a lasciarsi trasportare dalla vita, Adriana lascer\u00e0 che sia il destino a stabilire quale strada prendere ma, intanto, acquisir\u00e0 indipendenza e consapevolezza di s\u00e9 e infine sar\u00e0 finalmente pronta a scegliere cosa diventare e chi essere.<\/p>\n\n\n\n<p>\u00a0Il lettore la seguir\u00e0 nelle sue scelte, fino a un sorprendente bivio che coinvolger\u00e0 la vita della protagonista.<\/p>\n\n\n\n<p><img decoding=\"async\" loading=\"lazy\" width=\"1000\" height=\"1583\" class=\"wp-image-220449\" style=\"width: 1200px;\" src=\"https:\/\/www.leccecronaca.it\/wordpress\/wp-content\/uploads\/2023\/09\/seb.jpg\" alt=\"\" srcset=\"https:\/\/www.leccecronaca.it\/wordpress\/wp-content\/uploads\/2023\/09\/seb.jpg 1000w, https:\/\/www.leccecronaca.it\/wordpress\/wp-content\/uploads\/2023\/09\/seb-190x300.jpg 190w, https:\/\/www.leccecronaca.it\/wordpress\/wp-content\/uploads\/2023\/09\/seb-647x1024.jpg 647w, https:\/\/www.leccecronaca.it\/wordpress\/wp-content\/uploads\/2023\/09\/seb-768x1216.jpg 768w, https:\/\/www.leccecronaca.it\/wordpress\/wp-content\/uploads\/2023\/09\/seb-970x1536.jpg 970w\" sizes=\"(max-width: 1000px) 100vw, 1000px\" \/><br><br><br><\/p>\n<fb:like href='https:\/\/www.leccecronaca.it\/index.php\/2023\/09\/05\/besa-pubblica-un-bel-romanzo-di-formazione-di-mihail-sebastian\/' send='true' layout='button_count' show_faces='true' width='450' height='65' action='recommend' colorscheme='light' font='lucida grande'><\/fb:like><span class=\"fb_share\"><fb:like href=\"https:\/\/www.leccecronaca.it\/index.php\/2023\/09\/05\/besa-pubblica-un-bel-romanzo-di-formazione-di-mihail-sebastian\/\" layout=\"button_count\"><\/fb:like><\/span>","protected":false},"excerpt":{"rendered":"<p>di Raffaele Polo \u00a0______ Una vita di sofferenze, una prematura, tragica fine per Mihail Sebastian (nella foto), letterato romeno, morto\u00a0 a 38 anni nel 1945, schiacciato da un camion, proprio mentre l&#8217;Armata Rossa occupava la Romania. Le sue origini ebraiche, del resto, lo condannavano all&#8217;eterna persecuzione, ma non gli hanno impedito, peraltro, di affermarsi con [&hellip;]<\/p>\n","protected":false},"author":4,"featured_media":220448,"comment_status":"open","ping_status":"closed","sticky":false,"template":"","format":"standard","meta":[],"categories":[31,57],"tags":[],"_links":{"self":[{"href":"https:\/\/www.leccecronaca.it\/index.php\/wp-json\/wp\/v2\/posts\/220444"}],"collection":[{"href":"https:\/\/www.leccecronaca.it\/index.php\/wp-json\/wp\/v2\/posts"}],"about":[{"href":"https:\/\/www.leccecronaca.it\/index.php\/wp-json\/wp\/v2\/types\/post"}],"author":[{"embeddable":true,"href":"https:\/\/www.leccecronaca.it\/index.php\/wp-json\/wp\/v2\/users\/4"}],"replies":[{"embeddable":true,"href":"https:\/\/www.leccecronaca.it\/index.php\/wp-json\/wp\/v2\/comments?post=220444"}],"version-history":[{"count":2,"href":"https:\/\/www.leccecronaca.it\/index.php\/wp-json\/wp\/v2\/posts\/220444\/revisions"}],"predecessor-version":[{"id":220450,"href":"https:\/\/www.leccecronaca.it\/index.php\/wp-json\/wp\/v2\/posts\/220444\/revisions\/220450"}],"wp:featuredmedia":[{"embeddable":true,"href":"https:\/\/www.leccecronaca.it\/index.php\/wp-json\/wp\/v2\/media\/220448"}],"wp:attachment":[{"href":"https:\/\/www.leccecronaca.it\/index.php\/wp-json\/wp\/v2\/media?parent=220444"}],"wp:term":[{"taxonomy":"category","embeddable":true,"href":"https:\/\/www.leccecronaca.it\/index.php\/wp-json\/wp\/v2\/categories?post=220444"},{"taxonomy":"post_tag","embeddable":true,"href":"https:\/\/www.leccecronaca.it\/index.php\/wp-json\/wp\/v2\/tags?post=220444"}],"curies":[{"name":"wp","href":"https:\/\/api.w.org\/{rel}","templated":true}]}}