{"id":220451,"date":"2023-09-05T15:11:13","date_gmt":"2023-09-05T13:11:13","guid":{"rendered":"https:\/\/www.leccecronaca.it\/?p=220451"},"modified":"2023-09-05T15:23:31","modified_gmt":"2023-09-05T13:23:31","slug":"analisi-comparata-dei-discorsi-dellarcivescovo-e-del-sindaco-di-brindisi","status":"publish","type":"post","link":"https:\/\/www.leccecronaca.it\/index.php\/2023\/09\/05\/analisi-comparata-dei-discorsi-dellarcivescovo-e-del-sindaco-di-brindisi\/","title":{"rendered":"ANALISI DEI DISCORSI DELL&#8217;ARCIVESCOVO E DEL SINDACO DI BRINDISI"},"content":{"rendered":"\n<p><img decoding=\"async\" loading=\"lazy\" width=\"600\" height=\"300\" class=\"wp-image-220454\" style=\"width: 1200px;\" src=\"https:\/\/www.leccecronaca.it\/wordpress\/wp-content\/uploads\/2023\/09\/giovanni-intini-600x300-1.jpg\" alt=\"\" srcset=\"https:\/\/www.leccecronaca.it\/wordpress\/wp-content\/uploads\/2023\/09\/giovanni-intini-600x300-1.jpg 600w, https:\/\/www.leccecronaca.it\/wordpress\/wp-content\/uploads\/2023\/09\/giovanni-intini-600x300-1-300x150.jpg 300w\" sizes=\"(max-width: 600px) 100vw, 600px\" \/>Riceviamo e volentieri pubblichiamo. Giorgio Sciarra, per conto delle associazioni firmatarie sotto riportate, ci manda il seguente comunicato\u00a0______<\/p>\n\n\n\n<p>I discorsi di domenica dell&#8217;arcivescovo monsignor Giovanni Intini e del sindaco Giuseppe Marchionna, in occasione delle feste patronali, non potevano non suscitare l&#8217;attenzione dell&#8217;opinione pubblica e anche alcuni interventi politici a difesa d\u2019interessi specifici.<\/p>\n\n\n\n<p>\u00a0\u00a0\u00a0\u00a0\u00a0\u00a0\u00a0\u00a0\u00a0\u00a0\u00a0 <\/p>\n\n\n\n<p>L\u2019Arcivescovo ha toccato temi e argomenti particolarmente sentiti dai cittadini di Brindisi, di una citt\u00e0 che si batte da sempre proprio perch\u00e9 questi si possano concretizzare: <strong>\u00ab<\/strong>l\u2019attenzione al territorio va di pari passo con quella della persona umana. Che attenzione sarebbe quella alla persona se poi non si tutela quella casa comune, che \u00e8 il territorio?<strong>\u00bb, <\/strong>ammonendo che <strong>\u00ab<\/strong>il cambiamento di rotta per approdare a una nuova e sapiente ecologia integrale non \u00e8 pi\u00f9 procrastinabile<strong>\u00bb<\/strong>. \u00a0E non \u00e8 mancato la citazione della Laudato si\u2019 in uno dei pi\u00f9 significativi passaggi in cui Papa Francesco parla della cultura ecologica che <strong>\u00ab<\/strong>dovrebbe essere uno sguardo diverso, un pensiero, una politica, un programma educativo, uno stile di vita e una spiritualit\u00e0 che diano forma ad una resistenza di fronte all\u2019avanzare del paradigma tecnocratico<strong>\u00bb<\/strong>. <\/p>\n\n\n\n<p><\/p>\n\n\n\n<p>In un messaggio di cos\u00ec alta sensibilit\u00e0 non poteva mancare un richiamo ad un argomento quanto mai attuale che i cittadini stanno affrontando e per il quale si stanno scontrando con un pesante sistema di potere, dice l\u2019arcivescovo:\u00a0 \u00abl\u2019inquietudine che la nostra comunit\u00e0 cittadina vive in questi giorni, per la questione del deposito di gas liquido nel nostro porto, ci dice che queste problematiche interessano anche noi\u00bb. <\/p>\n\n\n\n<p><\/p>\n\n\n\n<p>Una dimostrazione di attenzione, questa, che contrasta con quanto il sindaco Marchionna ebbe a dire pochi giorni fa quando rifiut\u00f2 di continuare l\u2019azione giudiziaria, per il deposito\/impianto di Gnl, presso il TAR del Lazio affermando prima della manifestazione del 24 agosto scorso \u00abcredo che per noi del Comune quello di Edison \u00e8 un problema che non ci riguarda, che non esiste pi\u00f9. Ormai riguarda solo l\u2019Autorit\u00e0 Portuale ed eventualmente altre istituzioni coinvolte\u00bb.<\/p>\n\n\n\n<p><img decoding=\"async\" loading=\"lazy\" width=\"1200\" height=\"720\" class=\"wp-image-220455\" style=\"width: 1200px;\" src=\"https:\/\/www.leccecronaca.it\/wordpress\/wp-content\/uploads\/2023\/09\/archionna-1693740376414.JPG-brindisi__festa_patronale___coltiviamo_l_idea_di_recuperare_il_senso_di_appartenenza_alla_citta_.jpg\" alt=\"\" srcset=\"https:\/\/www.leccecronaca.it\/wordpress\/wp-content\/uploads\/2023\/09\/archionna-1693740376414.JPG-brindisi__festa_patronale___coltiviamo_l_idea_di_recuperare_il_senso_di_appartenenza_alla_citta_.jpg 1200w, https:\/\/www.leccecronaca.it\/wordpress\/wp-content\/uploads\/2023\/09\/archionna-1693740376414.JPG-brindisi__festa_patronale___coltiviamo_l_idea_di_recuperare_il_senso_di_appartenenza_alla_citta_-300x180.jpg 300w, https:\/\/www.leccecronaca.it\/wordpress\/wp-content\/uploads\/2023\/09\/archionna-1693740376414.JPG-brindisi__festa_patronale___coltiviamo_l_idea_di_recuperare_il_senso_di_appartenenza_alla_citta_-1024x614.jpg 1024w, https:\/\/www.leccecronaca.it\/wordpress\/wp-content\/uploads\/2023\/09\/archionna-1693740376414.JPG-brindisi__festa_patronale___coltiviamo_l_idea_di_recuperare_il_senso_di_appartenenza_alla_citta_-768x461.jpg 768w\" sizes=\"(max-width: 1200px) 100vw, 1200px\" \/> <\/p>\n\n\n\n<p>E cozza anche con quanto lui stesso ha enunciato nell\u2019intervento dopo l\u2019Arcivescovo e cio\u00e8 che <strong><u>\u00absenza amore per la citt\u00e0, la straordinaria bellezza di Brindisi sfiorir\u00e0 ogni giorno di pi\u00f9\u00bb concetto che ci vede concordi, ma in cosa si manifesta l\u2019amore per la citt\u00e0, nello spianare la strada ad insediamenti che decreteranno la morte del porto e quindi dell\u2019economia della citt\u00e0 e del territorio? <\/u><\/strong><\/p>\n\n\n\n<p><strong><u>Nel farsi dettare le linee da un presidente dell\u2019AdSPMAM che tra annunci di \u201cpasserelle girevoli\u201d, \u201cpiccole torre Guaceto\u201d e altre invadenze delle altrui competenze, affosser\u00e0 la polifunzionalit\u00e0 del nostro porto? Se permette caro Sindaco non sono questi i segnali d\u2019amore di cui ha bisogno la citt\u00e0 di Brindisi.<\/u><\/strong><\/p>\n\n\n\n<p>\u00a0\u00a0\u00a0\u00a0\u00a0\u00a0\u00a0\u00a0\u00a0\u00a0\u00a0 <\/p>\n\n\n\n<p>Possiamo convenire sul fatto che sul discorso del sindaco abbia pesato la situazione in cui si trova il Comune di Brindisi per cui \u00e8 plausibile citare responsabilit\u00e0 politiche precedenti e chiedere ai cittadini di mostrare responsabilit\u00e0 civica, ma, nel farlo, bisogna assumersi precise responsabilit\u00e0 e impegni che riguardano, innanzitutto, le posizioni da assumere per il futuro della citt\u00e0 e, in questo senso, come uscire dalle vecchie logiche economiche che ne hanno condizionato lo sviluppo. <\/p>\n\n\n\n<p>Oggi gli impegni ineludibili riguardano lo sviluppo sostenibile in citt\u00e0 e, in questo senso, ci\u00f2 che l&#8217;amministrazione comunale decider\u00e0 in merito a scelte fondamentali, tra le quali ora \u00e8 al centro dell&#8217;attenzione quella riguardante il deposito di GNL che confligge con qualsiasi prospettiva di sviluppo sostenibile.<\/p>\n\n\n\n<p>\u00a0\u00a0\u00a0\u00a0\u00a0\u00a0\u00a0\u00a0\u00a0\u00a0\u00a0 <\/p>\n\n\n\n<p>Il discorso dell&#8217;Arcivescovo si \u00e8 concentrato su tre punti precisi e cio\u00e8 sulla persona, sul territorio e sulla comunit\u00e0. L&#8217;arcivescovo ha mostrato una visione d&#8217;insieme articolata e ha portato a chiedere un cambio di rotta preciso sia per quel che riguarda le politiche sociali, sia per quel che riguarda le politiche ambientali dello sviluppo sostenibile della citt\u00e0.<\/p>\n\n\n\n<p>\u00a0\u00a0\u00a0\u00a0\u00a0\u00a0\u00a0\u00a0\u00a0\u00a0\u00a0 <\/p>\n\n\n\n<p>Dalle riflessioni fatte \u00e8 parso che monsignor Intini viva da molto tempo in questa citt\u00e0 poich\u00e9 queste si adattano pienamente alle tribolazioni e alle imposizioni subite negli anni dalla citt\u00e0 di Brindisi e dai suoi cittadini per cui ha chiesto all&#8217;intera comunit\u00e0 brindisina che \u00abforse pi\u00f9 che essere spettatori che pongono domande agli attori della nostra societ\u00e0, conviene che anche noi decidiamo di prenderci la nostra parte di responsabilit\u00e0, ciascuno al proprio livello, e di diventare protagonisti: sentinelle della convivenza sociale, ecclesiale, politica, familiare, per imparare a scrutare i segni dei tempi e contribuire attivamente al cambiamento\u00bb e per far questo occorre \u00abnon cedere alle logiche, spesso ricattatorie del profitto e del mercato, non \u00e8 un gesto di eroismo ma di amore civico per la propria citt\u00e0\u00bb.<\/p>\n\n\n\n<p><strong>Forum Ambiente, Salute e Sviluppo &#8211; Fondazione \u201cTonino Di Giulio\u201d &#8211; Italia Nostra &#8211; Legambiente &#8211; WWF Brindisi &#8211; Medicina Democratica &#8211; Salute Pubblica &#8211; No Al Carbone &#8211; No Tap\/Snam Brindisi<\/strong><\/p>\n<fb:like href='https:\/\/www.leccecronaca.it\/index.php\/2023\/09\/05\/analisi-comparata-dei-discorsi-dellarcivescovo-e-del-sindaco-di-brindisi\/' send='true' layout='button_count' show_faces='true' width='450' height='65' action='recommend' colorscheme='light' font='lucida grande'><\/fb:like><span class=\"fb_share\"><fb:like href=\"https:\/\/www.leccecronaca.it\/index.php\/2023\/09\/05\/analisi-comparata-dei-discorsi-dellarcivescovo-e-del-sindaco-di-brindisi\/\" layout=\"button_count\"><\/fb:like><\/span>","protected":false},"excerpt":{"rendered":"<p>Riceviamo e volentieri pubblichiamo. Giorgio Sciarra, per conto delle associazioni firmatarie sotto riportate, ci manda il seguente comunicato\u00a0______ I discorsi di domenica dell&#8217;arcivescovo monsignor Giovanni Intini e del sindaco Giuseppe Marchionna, in occasione delle feste patronali, non potevano non suscitare l&#8217;attenzione dell&#8217;opinione pubblica e anche alcuni interventi politici a difesa d\u2019interessi specifici. \u00a0\u00a0\u00a0\u00a0\u00a0\u00a0\u00a0\u00a0\u00a0\u00a0\u00a0 L\u2019Arcivescovo ha [&hellip;]<\/p>\n","protected":false},"author":4,"featured_media":220454,"comment_status":"open","ping_status":"closed","sticky":false,"template":"","format":"standard","meta":[],"categories":[1,76,36],"tags":[],"_links":{"self":[{"href":"https:\/\/www.leccecronaca.it\/index.php\/wp-json\/wp\/v2\/posts\/220451"}],"collection":[{"href":"https:\/\/www.leccecronaca.it\/index.php\/wp-json\/wp\/v2\/posts"}],"about":[{"href":"https:\/\/www.leccecronaca.it\/index.php\/wp-json\/wp\/v2\/types\/post"}],"author":[{"embeddable":true,"href":"https:\/\/www.leccecronaca.it\/index.php\/wp-json\/wp\/v2\/users\/4"}],"replies":[{"embeddable":true,"href":"https:\/\/www.leccecronaca.it\/index.php\/wp-json\/wp\/v2\/comments?post=220451"}],"version-history":[{"count":2,"href":"https:\/\/www.leccecronaca.it\/index.php\/wp-json\/wp\/v2\/posts\/220451\/revisions"}],"predecessor-version":[{"id":220456,"href":"https:\/\/www.leccecronaca.it\/index.php\/wp-json\/wp\/v2\/posts\/220451\/revisions\/220456"}],"wp:featuredmedia":[{"embeddable":true,"href":"https:\/\/www.leccecronaca.it\/index.php\/wp-json\/wp\/v2\/media\/220454"}],"wp:attachment":[{"href":"https:\/\/www.leccecronaca.it\/index.php\/wp-json\/wp\/v2\/media?parent=220451"}],"wp:term":[{"taxonomy":"category","embeddable":true,"href":"https:\/\/www.leccecronaca.it\/index.php\/wp-json\/wp\/v2\/categories?post=220451"},{"taxonomy":"post_tag","embeddable":true,"href":"https:\/\/www.leccecronaca.it\/index.php\/wp-json\/wp\/v2\/tags?post=220451"}],"curies":[{"name":"wp","href":"https:\/\/api.w.org\/{rel}","templated":true}]}}