{"id":220730,"date":"2023-09-12T17:05:36","date_gmt":"2023-09-12T15:05:36","guid":{"rendered":"https:\/\/www.leccecronaca.it\/?p=220730"},"modified":"2023-09-23T13:48:28","modified_gmt":"2023-09-23T11:48:28","slug":"concerto-grosso-per-i-fenicotteri-rosa-alle-cesine-giovanni-dagata-rilancia","status":"publish","type":"post","link":"https:\/\/www.leccecronaca.it\/index.php\/2023\/09\/12\/concerto-grosso-per-i-fenicotteri-rosa-alle-cesine-giovanni-dagata-rilancia\/","title":{"rendered":"CONCERTO GROSSO PER I FENICOTTERI ROSA"},"content":{"rendered":"\n<p><img decoding=\"async\" loading=\"lazy\" width=\"500\" height=\"375\" class=\"wp-image-220731\" style=\"width: 1500px;\" src=\"https:\/\/www.leccecronaca.it\/wordpress\/wp-content\/uploads\/2023\/09\/fenicotteri-alle-cesine.png\" alt=\"\" srcset=\"https:\/\/www.leccecronaca.it\/wordpress\/wp-content\/uploads\/2023\/09\/fenicotteri-alle-cesine.png 500w, https:\/\/www.leccecronaca.it\/wordpress\/wp-content\/uploads\/2023\/09\/fenicotteri-alle-cesine-300x225.png 300w, https:\/\/www.leccecronaca.it\/wordpress\/wp-content\/uploads\/2023\/09\/fenicotteri-alle-cesine-400x300.png 400w\" sizes=\"(max-width: 500px) 100vw, 500px\" \/><\/p>\n\n\n\n<p><strong>ALLE CESINE. D&#8217;AGATA RILANCIA<\/strong><\/p>\n\n\n\n<p>di <strong>Enrico Petrelli<\/strong> &nbsp;______&nbsp;<\/p>\n\n\n\n<p><em>\u201cL\u2019istituzione immediata e improrogabile di una grande area marina protetta\u201d e \u201cla necessit\u00e0 di protezione di una costa in un\u2019ampia porzione di una parte della Regione Puglia\u201d: <\/em>questa l\u2019idea e l\u2019appello rivolto dallo \u201cSportello dei Diritti\u201d e dal suo presidente, Giovanni D\u2019Agata, rilanciati nell\u2019occasione del folto passaggio di Fenicotteri presso l\u2019Oasi WWF Le Cesine.<\/p>\n\n\n\n<p>Avviene infatti in questi giorni un passaggio interessante anche per il gran numero di esemplari di <em>Phoenicopterus roseus <\/em>che sono ospitati dalla zona naturalistica de Le Cesine. <\/p>\n\n\n\n<p>Questo tipo di uccelli visita annualmente il Salento durante la sua migrazione verso le regioni ove sverna, e sosta per un periodo di riposo nei pantani e negli stagni del parco, ma i gruppi non sono di solito cos\u00ec copiosi. Si tratta di un soggiorno regolare in questi luoghi del Basso Adriatico, ma gi\u00e0 da molti anni questa specie nidifica anche in localit\u00e0 pi\u00f9 settentrionali lungo la costa, ad esempio, su tutte, le Saline di Margherita di Savoia.<\/p>\n\n\n\n<p>Anche per tutelare questi fenicotteri e con loro altre specie acquatiche come la foca monaca, lo \u201cSportello dei Diritti\u201d si appella alle autorit\u00e0 locali e nazionali chiedendo l\u2019istituzione di un\u2019Area Marina protetta a partire dalla costa antistante \u201cLe Cesine\u201d nell\u2019ottica e nel desiderio di conservare le peculiarit\u00e0 floristiche e faunistiche di tratti di mare e porzioni di litorale, anche molto estese, che hanno da tempo \u201c<em>abbandonato ogni velleit\u00e0 industriale\u201d<\/em>.<\/p>\n\n\n\n<p>\u201c<em>Una scelta politica drastica\u201d, <\/em>come la definisce lo \u201cSportello dei Diritti\u201d, e un\u2019idea lanciata dal suo presidente Giovanni D\u2019Agata prima di questo speciale \u201csoggiorno\u201d gi\u00e0 da tempo, ma che adesso riacquista nuova luce grazie allo stupore e all\u2019emozione che danno gli incontri silenziosi con questi uccelli.<\/p>\n\n\n\n<p>Nell\u2019ombra screziata della macchia, in una brezza che porta il fruscio dei rami, sopendo la voce di qualche compagno, \u00e8 possibile, affacciandosi con discrezione oltre i cespugli, scorgere questo spettacolo di strani ed esotici viaggiatori specchiati dall\u2019acqua immobile, un qualcosa di delicato, come delicato il fitto intreccio delle piante e di altri organismi che sempre pi\u00f9 strati della cittadinanza desiderano proteggere anche per la loro bellezza.<\/p>\n<fb:like href='https:\/\/www.leccecronaca.it\/index.php\/2023\/09\/12\/concerto-grosso-per-i-fenicotteri-rosa-alle-cesine-giovanni-dagata-rilancia\/' send='true' layout='button_count' show_faces='true' width='450' height='65' action='recommend' colorscheme='light' font='lucida grande'><\/fb:like><span class=\"fb_share\"><fb:like href=\"https:\/\/www.leccecronaca.it\/index.php\/2023\/09\/12\/concerto-grosso-per-i-fenicotteri-rosa-alle-cesine-giovanni-dagata-rilancia\/\" layout=\"button_count\"><\/fb:like><\/span>","protected":false},"excerpt":{"rendered":"<p>ALLE CESINE. D&#8217;AGATA RILANCIA di Enrico Petrelli &nbsp;______&nbsp; \u201cL\u2019istituzione immediata e improrogabile di una grande area marina protetta\u201d e \u201cla necessit\u00e0 di protezione di una costa in un\u2019ampia porzione di una parte della Regione Puglia\u201d: questa l\u2019idea e l\u2019appello rivolto dallo \u201cSportello dei Diritti\u201d e dal suo presidente, Giovanni D\u2019Agata, rilanciati nell\u2019occasione del folto passaggio [&hellip;]<\/p>\n","protected":false},"author":4,"featured_media":220731,"comment_status":"open","ping_status":"closed","sticky":false,"template":"","format":"standard","meta":[],"categories":[1,69,31,76],"tags":[],"_links":{"self":[{"href":"https:\/\/www.leccecronaca.it\/index.php\/wp-json\/wp\/v2\/posts\/220730"}],"collection":[{"href":"https:\/\/www.leccecronaca.it\/index.php\/wp-json\/wp\/v2\/posts"}],"about":[{"href":"https:\/\/www.leccecronaca.it\/index.php\/wp-json\/wp\/v2\/types\/post"}],"author":[{"embeddable":true,"href":"https:\/\/www.leccecronaca.it\/index.php\/wp-json\/wp\/v2\/users\/4"}],"replies":[{"embeddable":true,"href":"https:\/\/www.leccecronaca.it\/index.php\/wp-json\/wp\/v2\/comments?post=220730"}],"version-history":[{"count":5,"href":"https:\/\/www.leccecronaca.it\/index.php\/wp-json\/wp\/v2\/posts\/220730\/revisions"}],"predecessor-version":[{"id":220821,"href":"https:\/\/www.leccecronaca.it\/index.php\/wp-json\/wp\/v2\/posts\/220730\/revisions\/220821"}],"wp:featuredmedia":[{"embeddable":true,"href":"https:\/\/www.leccecronaca.it\/index.php\/wp-json\/wp\/v2\/media\/220731"}],"wp:attachment":[{"href":"https:\/\/www.leccecronaca.it\/index.php\/wp-json\/wp\/v2\/media?parent=220730"}],"wp:term":[{"taxonomy":"category","embeddable":true,"href":"https:\/\/www.leccecronaca.it\/index.php\/wp-json\/wp\/v2\/categories?post=220730"},{"taxonomy":"post_tag","embeddable":true,"href":"https:\/\/www.leccecronaca.it\/index.php\/wp-json\/wp\/v2\/tags?post=220730"}],"curies":[{"name":"wp","href":"https:\/\/api.w.org\/{rel}","templated":true}]}}