{"id":220859,"date":"2023-09-16T13:44:17","date_gmt":"2023-09-16T11:44:17","guid":{"rendered":"https:\/\/www.leccecronaca.it\/?p=220859"},"modified":"2023-09-16T13:52:02","modified_gmt":"2023-09-16T11:52:02","slug":"decisione-presa-primarie-del-centro-sinistra-per-le-amministrative-a-lecce","status":"publish","type":"post","link":"https:\/\/www.leccecronaca.it\/index.php\/2023\/09\/16\/decisione-presa-primarie-del-centro-sinistra-per-le-amministrative-a-lecce\/","title":{"rendered":"DECISIONE PRESA, PRIMARIE DEL CENTRO SINISTRA PER LE AMMINISTRATIVE A LECCE"},"content":{"rendered":"\n<p><img decoding=\"async\" loading=\"lazy\" width=\"343\" height=\"147\" class=\"wp-image-220860\" style=\"width: 1200px;\" src=\"https:\/\/www.leccecronaca.it\/wordpress\/wp-content\/uploads\/2023\/09\/PACCA.jpg\" alt=\"\" srcset=\"https:\/\/www.leccecronaca.it\/wordpress\/wp-content\/uploads\/2023\/09\/PACCA.jpg 343w, https:\/\/www.leccecronaca.it\/wordpress\/wp-content\/uploads\/2023\/09\/PACCA-300x129.jpg 300w\" sizes=\"(max-width: 343px) 100vw, 343px\" \/><\/p>\n\n\n\n<p>Riceviamo e volentieri pubblichiamo il comunicato congiunto della coalizione civica, moderata, progressista e riformista e regolamento delle Primarie &#8220;Insieme per Lecce 2024-2029&#8221; sottoscritto ieri sera  (nella foto del nostro archivo, Palazzo Carafa, sede del consiglio comunale) ______ <\/p>\n\n\n\n<p>La coalizione civica, moderata, progressista e riformista ha sottoscritto l\u2019Impegno comune per Lecce 2024-2029 e il Regolamento che disciplina il percorso per la scelta del candidato sindaco attraverso le primarie che si chiamer\u00e0 \u201cInsieme per Lecce 2024-2029\u201d.<\/p>\n\n\n\n<p>\u00c8 intenzione della coalizione proseguire, grazie alla pi\u00f9 ampia partecipazione delle cittadine e dei cittadini leccesi, il percorso di crescita e cambiamento della citt\u00e0, nel segno della giustizia sociale, economica, ambientale e climatica.<\/p>\n\n\n\n<p>Regole condivise, chiare e trasparenti, quindi, per un confronto leale e costruttivo per il rilancio e l\u2019aggiornamento della proposta politico-programmatica che trova fondamento nelle linee programmatiche del mandato amministrativo in corso e per l\u2019individuazione del miglior candidato alla carica di Sindaco di Lecce.<\/p>\n\n\n\n<p>La data di svolgimento delle primarie \u00e8 stata fissata per il<strong> 26 novembre<\/strong>. Conseguentemente, il termine ultimo per la presentazione delle candidature \u00e8 stato fissato per il <strong>26 ottobre<\/strong>.<\/p>\n\n\n\n<p>Hanno sottoscritto l\u2019impegno comune per Lecce 2024-2029: Lecce Citt\u00e0 Pubblica, Partito Democratico, Con, Coscienza Civica, Noi Per Lecce, Movimento Sveglia, Articolo Tre, Per la Puglia, Italia Viva, La Puglia in pi\u00f9, Sinistra Italiana, Partito Socialista, Verdi. Pi\u00f9 Europa e Centro Democratico, pur non presenti al tavolo di oggi, hanno confermato la volont\u00e0 di procedere alla sottoscrizione dell\u2019Impegno comune e del Regolamento.<\/p>\n\n\n\n<p>In linea con lo spirito propositivo di questa fase, la coalizione resta aperta ai contributi e al confronto con le forze politiche che hanno preferito non prendere parte al progetto comune sin dal primo momento, certa che non mancheranno occasioni per un dialogo costruttivo anche con queste ultime.<\/p>\n\n\n\n<p>Si allega il testo del Regolamento delle Primarie sottoscritto dai rappresentanti delle forze politiche della coalizione civica, moderata, progressista e riformista.\u00a0 ______<\/p>\n\n\n\n<p>LA RICERCA nel nostro articolo del 4 settembre scorso<\/p>\n\n\n\n<figure class=\"wp-block-embed is-type-wp-embed is-provider-leccecronaca-it wp-block-embed-leccecronaca-it\"><div class=\"wp-block-embed__wrapper\">\n<blockquote class=\"wp-embedded-content\" data-secret=\"B1tA0jE6SY\"><a href=\"https:\/\/www.leccecronaca.it\/index.php\/2023\/09\/04\/carlo-salvemini-pensa-positivo-ecco-perche-vincera-unaltra-volta-lui\/\">CARLO SALVEMINI PENSA POSITIVO. ECCO PERCHE&#8217;\u00a0VINCERA&#8217;\u00a0UN&#8217;ALTRA VOLTA LUI\u00a0<\/a><\/blockquote><iframe class=\"wp-embedded-content\" sandbox=\"allow-scripts\" security=\"restricted\" style=\"position: absolute; clip: rect(1px, 1px, 1px, 1px);\" title=\"&#8220;CARLO SALVEMINI PENSA POSITIVO. ECCO PERCHE&#8217;\u00a0VINCERA&#8217;\u00a0UN&#8217;ALTRA VOLTA LUI\u00a0&#8221; &#8212; LecceCronaca.it\" src=\"https:\/\/www.leccecronaca.it\/index.php\/2023\/09\/04\/carlo-salvemini-pensa-positivo-ecco-perche-vincera-unaltra-volta-lui\/embed\/#?secret=JTVzadrNEe#?secret=B1tA0jE6SY\" data-secret=\"B1tA0jE6SY\" width=\"500\" height=\"282\" frameborder=\"0\" marginwidth=\"0\" marginheight=\"0\" scrolling=\"no\"><\/iframe>\n<\/div><\/figure>\n<fb:like href='https:\/\/www.leccecronaca.it\/index.php\/2023\/09\/16\/decisione-presa-primarie-del-centro-sinistra-per-le-amministrative-a-lecce\/' send='true' layout='button_count' show_faces='true' width='450' height='65' action='recommend' colorscheme='light' font='lucida grande'><\/fb:like><span class=\"fb_share\"><fb:like href=\"https:\/\/www.leccecronaca.it\/index.php\/2023\/09\/16\/decisione-presa-primarie-del-centro-sinistra-per-le-amministrative-a-lecce\/\" layout=\"button_count\"><\/fb:like><\/span>","protected":false},"excerpt":{"rendered":"<p>Riceviamo e volentieri pubblichiamo il comunicato congiunto della coalizione civica, moderata, progressista e riformista e regolamento delle Primarie &#8220;Insieme per Lecce 2024-2029&#8221; sottoscritto ieri sera (nella foto del nostro archivo, Palazzo Carafa, sede del consiglio comunale) ______ La coalizione civica, moderata, progressista e riformista ha sottoscritto l\u2019Impegno comune per Lecce 2024-2029 e il Regolamento che [&hellip;]<\/p>\n","protected":false},"author":4,"featured_media":220860,"comment_status":"open","ping_status":"closed","sticky":false,"template":"","format":"standard","meta":[],"categories":[76,36],"tags":[],"_links":{"self":[{"href":"https:\/\/www.leccecronaca.it\/index.php\/wp-json\/wp\/v2\/posts\/220859"}],"collection":[{"href":"https:\/\/www.leccecronaca.it\/index.php\/wp-json\/wp\/v2\/posts"}],"about":[{"href":"https:\/\/www.leccecronaca.it\/index.php\/wp-json\/wp\/v2\/types\/post"}],"author":[{"embeddable":true,"href":"https:\/\/www.leccecronaca.it\/index.php\/wp-json\/wp\/v2\/users\/4"}],"replies":[{"embeddable":true,"href":"https:\/\/www.leccecronaca.it\/index.php\/wp-json\/wp\/v2\/comments?post=220859"}],"version-history":[{"count":2,"href":"https:\/\/www.leccecronaca.it\/index.php\/wp-json\/wp\/v2\/posts\/220859\/revisions"}],"predecessor-version":[{"id":220862,"href":"https:\/\/www.leccecronaca.it\/index.php\/wp-json\/wp\/v2\/posts\/220859\/revisions\/220862"}],"wp:featuredmedia":[{"embeddable":true,"href":"https:\/\/www.leccecronaca.it\/index.php\/wp-json\/wp\/v2\/media\/220860"}],"wp:attachment":[{"href":"https:\/\/www.leccecronaca.it\/index.php\/wp-json\/wp\/v2\/media?parent=220859"}],"wp:term":[{"taxonomy":"category","embeddable":true,"href":"https:\/\/www.leccecronaca.it\/index.php\/wp-json\/wp\/v2\/categories?post=220859"},{"taxonomy":"post_tag","embeddable":true,"href":"https:\/\/www.leccecronaca.it\/index.php\/wp-json\/wp\/v2\/tags?post=220859"}],"curies":[{"name":"wp","href":"https:\/\/api.w.org\/{rel}","templated":true}]}}