{"id":220888,"date":"2023-09-16T17:51:04","date_gmt":"2023-09-16T15:51:04","guid":{"rendered":"https:\/\/www.leccecronaca.it\/?p=220888"},"modified":"2023-09-16T18:00:10","modified_gmt":"2023-09-16T16:00:10","slug":"il-lecce-gioca-domenica-17-alle-15-a-monza-citta-che-evoca-entusiasmo","status":"publish","type":"post","link":"https:\/\/www.leccecronaca.it\/index.php\/2023\/09\/16\/il-lecce-gioca-domenica-17-alle-15-a-monza-citta-che-evoca-entusiasmo\/","title":{"rendered":"IL LECCE GIOCA DOMENICA 17 ALLE 15 A MONZA, CITTA&#8217; CHE EVOCA ENTUSIASMO"},"content":{"rendered":"\n<p><img decoding=\"async\" loading=\"lazy\" width=\"526\" height=\"526\" class=\"wp-image-220889\" style=\"width: 2100px;\" src=\"https:\/\/www.leccecronaca.it\/wordpress\/wp-content\/uploads\/2023\/09\/palla.jpg\" alt=\"\" srcset=\"https:\/\/www.leccecronaca.it\/wordpress\/wp-content\/uploads\/2023\/09\/palla.jpg 526w, https:\/\/www.leccecronaca.it\/wordpress\/wp-content\/uploads\/2023\/09\/palla-300x300.jpg 300w, https:\/\/www.leccecronaca.it\/wordpress\/wp-content\/uploads\/2023\/09\/palla-150x150.jpg 150w, https:\/\/www.leccecronaca.it\/wordpress\/wp-content\/uploads\/2023\/09\/palla-60x60.jpg 60w\" sizes=\"(max-width: 526px) 100vw, 526px\" \/>(Rdl) ______  Dalla prima storica promozione in serie A nel 1985, alla salvezza ottenuta pochi mesi or sono, Monza \u00e8 stata spesso per il Lecce una tappa importate, di passioni e di successi.<\/p>\n\n\n\n<p>Sar\u00e0 cos\u00ec anche questa volta? Questa volta che, incredibilmente, classifica alla mano, affronta questa  trasferta in un<strong>&#8216;<\/strong>inedita, inebriante zona Champions League?<\/p>\n\n\n\n<p>Gli specialisti del settore non ci credono, e gli esperti delle quote delle scommesse danno nettamente favoriti i padroni di casa. Ma gli ospiti  vogliono smentire i pronostici, e i loro tifosi vogliono continuare a sognare<\/p>\n\n\n\n<p>I due allenatori hanno parlato entrambi questo pomeriggio nelle rispettive sedi nella consueta conferenza stampa della vigilia. Ecco quello che hanno detto, in una sintesi al netto dei complimenti rituali agli avversari, e delle scelte di formazione richieste dalle varie alternative possibili, scelte che con tutta probabilit\u00e0 non hanno ancora fatto e, ammesso che le abbiano fatte, si sono ben guardati dal dettagliare.<\/p>\n\n\n\n<p>Roberto D&#8217;Aversa: &#8220;Sia chiaro, questa posizione di classifica non ci appartiene. Nel calcio basta un episodio per far cambiare tutto. Ho letto tanti, troppi complimenti: l&#8217;entusiasmo serve, ma non possiamo dimenticare il nostro obiettivo, che \u00e8 la salvezza. Se andiamo a giocarcela con presunzione possiamo farci male&#8221;.<br>&nbsp;&nbsp;&nbsp;<\/p>\n\n\n\n<p>Raffaele<strong>&nbsp;<\/strong>Palladino (nella foto)<strong>:<\/strong>&nbsp;&#8220;Il campionato sar\u00e0 ancor pi\u00f9 difficile rispetto a quello dello scorso anno perch\u00e9 il livello tecnico \u00e8 pi\u00f9 alto.<strong> <\/strong>A me interessa soprattutto la mentalit\u00e0. Chi scende in campo deve avere fame e voglia. Sono sicuro che siamo sulla squadra giusta. Io sono tranquillo e sereno, quando un allenatore \u00e8 sotto pressione ha la possibilit\u00e0 di crescere&#8221;.<\/p>\n\n\n\n<p><\/p>\n\n\n\n<p>Si gioca allo U-Power Stadium di Monza domenica 17 settembre, arbitra il signor Livio Marinelli di Tivoli, fischio di inizio alle 15.<\/p>\n<fb:like href='https:\/\/www.leccecronaca.it\/index.php\/2023\/09\/16\/il-lecce-gioca-domenica-17-alle-15-a-monza-citta-che-evoca-entusiasmo\/' send='true' layout='button_count' show_faces='true' width='450' height='65' action='recommend' colorscheme='light' font='lucida grande'><\/fb:like><span class=\"fb_share\"><fb:like href=\"https:\/\/www.leccecronaca.it\/index.php\/2023\/09\/16\/il-lecce-gioca-domenica-17-alle-15-a-monza-citta-che-evoca-entusiasmo\/\" layout=\"button_count\"><\/fb:like><\/span>","protected":false},"excerpt":{"rendered":"<p>(Rdl) ______ Dalla prima storica promozione in serie A nel 1985, alla salvezza ottenuta pochi mesi or sono, Monza \u00e8 stata spesso per il Lecce una tappa importate, di passioni e di successi. Sar\u00e0 cos\u00ec anche questa volta? Questa volta che, incredibilmente, classifica alla mano, affronta questa trasferta in un&#8216;inedita, inebriante zona Champions League? Gli [&hellip;]<\/p>\n","protected":false},"author":4,"featured_media":220889,"comment_status":"open","ping_status":"closed","sticky":false,"template":"","format":"standard","meta":[],"categories":[28],"tags":[],"_links":{"self":[{"href":"https:\/\/www.leccecronaca.it\/index.php\/wp-json\/wp\/v2\/posts\/220888"}],"collection":[{"href":"https:\/\/www.leccecronaca.it\/index.php\/wp-json\/wp\/v2\/posts"}],"about":[{"href":"https:\/\/www.leccecronaca.it\/index.php\/wp-json\/wp\/v2\/types\/post"}],"author":[{"embeddable":true,"href":"https:\/\/www.leccecronaca.it\/index.php\/wp-json\/wp\/v2\/users\/4"}],"replies":[{"embeddable":true,"href":"https:\/\/www.leccecronaca.it\/index.php\/wp-json\/wp\/v2\/comments?post=220888"}],"version-history":[{"count":3,"href":"https:\/\/www.leccecronaca.it\/index.php\/wp-json\/wp\/v2\/posts\/220888\/revisions"}],"predecessor-version":[{"id":220893,"href":"https:\/\/www.leccecronaca.it\/index.php\/wp-json\/wp\/v2\/posts\/220888\/revisions\/220893"}],"wp:featuredmedia":[{"embeddable":true,"href":"https:\/\/www.leccecronaca.it\/index.php\/wp-json\/wp\/v2\/media\/220889"}],"wp:attachment":[{"href":"https:\/\/www.leccecronaca.it\/index.php\/wp-json\/wp\/v2\/media?parent=220888"}],"wp:term":[{"taxonomy":"category","embeddable":true,"href":"https:\/\/www.leccecronaca.it\/index.php\/wp-json\/wp\/v2\/categories?post=220888"},{"taxonomy":"post_tag","embeddable":true,"href":"https:\/\/www.leccecronaca.it\/index.php\/wp-json\/wp\/v2\/tags?post=220888"}],"curies":[{"name":"wp","href":"https:\/\/api.w.org\/{rel}","templated":true}]}}