{"id":220908,"date":"2023-09-17T12:35:26","date_gmt":"2023-09-17T10:35:26","guid":{"rendered":"https:\/\/www.leccecronaca.it\/?p=220908"},"modified":"2023-09-17T12:39:11","modified_gmt":"2023-09-17T10:39:11","slug":"novita-editoriali-un-romanzo-storico-sulla-vita-e-la-misteriosa-morte-del-maresciallo-ugo-cavallero","status":"publish","type":"post","link":"https:\/\/www.leccecronaca.it\/index.php\/2023\/09\/17\/novita-editoriali-un-romanzo-storico-sulla-vita-e-la-misteriosa-morte-del-maresciallo-ugo-cavallero\/","title":{"rendered":"NOVITA\u2019 EDITORIALI \/ UN ROMANZO STORICO SULLA VITA E LA MISTERIOSA MORTE DEL MARESCIALLO CAVALLERO"},"content":{"rendered":"\n<p><img decoding=\"async\" loading=\"lazy\" width=\"960\" height=\"960\" class=\"wp-image-220909\" style=\"width: 1500px;\" src=\"https:\/\/www.leccecronaca.it\/wordpress\/wp-content\/uploads\/2023\/09\/Foto-dellautore.jpg\" alt=\"\" srcset=\"https:\/\/www.leccecronaca.it\/wordpress\/wp-content\/uploads\/2023\/09\/Foto-dellautore.jpg 960w, https:\/\/www.leccecronaca.it\/wordpress\/wp-content\/uploads\/2023\/09\/Foto-dellautore-300x300.jpg 300w, https:\/\/www.leccecronaca.it\/wordpress\/wp-content\/uploads\/2023\/09\/Foto-dellautore-150x150.jpg 150w, https:\/\/www.leccecronaca.it\/wordpress\/wp-content\/uploads\/2023\/09\/Foto-dellautore-768x768.jpg 768w, https:\/\/www.leccecronaca.it\/wordpress\/wp-content\/uploads\/2023\/09\/Foto-dellautore-60x60.jpg 60w\" sizes=\"(max-width: 960px) 100vw, 960px\" \/><\/p>\n\n\n\n<p>di <strong>Raffaele Polo <\/strong>______<\/p>\n\n\n\n<p>\u00c9 incentrato sulla vita (e sulla misteriosa morte) di un personaggio poco conosciuto dai libri di storia, ma sicuramente importante per il periodo storico nel quale ha agito, il nuovo, corposo romanzo di<strong> Gerlando Fabio Sorrentino<\/strong> (nella foto): <strong><em>\u201cLa benda al cuore\u201d<\/em><\/strong> (PAV Edizioni, 496 pagine, 22 euro). \u00c8 un&#8217;opera che illumina una delle pagine pi\u00f9 oscure e cruciali della storia italiana che vede come protagonista il <mark style=\"background-color:rgba(0, 0, 0, 0);color:#e70b0b\" class=\"has-inline-color\"><strong>Maresciallo Ugo Cavallero<\/strong><\/mark> nel contesto della tumultuosa transizione dell&#8217;Italia, dalla caduta del regime fascista al lento e sanguinoso cammino verso la democrazia.<\/p>\n\n\n\n<p><\/p>\n\n\n\n<p>Il 2023 segna non solo l&#8217;ottantesimo anniversario della scomparsa di Cavallero, ma anche dei drammatici fatti dell&#8217;8 settembre 1943, data storica in cui l&#8217;Italia annunci\u00f2 l&#8217;armistizio con gli Alleati, spianando la strada a una serie di eventi tragici e rivoluzionari che avrebbero segnato per sempre la nazione.<\/p>\n\n\n\n<p><\/p>\n\n\n\n<p><img decoding=\"async\" loading=\"lazy\" width=\"200\" height=\"252\" class=\"wp-image-220911\" style=\"width: 1500px;\" src=\"https:\/\/www.leccecronaca.it\/wordpress\/wp-content\/uploads\/2023\/09\/download-10.jpg\" alt=\"\"><\/p>\n\n\n\n<p>\u201cLa benda al cuore\u201d svela i misteri degli ultimi giorni del Maresciallo Ugo Cavallero, enigmatico capo di stato maggiore generale delle Forze Armate Italiane durante la Seconda Guerra Mondiale, trovato morto nel settembre 1943 in circostanze misteriose.<\/p>\n\n\n\n<p>Con precisione giornalistica e profondit\u00e0 di analisi, Sorrentino disegna un panorama del settembre 1943: dallo sbandamento dell&#8217;esercito italiano, alla reazione violenta dei tedeschi, dai bombardamenti alleati alle atrocit\u00e0 naziste, dalla confusione politica al dramma di un popolo preso tra due fuochi. Una nazione letteralmente spezzata in due, con al centro la figura emblematica di Cavallero, simbolo dei tormenti, delle divisioni e delle complessit\u00e0 di un&#8217;epoca.<\/p>\n\n\n\n<p>In \u201cLa Benda al Cuore\u201d, l&#8217;autore non si limita a ricostruire la cronaca degli eventi, ma penetra l&#8217;animo dei protagonisti e il clima di incertezza, paura e tradimento che permeava quei giorni. Il romanzo si configura non solo come un viaggio storico, ma come una lente di ingrandimento sulle dinamiche umane, politiche e militari che hanno determinato le sorti dell&#8217;Italia.<\/p>\n\n\n\n<p><\/p>\n\n\n\n<p>Alla luce dei recenti sussulti politici e sociali che attraversano il continente europeo, l&#8217;opera di Sorrentino acquisisce un valore ancora pi\u00f9 profondo, fungendo da monito sulla fragilit\u00e0 delle democrazie e sulle cicatrici indelebili lasciate dalla guerra, invitando a riflettere sulle lezioni non apprese e sulle tragiche ripercussioni delle guerre passate e presenti.<\/p>\n\n\n\n<p><\/p>\n\n\n\n<p>&#8220;La Benda al Cuore&#8221; si propone come un testo indispensabile per tutti coloro che vogliono approfondire o riscoprire un periodo cruciale della storia italiana, sottolineando l&#8217;importanza della memoria collettiva e dell&#8217;analisi critica degli eventi passati, soprattutto in occasione dell&#8217;ottantesimo anniversario del fatidico settembre &#8217;43.<\/p>\n\n\n\n<p><\/p>\n\n\n\n<p>Cavallero, oltre al suo ruolo militare, ha incarnato una figura chiave nell&#8217;industria italiana, guidando colossi come Pirelli e Ansaldo. Laureato, poliglotta e dotato di un&#8217;intelligenza brillante, la sua morte rimane uno dei grandi misteri della storia italiana del ventesimo secolo. Il romanzo getta luce su un uomo complesso, alle prese con le tensioni dell&#8217;epoca e con un profondo senso di appartenenza ai valori tradizionali italiani, capace di ispirare l\u2019ammirazione e l\u2019avversione dei suoi contemporanei. Una figura dalla personalit\u00e0 enigmatica, che continua ad affascinare e a suscitare interrogativi a distanza di ottanta anni esatti dalla sua morte. L\u2019autore ci conduce attraverso gli ultimi tre giorni di vita del maresciallo, raccontando gli eventi che portarono alla sua tragica scomparsa, avvenuta nel settembre del 1943: si tratt\u00f2 di un suicidio oppure di un omicidio ordito dai tedeschi o dai fascisti? La morte di Cavallero \u00e8 solo uno dei tanti elementi che compongono questo romanzo. Vi \u00e8 presente anche una drammatica e dettagliata ricostruzione delle convulse giornate che seguirono l\u2019armistizio dell\u20198 settembre 1943. Una pagina della storia italiana caratterizzata da una grande confusione, dalle atrocit\u00e0 e deportazioni perpetrate dai tedeschi e dalle devastazioni causate dalle Forze Alleate.<\/p>\n\n\n\n<p><\/p>\n\n\n\n<p>Originario di Agrigento ma abruzzese d&#8217;adozione, Gerlando Fabio Sorrentino ha consolidato la sua presenza nel panorama letterario italiano con una carriera variegata che spazia dal romanzo alla poesia, ricevendo significativi riconoscimenti.<\/p>\n\n\n\n<p><img decoding=\"async\" loading=\"lazy\" width=\"960\" height=\"958\" class=\"wp-image-220910\" style=\"width: 800px;\" src=\"https:\/\/www.leccecronaca.it\/wordpress\/wp-content\/uploads\/2023\/09\/La-benda-al-cuore-copertina.jpg\" alt=\"\" srcset=\"https:\/\/www.leccecronaca.it\/wordpress\/wp-content\/uploads\/2023\/09\/La-benda-al-cuore-copertina.jpg 960w, https:\/\/www.leccecronaca.it\/wordpress\/wp-content\/uploads\/2023\/09\/La-benda-al-cuore-copertina-300x300.jpg 300w, https:\/\/www.leccecronaca.it\/wordpress\/wp-content\/uploads\/2023\/09\/La-benda-al-cuore-copertina-150x150.jpg 150w, https:\/\/www.leccecronaca.it\/wordpress\/wp-content\/uploads\/2023\/09\/La-benda-al-cuore-copertina-768x766.jpg 768w, https:\/\/www.leccecronaca.it\/wordpress\/wp-content\/uploads\/2023\/09\/La-benda-al-cuore-copertina-60x60.jpg 60w\" sizes=\"(max-width: 960px) 100vw, 960px\" \/>\u00a0<\/p>\n<fb:like href='https:\/\/www.leccecronaca.it\/index.php\/2023\/09\/17\/novita-editoriali-un-romanzo-storico-sulla-vita-e-la-misteriosa-morte-del-maresciallo-ugo-cavallero\/' send='true' layout='button_count' show_faces='true' width='450' height='65' action='recommend' colorscheme='light' font='lucida grande'><\/fb:like><span class=\"fb_share\"><fb:like href=\"https:\/\/www.leccecronaca.it\/index.php\/2023\/09\/17\/novita-editoriali-un-romanzo-storico-sulla-vita-e-la-misteriosa-morte-del-maresciallo-ugo-cavallero\/\" layout=\"button_count\"><\/fb:like><\/span>","protected":false},"excerpt":{"rendered":"<p>di Raffaele Polo ______ \u00c9 incentrato sulla vita (e sulla misteriosa morte) di un personaggio poco conosciuto dai libri di storia, ma sicuramente importante per il periodo storico nel quale ha agito, il nuovo, corposo romanzo di Gerlando Fabio Sorrentino (nella foto): \u201cLa benda al cuore\u201d (PAV Edizioni, 496 pagine, 22 euro). \u00c8 un&#8217;opera che [&hellip;]<\/p>\n","protected":false},"author":4,"featured_media":0,"comment_status":"open","ping_status":"closed","sticky":false,"template":"","format":"standard","meta":[],"categories":[31,57],"tags":[],"_links":{"self":[{"href":"https:\/\/www.leccecronaca.it\/index.php\/wp-json\/wp\/v2\/posts\/220908"}],"collection":[{"href":"https:\/\/www.leccecronaca.it\/index.php\/wp-json\/wp\/v2\/posts"}],"about":[{"href":"https:\/\/www.leccecronaca.it\/index.php\/wp-json\/wp\/v2\/types\/post"}],"author":[{"embeddable":true,"href":"https:\/\/www.leccecronaca.it\/index.php\/wp-json\/wp\/v2\/users\/4"}],"replies":[{"embeddable":true,"href":"https:\/\/www.leccecronaca.it\/index.php\/wp-json\/wp\/v2\/comments?post=220908"}],"version-history":[{"count":2,"href":"https:\/\/www.leccecronaca.it\/index.php\/wp-json\/wp\/v2\/posts\/220908\/revisions"}],"predecessor-version":[{"id":220914,"href":"https:\/\/www.leccecronaca.it\/index.php\/wp-json\/wp\/v2\/posts\/220908\/revisions\/220914"}],"wp:attachment":[{"href":"https:\/\/www.leccecronaca.it\/index.php\/wp-json\/wp\/v2\/media?parent=220908"}],"wp:term":[{"taxonomy":"category","embeddable":true,"href":"https:\/\/www.leccecronaca.it\/index.php\/wp-json\/wp\/v2\/categories?post=220908"},{"taxonomy":"post_tag","embeddable":true,"href":"https:\/\/www.leccecronaca.it\/index.php\/wp-json\/wp\/v2\/tags?post=220908"}],"curies":[{"name":"wp","href":"https:\/\/api.w.org\/{rel}","templated":true}]}}