{"id":221414,"date":"2023-10-01T00:02:00","date_gmt":"2023-09-30T22:02:00","guid":{"rendered":"https:\/\/www.leccecronaca.it\/?p=221414"},"modified":"2023-09-29T21:21:03","modified_gmt":"2023-09-29T19:21:03","slug":"novita-editoriali-gutta-cavat-lapidem-poesie-di-caterina-silipo","status":"publish","type":"post","link":"https:\/\/www.leccecronaca.it\/index.php\/2023\/10\/01\/novita-editoriali-gutta-cavat-lapidem-poesie-di-caterina-silipo\/","title":{"rendered":"NOVITA&#8217; EDITORIALI \/\u00a0\u201dGutta cavat lapidem\u201d, POESIE DI CATERINA SILIPO"},"content":{"rendered":"\n<p><img decoding=\"async\" loading=\"lazy\" width=\"640\" height=\"480\" class=\"wp-image-221416\" style=\"width: 1200px;\" src=\"https:\/\/www.leccecronaca.it\/wordpress\/wp-content\/uploads\/2023\/10\/0B1101215.jpg\" alt=\"\" srcset=\"https:\/\/www.leccecronaca.it\/wordpress\/wp-content\/uploads\/2023\/10\/0B1101215.jpg 640w, https:\/\/www.leccecronaca.it\/wordpress\/wp-content\/uploads\/2023\/10\/0B1101215-300x225.jpg 300w, https:\/\/www.leccecronaca.it\/wordpress\/wp-content\/uploads\/2023\/10\/0B1101215-400x300.jpg 400w\" sizes=\"(max-width: 640px) 100vw, 640px\" \/>di <strong>Raffaele Polo <\/strong>\u00a0\u00a0______\u00a0<\/p>\n\n\n\n<p>Una preziosa raccolta poetica questo <em><strong>\u201dGutta cavat lapidem\u201d<\/strong> <\/em>di <strong>Caterina Silipo<\/strong> (Falzea Editore, pagine 132, 10 euro): come in una precisa ricerca scientifica, ci appaiono i versi di Caterina Silipo (nella foto). Sopratutto in questa sua raccolta, \u00e8 sempre presente lo schema abituale della Poetessa, con poche eccezioni: ad un &#8216;incipit&#8217; che racchiude, da subito, l&#8217;argomento che si vuole affrontare (esplicitato peraltro anche dal titolo, come \u00e8 consuetudine) si affronta poi un sintetico susseguirsi di versi che culminano nel finale (di solito tre righi di grande, denso spessore) a rendere il senso completo della composizione e a scuotere l&#8217;emotivit\u00e0 del fruitore&#8230;<\/p>\n\n\n\n<p>In questa sperimentata struttura, la poetessa calabrese\u00a0\u00a0ci apre il suo cuore e affronta un po&#8217; tutte le tematiche sociali, particolari e intimistiche. E lo fa con grande capacit\u00e0 affabulativa, inserendo, quasi senza parere, la sua personalissima visione della realt\u00e0 che ci circonda e che \u00e8 vista con pacata e per nulla disincantata voglia di attenersi, per quanto possibile, alla Vita, con tutte le sue contraddizioni, i suoi drammi e anche un pizzico di moderato ottimismo per quello che sar\u00e0.<\/p>\n\n\n\n<p>Emblematico e significativo quel suo <em>&#8216;Domani domani domani\/ Domani sar\u00e0 un nuovo viaggio&#8217;<\/em> (Rio De La Plata) che, da solo, rappresenta tutta la ricca scelta interiore della Poetessa. Non \u00e8 una frase come l&#8217;avrebbe pronunciata Rossella in &#8216;Via col Vento&#8217;. Non \u00e8 un amaro constatare l&#8217;ineluttabilit\u00e0 del tempo. Non \u00e8 neppure uno spenseriato sbandierare la fiducia nell&#8217;immediato futuro. \u00c8, per\u00f2, tutti questi sentimenti, sintetizzati in una pennellata che stordisce per la perfezione del colore e per la sua sgargiante freschezza.<\/p>\n\n\n\n<p>E anche un argomento dificile come la Fede, viene sublimato con una saggia presa di posizione che sa di rassegnazione e scetticismo ma non nega una condivisione, espressa nel primo verso: <em>&#8216;Ti cerco soffio\/ nel fondo di un cassetto\/ tra foto in bianco e nero un po&#8217; sbiadite&#8217;<\/em>. Per concludere <em>&#8216;Lascio voci e parole\/ ai pochi eletti\/ che sanno come accogliere\/ il tuo soffio.&#8217; <\/em>(Soffio di Fede)<\/p>\n\n\n\n<p>Visto? La brava Silipo ha fatto sgorgare quella &#8216;gutta&#8217; di pura Poesia che, da sola, riece a scavare la dura pietra del nostro cuore.<\/p>\n\n\n\n<p>Meditiamo e gustiamo, allora, queste poesie, questi versi che ci vengono regalati e racchiudono un coacervo di sentimenti e pulsioni, espressi in maniera mirabile e pronti ad entrare nei nostri ricordi, nei nostri sentimenti pi\u00f9 limpidi.<\/p>\n<fb:like href='https:\/\/www.leccecronaca.it\/index.php\/2023\/10\/01\/novita-editoriali-gutta-cavat-lapidem-poesie-di-caterina-silipo\/' send='true' layout='button_count' show_faces='true' width='450' height='65' action='recommend' colorscheme='light' font='lucida grande'><\/fb:like><span class=\"fb_share\"><fb:like href=\"https:\/\/www.leccecronaca.it\/index.php\/2023\/10\/01\/novita-editoriali-gutta-cavat-lapidem-poesie-di-caterina-silipo\/\" layout=\"button_count\"><\/fb:like><\/span>","protected":false},"excerpt":{"rendered":"<p>di Raffaele Polo \u00a0\u00a0______\u00a0 Una preziosa raccolta poetica questo \u201dGutta cavat lapidem\u201d di Caterina Silipo (Falzea Editore, pagine 132, 10 euro): come in una precisa ricerca scientifica, ci appaiono i versi di Caterina Silipo (nella foto). Sopratutto in questa sua raccolta, \u00e8 sempre presente lo schema abituale della Poetessa, con poche eccezioni: ad un &#8216;incipit&#8217; [&hellip;]<\/p>\n","protected":false},"author":4,"featured_media":221416,"comment_status":"open","ping_status":"closed","sticky":false,"template":"","format":"standard","meta":[],"categories":[31,57],"tags":[],"_links":{"self":[{"href":"https:\/\/www.leccecronaca.it\/index.php\/wp-json\/wp\/v2\/posts\/221414"}],"collection":[{"href":"https:\/\/www.leccecronaca.it\/index.php\/wp-json\/wp\/v2\/posts"}],"about":[{"href":"https:\/\/www.leccecronaca.it\/index.php\/wp-json\/wp\/v2\/types\/post"}],"author":[{"embeddable":true,"href":"https:\/\/www.leccecronaca.it\/index.php\/wp-json\/wp\/v2\/users\/4"}],"replies":[{"embeddable":true,"href":"https:\/\/www.leccecronaca.it\/index.php\/wp-json\/wp\/v2\/comments?post=221414"}],"version-history":[{"count":3,"href":"https:\/\/www.leccecronaca.it\/index.php\/wp-json\/wp\/v2\/posts\/221414\/revisions"}],"predecessor-version":[{"id":221419,"href":"https:\/\/www.leccecronaca.it\/index.php\/wp-json\/wp\/v2\/posts\/221414\/revisions\/221419"}],"wp:featuredmedia":[{"embeddable":true,"href":"https:\/\/www.leccecronaca.it\/index.php\/wp-json\/wp\/v2\/media\/221416"}],"wp:attachment":[{"href":"https:\/\/www.leccecronaca.it\/index.php\/wp-json\/wp\/v2\/media?parent=221414"}],"wp:term":[{"taxonomy":"category","embeddable":true,"href":"https:\/\/www.leccecronaca.it\/index.php\/wp-json\/wp\/v2\/categories?post=221414"},{"taxonomy":"post_tag","embeddable":true,"href":"https:\/\/www.leccecronaca.it\/index.php\/wp-json\/wp\/v2\/tags?post=221414"}],"curies":[{"name":"wp","href":"https:\/\/api.w.org\/{rel}","templated":true}]}}