{"id":221447,"date":"2023-10-01T15:10:25","date_gmt":"2023-10-01T13:10:25","guid":{"rendered":"https:\/\/www.leccecronaca.it\/?p=221447"},"modified":"2023-10-01T15:14:46","modified_gmt":"2023-10-01T13:14:46","slug":"diritti-umani-in-corea-del-nord-scontro-globale-di-valori-forum-martedi3-ore-20","status":"publish","type":"post","link":"https:\/\/www.leccecronaca.it\/index.php\/2023\/10\/01\/diritti-umani-in-corea-del-nord-scontro-globale-di-valori-forum-martedi3-ore-20\/","title":{"rendered":"DIRITTI UMANI IN COREA DEL NORD: SCONTRO GLOBALE DI VALORI. FORUM ON LINE MARTEDI&#8217; 3 ALLE ORE 20"},"content":{"rendered":"\n<p><img decoding=\"async\" loading=\"lazy\" width=\"1547\" height=\"1400\" class=\"wp-image-221448\" style=\"width: 1500px;\" src=\"https:\/\/www.leccecronaca.it\/wordpress\/wp-content\/uploads\/2023\/10\/38b5fpy4cvUH.jpg\" alt=\"\" srcset=\"https:\/\/www.leccecronaca.it\/wordpress\/wp-content\/uploads\/2023\/10\/38b5fpy4cvUH.jpg 1547w, https:\/\/www.leccecronaca.it\/wordpress\/wp-content\/uploads\/2023\/10\/38b5fpy4cvUH-300x271.jpg 300w, https:\/\/www.leccecronaca.it\/wordpress\/wp-content\/uploads\/2023\/10\/38b5fpy4cvUH-1024x927.jpg 1024w, https:\/\/www.leccecronaca.it\/wordpress\/wp-content\/uploads\/2023\/10\/38b5fpy4cvUH-768x695.jpg 768w, https:\/\/www.leccecronaca.it\/wordpress\/wp-content\/uploads\/2023\/10\/38b5fpy4cvUH-1536x1390.jpg 1536w\" sizes=\"(max-width: 1547px) 100vw, 1547px\" \/><\/p>\n\n\n\n<p>\u201cNorth Korean Human Rights: Status Quo vs. Revisionist Powers\u201d ovvero \u201cDiritti Umani in Corea del Nord: Status Quo vs. Poteri Revisionisti\u201d \u00e8 il tema del 30\u00b0 The Washington Brief, il forum mensile di esperti che si terr\u00e0 in diretta streaming per l\u2019Italia marted\u00ec 3 ottobre 2023, alle 20:00.<\/p>\n\n\n\n<p>&nbsp;Interverranno: <strong>Greg Scarlatoiu<\/strong>, direttore esecutivo del Comitato per i diritti umani in Corea del Nord; l\u2019amb. <strong>Joseph DeTrani<\/strong>, gi\u00e0 inviato speciale per i negoziati con la Corea del Nord; il prof. <strong>Alexandre Mansourov<\/strong>, del Centro per gli studi sulla sicurezza dell\u2019Universit\u00e0 di Georgetown; e <strong>Michael Jenkins<\/strong>, presidente de \u201cThe Washington Times Foundation\u201d.<\/p>\n\n\n\n<p>Il &#8220;campo dello status quo&#8221; comprende i membri permanenti del Consiglio di Sicurezza delle Nazioni Unite, Stati Uniti, Regno Unito e Francia; l&#8217;Unione Europea, la Corea, il Giappone e una miriade di democrazie che la pensano allo stesso modo e che intendono preservare l&#8217;attuale ordine internazionale basato sulle regole.<\/p>\n\n\n\n<p>Il &#8220;campo revisionista&#8221;, guidato dai membri permanenti del Consiglio di Sicurezza delle Nazioni Unite, Cina e Russia, comprende Cuba, Venezuela, Iran, Bielorussia e naturalmente la Corea del Nord, insieme con altri. Mentre la Cina trae grandi benefici dall&#8217;ordine esistente, quando si tratta di diritti umani aiuta e favorisce gli Stati che commettono crimini contro l&#8217;umanit\u00e0, come la Corea del Nord.<\/p>\n\n\n\n<p>Qual \u00e8 la strada da seguire? Il mondo sar\u00e0 bipolare (Stati Uniti contro Cina) o multipolare? Oppure il multilateralismo \u00e8 la risposta alle condizioni che stiamo vivendo oggi? E come s\u2019inseriscono i diritti umani della Corea del Nord in questo enigma?<\/p>\n\n\n\n<p>\u201cThe Washington Brief\u201d \u00e8 un forum mensile di esperti sponsorizzato da \u201cThe Washington Times Foundation\u201d, un\u2019istituzione privata impegnata a sostenere e diffondere i pi\u00f9 alti ideali e valori in ambito culturale e nell\u2019opinione pubblica. La Fondazione sostiene una serie d\u2019iniziative volte a risolvere i conflitti e a rafforzare la pace attraverso la costruzione di ponti d\u2019intesa e di cooperazione tra popoli, etnie, culture, sistemi di governo e tradizioni religiose.<\/p>\n\n\n\n<p>Registrazione: <a href=\"https:\/\/washingtonbrief.org\/register\">https:\/\/washingtonbrief.org\/register<\/a><\/p>\n<fb:like href='https:\/\/www.leccecronaca.it\/index.php\/2023\/10\/01\/diritti-umani-in-corea-del-nord-scontro-globale-di-valori-forum-martedi3-ore-20\/' send='true' layout='button_count' show_faces='true' width='450' height='65' action='recommend' colorscheme='light' font='lucida grande'><\/fb:like><span class=\"fb_share\"><fb:like href=\"https:\/\/www.leccecronaca.it\/index.php\/2023\/10\/01\/diritti-umani-in-corea-del-nord-scontro-globale-di-valori-forum-martedi3-ore-20\/\" layout=\"button_count\"><\/fb:like><\/span>","protected":false},"excerpt":{"rendered":"<p>\u201cNorth Korean Human Rights: Status Quo vs. Revisionist Powers\u201d ovvero \u201cDiritti Umani in Corea del Nord: Status Quo vs. Poteri Revisionisti\u201d \u00e8 il tema del 30\u00b0 The Washington Brief, il forum mensile di esperti che si terr\u00e0 in diretta streaming per l\u2019Italia marted\u00ec 3 ottobre 2023, alle 20:00. &nbsp;Interverranno: Greg Scarlatoiu, direttore esecutivo del Comitato [&hellip;]<\/p>\n","protected":false},"author":4,"featured_media":0,"comment_status":"open","ping_status":"closed","sticky":false,"template":"","format":"standard","meta":[],"categories":[31,75,76],"tags":[],"_links":{"self":[{"href":"https:\/\/www.leccecronaca.it\/index.php\/wp-json\/wp\/v2\/posts\/221447"}],"collection":[{"href":"https:\/\/www.leccecronaca.it\/index.php\/wp-json\/wp\/v2\/posts"}],"about":[{"href":"https:\/\/www.leccecronaca.it\/index.php\/wp-json\/wp\/v2\/types\/post"}],"author":[{"embeddable":true,"href":"https:\/\/www.leccecronaca.it\/index.php\/wp-json\/wp\/v2\/users\/4"}],"replies":[{"embeddable":true,"href":"https:\/\/www.leccecronaca.it\/index.php\/wp-json\/wp\/v2\/comments?post=221447"}],"version-history":[{"count":3,"href":"https:\/\/www.leccecronaca.it\/index.php\/wp-json\/wp\/v2\/posts\/221447\/revisions"}],"predecessor-version":[{"id":221451,"href":"https:\/\/www.leccecronaca.it\/index.php\/wp-json\/wp\/v2\/posts\/221447\/revisions\/221451"}],"wp:attachment":[{"href":"https:\/\/www.leccecronaca.it\/index.php\/wp-json\/wp\/v2\/media?parent=221447"}],"wp:term":[{"taxonomy":"category","embeddable":true,"href":"https:\/\/www.leccecronaca.it\/index.php\/wp-json\/wp\/v2\/categories?post=221447"},{"taxonomy":"post_tag","embeddable":true,"href":"https:\/\/www.leccecronaca.it\/index.php\/wp-json\/wp\/v2\/tags?post=221447"}],"curies":[{"name":"wp","href":"https:\/\/api.w.org\/{rel}","templated":true}]}}