{"id":221458,"date":"2023-10-01T16:01:48","date_gmt":"2023-10-01T14:01:48","guid":{"rendered":"https:\/\/www.leccecronaca.it\/?p=221458"},"modified":"2023-10-02T12:21:24","modified_gmt":"2023-10-02T10:21:24","slug":"carabiieri-forestale-e-polizia-locale-premiati-per-la-tutela-dellambiente","status":"publish","type":"post","link":"https:\/\/www.leccecronaca.it\/index.php\/2023\/10\/01\/carabiieri-forestale-e-polizia-locale-premiati-per-la-tutela-dellambiente\/","title":{"rendered":"CARABINIERI FORESTALE E POLIZIA LOCALE PREMIATI PER LA TUTELA DELLAMBIENTE"},"content":{"rendered":"\n<p><img decoding=\"async\" loading=\"lazy\" width=\"1600\" height=\"900\" class=\"wp-image-221459\" style=\"width: 1500px;\" src=\"https:\/\/www.leccecronaca.it\/wordpress\/wp-content\/uploads\/2023\/10\/WhatsApp-Image-2023-10-01-at-11.51.10.jpeg\" alt=\"\" srcset=\"https:\/\/www.leccecronaca.it\/wordpress\/wp-content\/uploads\/2023\/10\/WhatsApp-Image-2023-10-01-at-11.51.10.jpeg 1600w, https:\/\/www.leccecronaca.it\/wordpress\/wp-content\/uploads\/2023\/10\/WhatsApp-Image-2023-10-01-at-11.51.10-300x169.jpeg 300w, https:\/\/www.leccecronaca.it\/wordpress\/wp-content\/uploads\/2023\/10\/WhatsApp-Image-2023-10-01-at-11.51.10-1024x576.jpeg 1024w, https:\/\/www.leccecronaca.it\/wordpress\/wp-content\/uploads\/2023\/10\/WhatsApp-Image-2023-10-01-at-11.51.10-768x432.jpeg 768w, https:\/\/www.leccecronaca.it\/wordpress\/wp-content\/uploads\/2023\/10\/WhatsApp-Image-2023-10-01-at-11.51.10-1536x864.jpeg 1536w\" sizes=\"(max-width: 1600px) 100vw, 1600px\" \/>Ieri, sabato 30 settembre, nella sala comunale di Frigole si \u00e8 svolta la VII Edizione del \u201cPremio Pegaso per l\u2019Ambiente\u201d 2023.<img decoding=\"async\" loading=\"lazy\" width=\"901\" height=\"1600\" class=\"wp-image-221460\" style=\"width: 800px;\" src=\"https:\/\/www.leccecronaca.it\/wordpress\/wp-content\/uploads\/2023\/10\/WhatsApp-Image-2023-09-30-at-20.54.14.jpeg\" alt=\"\" srcset=\"https:\/\/www.leccecronaca.it\/wordpress\/wp-content\/uploads\/2023\/10\/WhatsApp-Image-2023-09-30-at-20.54.14.jpeg 901w, https:\/\/www.leccecronaca.it\/wordpress\/wp-content\/uploads\/2023\/10\/WhatsApp-Image-2023-09-30-at-20.54.14-169x300.jpeg 169w, https:\/\/www.leccecronaca.it\/wordpress\/wp-content\/uploads\/2023\/10\/WhatsApp-Image-2023-09-30-at-20.54.14-577x1024.jpeg 577w, https:\/\/www.leccecronaca.it\/wordpress\/wp-content\/uploads\/2023\/10\/WhatsApp-Image-2023-09-30-at-20.54.14-768x1364.jpeg 768w, https:\/\/www.leccecronaca.it\/wordpress\/wp-content\/uploads\/2023\/10\/WhatsApp-Image-2023-09-30-at-20.54.14-865x1536.jpeg 865w\" sizes=\"(max-width: 901px) 100vw, 901px\" \/><\/p>\n\n\n\n<p>L\u2019Associazione ATA-PC Lecce OdV, ideatrice e organizzatrice del premio, quest\u2019anno ha premiato il Gruppo Carabinieri Forestali di Lecce, coordinato dal <strong>Col. Ruggiero CAPONE<\/strong> rappresentato, per l\u2019occasione, dal <strong>Maresciallo Lorenzo PRETE<\/strong> e il Nucleo di Polizia Ambientale ed Amministrativa della Polizia Locale di Lecce, coordinato dal <strong>Comm.&nbsp; Sup. Luigianna VIZZI<\/strong>.<img decoding=\"async\" loading=\"lazy\" width=\"901\" height=\"1600\" class=\"wp-image-221461\" style=\"width: 800px;\" src=\"https:\/\/www.leccecronaca.it\/wordpress\/wp-content\/uploads\/2023\/10\/WhatsApp-Image-2023-09-30-at-20.54.14-1.jpeg\" alt=\"\" srcset=\"https:\/\/www.leccecronaca.it\/wordpress\/wp-content\/uploads\/2023\/10\/WhatsApp-Image-2023-09-30-at-20.54.14-1.jpeg 901w, https:\/\/www.leccecronaca.it\/wordpress\/wp-content\/uploads\/2023\/10\/WhatsApp-Image-2023-09-30-at-20.54.14-1-169x300.jpeg 169w, https:\/\/www.leccecronaca.it\/wordpress\/wp-content\/uploads\/2023\/10\/WhatsApp-Image-2023-09-30-at-20.54.14-1-577x1024.jpeg 577w, https:\/\/www.leccecronaca.it\/wordpress\/wp-content\/uploads\/2023\/10\/WhatsApp-Image-2023-09-30-at-20.54.14-1-768x1364.jpeg 768w, https:\/\/www.leccecronaca.it\/wordpress\/wp-content\/uploads\/2023\/10\/WhatsApp-Image-2023-09-30-at-20.54.14-1-865x1536.jpeg 865w\" sizes=\"(max-width: 901px) 100vw, 901px\" \/><\/p>\n\n\n\n<p>Anche questa VII edizione, come tutte quelle passate, ha riscosso un grande successo di pubblico \u2013 dichiara la dott.ssa Primula MEO, presidente dell\u2019Associazione \u2013 La professionalit\u00e0 e la vicinanza ai cittadini da parte delle due istituzioni premiate si \u00e8 potuta evincere durante lo svolgimento della serata. Il Maresciallo Prete e il Comm. Sup. Vizzi hanno illustrato il grande lavoro che, egregiamente e quotidianamente, svolgono sul territorio, coinvolgendo attivamente la platea. In qualit\u00e0 di rappresentante legale \u2013 conclude il presidente Meo \u2013 mi ritengo soddisfatta ed onorata di poter portare avanti questo evento che, anno dopo anno, riesce a mettere in risalto personalit\u00e0 ed enti che lavorano, spesso anche in silenzio, nel tutelare l\u2019ambiente e gli animali, gratificandoli con un riconoscimento che sta diventando sempre pi\u00f9 ambito.<\/p>\n\n\n\n<p>Il Gruppo Carabinieri Forestali di Lecce \u00e8 stato premiato con la seguente motivazione: \u201c<strong>per l\u2019elevata professionalit\u00e0 e la continua ed encomiabile opera di capillare controllo del territorio, con particolare riguardo ad abusi edilizi-paesaggistici, gestione illecita dei rifiuti ed incendi boschivi<\/strong>\u201d, il riconoscimento \u00e8 stato consegnato dal Prof. Maurizio Pinna, gi\u00e0 insignito del Premio Pegaso per l\u2019Ambiente nella III edizione del 2019.<\/p>\n\n\n\n<p>Il Nucleo di Polizia Ambientale ed Amministrativa della Polizia Locale di Lecce \u00e8 stato premiato con la seguente motivazione: \u201c<strong>per l&#8217;incessante attivit\u00e0 svolta con elevato spirito di abnegazione, grande senso di responsabilit\u00e0 e spiccata professionalit\u00e0 per la tutela dell&#8217;ambiente e del mondo animale<\/strong>\u201d, il riconoscimento \u00e8 stato consegnato dal dott. Roberto Paladini, gi\u00e0 insignito del Premio Pegaso per l\u2019Ambiente nella VI edizione del 2022. L\u2019evento di premiazione \u00e8 stato accompagnato dalle esecuzioni di brani, sapientemente, interpretati dal M\u00b0 Simone Manca con la chitarra classic<\/p>\n<fb:like href='https:\/\/www.leccecronaca.it\/index.php\/2023\/10\/01\/carabiieri-forestale-e-polizia-locale-premiati-per-la-tutela-dellambiente\/' send='true' layout='button_count' show_faces='true' width='450' height='65' action='recommend' colorscheme='light' font='lucida grande'><\/fb:like><span class=\"fb_share\"><fb:like href=\"https:\/\/www.leccecronaca.it\/index.php\/2023\/10\/01\/carabiieri-forestale-e-polizia-locale-premiati-per-la-tutela-dellambiente\/\" layout=\"button_count\"><\/fb:like><\/span>","protected":false},"excerpt":{"rendered":"<p>Ieri, sabato 30 settembre, nella sala comunale di Frigole si \u00e8 svolta la VII Edizione del \u201cPremio Pegaso per l\u2019Ambiente\u201d 2023. L\u2019Associazione ATA-PC Lecce OdV, ideatrice e organizzatrice del premio, quest\u2019anno ha premiato il Gruppo Carabinieri Forestali di Lecce, coordinato dal Col. Ruggiero CAPONE rappresentato, per l\u2019occasione, dal Maresciallo Lorenzo PRETE e il Nucleo di [&hellip;]<\/p>\n","protected":false},"author":4,"featured_media":221459,"comment_status":"open","ping_status":"closed","sticky":false,"template":"","format":"standard","meta":[],"categories":[1,75],"tags":[],"_links":{"self":[{"href":"https:\/\/www.leccecronaca.it\/index.php\/wp-json\/wp\/v2\/posts\/221458"}],"collection":[{"href":"https:\/\/www.leccecronaca.it\/index.php\/wp-json\/wp\/v2\/posts"}],"about":[{"href":"https:\/\/www.leccecronaca.it\/index.php\/wp-json\/wp\/v2\/types\/post"}],"author":[{"embeddable":true,"href":"https:\/\/www.leccecronaca.it\/index.php\/wp-json\/wp\/v2\/users\/4"}],"replies":[{"embeddable":true,"href":"https:\/\/www.leccecronaca.it\/index.php\/wp-json\/wp\/v2\/comments?post=221458"}],"version-history":[{"count":2,"href":"https:\/\/www.leccecronaca.it\/index.php\/wp-json\/wp\/v2\/posts\/221458\/revisions"}],"predecessor-version":[{"id":221472,"href":"https:\/\/www.leccecronaca.it\/index.php\/wp-json\/wp\/v2\/posts\/221458\/revisions\/221472"}],"wp:featuredmedia":[{"embeddable":true,"href":"https:\/\/www.leccecronaca.it\/index.php\/wp-json\/wp\/v2\/media\/221459"}],"wp:attachment":[{"href":"https:\/\/www.leccecronaca.it\/index.php\/wp-json\/wp\/v2\/media?parent=221458"}],"wp:term":[{"taxonomy":"category","embeddable":true,"href":"https:\/\/www.leccecronaca.it\/index.php\/wp-json\/wp\/v2\/categories?post=221458"},{"taxonomy":"post_tag","embeddable":true,"href":"https:\/\/www.leccecronaca.it\/index.php\/wp-json\/wp\/v2\/tags?post=221458"}],"curies":[{"name":"wp","href":"https:\/\/api.w.org\/{rel}","templated":true}]}}