{"id":222391,"date":"2023-10-25T12:13:59","date_gmt":"2023-10-25T10:13:59","guid":{"rendered":"https:\/\/www.leccecronaca.it\/?p=222391"},"modified":"2023-11-04T12:09:54","modified_gmt":"2023-11-04T11:09:54","slug":"quando-la-fiamma-tricolore-ardeva-a-sostegno-del-popolo-palestinese","status":"publish","type":"post","link":"https:\/\/www.leccecronaca.it\/index.php\/2023\/10\/25\/quando-la-fiamma-tricolore-ardeva-a-sostegno-del-popolo-palestinese\/","title":{"rendered":"QUANDO ANCHE A LECCE LA FIAMMA TRICOLORE ARDEVA PER I PALESTINESI"},"content":{"rendered":"\n<p><img decoding=\"async\" loading=\"lazy\" width=\"960\" height=\"636\" class=\"wp-image-222392\" style=\"width: 2100px;\" src=\"https:\/\/www.leccecronaca.it\/wordpress\/wp-content\/uploads\/2023\/10\/image-07-09-21-09-21-1.jpeg\" alt=\"\" srcset=\"https:\/\/www.leccecronaca.it\/wordpress\/wp-content\/uploads\/2023\/10\/image-07-09-21-09-21-1.jpeg 960w, https:\/\/www.leccecronaca.it\/wordpress\/wp-content\/uploads\/2023\/10\/image-07-09-21-09-21-1-300x199.jpeg 300w, https:\/\/www.leccecronaca.it\/wordpress\/wp-content\/uploads\/2023\/10\/image-07-09-21-09-21-1-768x509.jpeg 768w\" sizes=\"(max-width: 960px) 100vw, 960px\" \/>(g.p.)&nbsp;______ <\/p>\n\n\n\n<p>Fratelli d&#8217;Italia, da un anno largamente primo partito italiano e forza maggioritaria di governo, in questi tragici giorni di guerra ha pi\u00f9 volte e in maniera massiccia riaffermato le proprie posizioni filo israeliane, ribadite continuamente anche da esponenti della cultura e dell&#8217;informazione del centro destra, che da giornali e talk show televisivi non lasciano occasione per polemizzare con chi invece prende in considerazione le ragioni del popolo palestinese.<\/p>\n\n\n\n<p>Non \u00e8 stato sempre cos\u00ec.<\/p>\n\n\n\n<p>Da primi anni Settanta e fino ai primi anni Duemila, diversi settori del partito, allora Movimento Sociale Italiano, poi diventato Alleanza Nazionale, quindi Popolo delle Libert\u00e0, infine Fratelli d&#8217;Italia, nella questione mediorientale, erano dalla parte dei Palestinesi, soprattutto a livello giovanile.<\/p>\n\n\n\n<p>Anche Azione Giovani, il movimento ufficiale dei giovani che si riconoscevano nelle finalit\u00e0 di Alleanza Nazionale, che fu guidato per molto tempo da Giorgia Meloni, allora ventenne.<\/p>\n\n\n\n<p>Azione Giovani raccolse l&#8217;eredit\u00e0 del Fronte della Giovent\u00f9, l&#8217;organizzazione giovanile del Movimento Sociale Italiano, che dalla met\u00e0 degli anni Settanta a Lecce e provincia divent\u00f2 quello pi\u00f9 forte e combattivo di tutta Italia, come riconobbe l&#8217;allora segretario nazionale giovanile Gianfranco Fini.<\/p>\n\n\n\n<p>Ne era segretario provinciale <strong>Valerio Melcore<\/strong>. A lui (nella foto attuale) leccecronaca.it ha chiesto a riguardo delle idee di quei ragazzi sulla questione mediorientale.<img decoding=\"async\" loading=\"lazy\" width=\"886\" height=\"960\" class=\"wp-image-222416\" style=\"width: 900px;\" src=\"https:\/\/www.leccecronaca.it\/wordpress\/wp-content\/uploads\/2023\/10\/valerio-melcore-1.jpg\" alt=\"\" srcset=\"https:\/\/www.leccecronaca.it\/wordpress\/wp-content\/uploads\/2023\/10\/valerio-melcore-1.jpg 886w, https:\/\/www.leccecronaca.it\/wordpress\/wp-content\/uploads\/2023\/10\/valerio-melcore-1-277x300.jpg 277w, https:\/\/www.leccecronaca.it\/wordpress\/wp-content\/uploads\/2023\/10\/valerio-melcore-1-768x832.jpg 768w\" sizes=\"(max-width: 886px) 100vw, 886px\" \/><\/p>\n\n\n\n<p><\/p>\n\n\n\n<p><em>Parliamo di tanti anni fa in cui le nostre scelte giovanili erano guidate da quello spirito ribellistico alla Robin Hood che ci portava istintivamente a schierarci con i pi\u00f9 deboli, ragion per cui, cos\u00ec come ci eravamo schierati a destra ci schierammo con la Palestina. E poi c\u2019era un altro inconfessabile motivo. I comunisti utilizzavano strumentalmente la tragedia dell\u2019Olocausto, per mero interesse di bottega, la strumentalizzazione politica del dramma di quel popolo ancora oggi viene utilizzato dalla sinistra italiana. Questo istintivamente ci rendeva antipatici gli israeliani. Basti pensare che non c\u2019era giorno che non si parlasse del dramma degli ebrei, assemblee, mostre e documentari proiettati a scuola, o viaggi organizzati con i treni per andare a visitare i Campi di concentramento di Auschwitz in Polonia. Quel treno se avesse percorso qualche altro centinaio di chilometri sarebbe potuto arrivare in Ucraina dove i comunisti di Stalin pianificarono lo sterminio di sette milioni di contadini di cui la met\u00e0 erano bambini. A tutti noi \u00e8 nota cosa sia la Shoah, ma pochi conoscono il significato di Holodomor. &nbsp;Per ritornare al presente \u00e8 ovvio che gli atti terroristici di Hamas, vanno condannati senza riserva, ma gli attori internazionali devono trovare una soluzione definitiva affinch\u00e9 in quei territori le armi non abbiano pi\u00f9 diritto di cittadinanza<\/em>.<\/p>\n\n\n\n<p><img decoding=\"async\" loading=\"lazy\" width=\"720\" height=\"1009\" class=\"wp-image-222396\" style=\"width: 1200px;\" src=\"https:\/\/www.leccecronaca.it\/wordpress\/wp-content\/uploads\/2023\/10\/Palestina5.jpg\" alt=\"\" srcset=\"https:\/\/www.leccecronaca.it\/wordpress\/wp-content\/uploads\/2023\/10\/Palestina5.jpg 720w, https:\/\/www.leccecronaca.it\/wordpress\/wp-content\/uploads\/2023\/10\/Palestina5-214x300.jpg 214w\" sizes=\"(max-width: 720px) 100vw, 720px\" \/><\/p>\n\n\n\n<p>Conferma, anche se con un personale distinguo, <strong>Graziano De Tuglie <\/strong>(nella foto del 1982).<img decoding=\"async\" loading=\"lazy\" width=\"696\" height=\"1600\" class=\"wp-image-222397\" style=\"width: 1200px;\" src=\"https:\/\/www.leccecronaca.it\/wordpress\/wp-content\/uploads\/2023\/10\/gdt.jpg\" alt=\"\" srcset=\"https:\/\/www.leccecronaca.it\/wordpress\/wp-content\/uploads\/2023\/10\/gdt.jpg 696w, https:\/\/www.leccecronaca.it\/wordpress\/wp-content\/uploads\/2023\/10\/gdt-131x300.jpg 131w, https:\/\/www.leccecronaca.it\/wordpress\/wp-content\/uploads\/2023\/10\/gdt-445x1024.jpg 445w, https:\/\/www.leccecronaca.it\/wordpress\/wp-content\/uploads\/2023\/10\/gdt-668x1536.jpg 668w\" sizes=\"(max-width: 696px) 100vw, 696px\" \/><\/p>\n\n\n\n<p><em>Nell&#8217;ala rautiana del MSI leccese, di cui ho fatto parte dal 1976, era fortissimo quasi pebliscitario l&#8217;orientamento filo palestinese scaturito dalle riflessioni di Pino Rauti sulla potenziale azione disregatrice dell&#8217;islam sull&#8217;impero Sovietico dell&#8217;epoca Breznev. Si saldava alla, secondo me infondata, simpatia verso il mondo arabo che aveva fiancheggiato le forze dell&#8217;Asse durante le campagne nordafricane della seconda guerra mondiale. Personalmente pensavo, e penso ancora, che le due parti in conflitto fossero due facce della stessa medaglia e parti del \u201cgrande gioco\u201d per il predominio mondiale e il controllo delle risorse della terra. Il monopolio comunista dell&#8217;appoggio ad arabi e islamici poi mi faceva propendere per l&#8217;altra parte dato che essenzialmente sono anticomunista.<\/em><\/p>\n\n\n\n<p>Sulla questione leccecronaca.it ha interpellato anche a <strong>Roberto Tundo <\/strong>(a sinistra nella foto del 1980 a Campo Hobbit), autore del libro <em>\u201cLe storie della destra salentina\u201d.<\/em><\/p>\n\n\n\n<p><img decoding=\"async\" loading=\"lazy\" width=\"2560\" height=\"1778\" class=\"wp-image-222394\" style=\"width: 1200px;\" src=\"https:\/\/www.leccecronaca.it\/wordpress\/wp-content\/uploads\/2023\/10\/1980-III-CAMPO-HOBBIT_Roberto-e-Gino-DArgento-scaled.jpg\" alt=\"\" srcset=\"https:\/\/www.leccecronaca.it\/wordpress\/wp-content\/uploads\/2023\/10\/1980-III-CAMPO-HOBBIT_Roberto-e-Gino-DArgento-scaled.jpg 2560w, https:\/\/www.leccecronaca.it\/wordpress\/wp-content\/uploads\/2023\/10\/1980-III-CAMPO-HOBBIT_Roberto-e-Gino-DArgento-300x208.jpg 300w, https:\/\/www.leccecronaca.it\/wordpress\/wp-content\/uploads\/2023\/10\/1980-III-CAMPO-HOBBIT_Roberto-e-Gino-DArgento-1024x711.jpg 1024w, https:\/\/www.leccecronaca.it\/wordpress\/wp-content\/uploads\/2023\/10\/1980-III-CAMPO-HOBBIT_Roberto-e-Gino-DArgento-768x533.jpg 768w, https:\/\/www.leccecronaca.it\/wordpress\/wp-content\/uploads\/2023\/10\/1980-III-CAMPO-HOBBIT_Roberto-e-Gino-DArgento-1536x1067.jpg 1536w, https:\/\/www.leccecronaca.it\/wordpress\/wp-content\/uploads\/2023\/10\/1980-III-CAMPO-HOBBIT_Roberto-e-Gino-DArgento-2048x1423.jpg 2048w\" sizes=\"(max-width: 2560px) 100vw, 2560px\" \/><\/p>\n\n\n\n<p><em>A destra, da sempre, c\u2019\u00e8 stata una enorme attenzione e un profondo dibattito sui temi di politica estera. Fin da subito, per essere ancora pi\u00f9 chiari, quando le urne erano vuote le piazze piene e l\u2019incidenza politica evanescente. Due le questioni cruciali l\u2019Alleanza atlantica e, successivamente, la questione Palestinese. Se la Nato, dopo una iniziale contrariet\u00e0, trasformatasi successivamente in diffidenza, fu accettata per contrastare l\u2019ideologia comunista tramite un\u2019alleanza che garantisse la sicurezza occidentale da eventuali mire di espansione sovietiche, la questione palestinese invece ha attraversato la destra fino ai nostri giorni. All\u2019improvviso la destra conservatrice di Giorgia Meloni ha deciso di stare dalla parte di Israele anche se non ha dimenticato la parola d\u2019ordine di Azione Giovani &lt;&lt;due Popoli due Stati&gt;&gt;. Ma a destra, la questione Palestinese era stata sempre vista nella sua complessit\u00e0, non si \u00e8 mai giudicato quel popolo solo dagli episodi di terrorismo ed erano memorabili i \u201ccontrasti\u201d al tempo di Giorgio Almirante fra il partito (schierato con i \u201cvalori\u201d occidentali) ed i militanti del Fronte della Giovent\u00f9 (schierati in difesa dell\u2019autodeterminazione dei popoli).<\/em><\/p>\n\n\n\n<p>Roberto Tundo \u00e8 stato assessore e consigliere della Regione Puglia. Come anche un altro storico esponente della destra salentina, <strong>Mario De Cristofaro<\/strong>, il quale poi nel 2000 divent\u00f2 presidente del Consiglio Regionale, mentre la giunta della Regione Puglia, di centro destra, era guidata dall&#8217; attuale ministro Raffaele Fitto, allora di Forza Italia.<img decoding=\"async\" loading=\"lazy\" width=\"990\" height=\"540\" class=\"wp-image-222395\" style=\"width: 1200px;\" src=\"https:\/\/www.leccecronaca.it\/wordpress\/wp-content\/uploads\/2023\/10\/4259742_1813_mario_de_cristofaro.jpg\" alt=\"\" srcset=\"https:\/\/www.leccecronaca.it\/wordpress\/wp-content\/uploads\/2023\/10\/4259742_1813_mario_de_cristofaro.jpg 990w, https:\/\/www.leccecronaca.it\/wordpress\/wp-content\/uploads\/2023\/10\/4259742_1813_mario_de_cristofaro-300x164.jpg 300w, https:\/\/www.leccecronaca.it\/wordpress\/wp-content\/uploads\/2023\/10\/4259742_1813_mario_de_cristofaro-768x419.jpg 768w\" sizes=\"(max-width: 990px) 100vw, 990px\" \/><\/p>\n\n\n\n<p>Pur ricoprendo l&#8217;importante incarico istituzionale, Mario De Cristofaro in pi\u00f9 di un&#8217;occasione estern\u00f2 ufficialmente e con veemenza le proprie idee politiche antiamericane e antiisraeliane. In un&#8217;occasione si sfior\u00f2 addirittura l&#8217;incidente diplomatico, ci volle tutta la <strong>\u2019<\/strong>mo ci vuole diplomazia di antica  scuola democristiaa di Raffaele Fitto per metterci in qualche modo una pezza. &nbsp;______ <\/p>\n\n\n\n<p>LA RICERCA nel nostro articolo del 20 ottobre scorso<\/p>\n\n\n\n<figure class=\"wp-block-embed is-type-wp-embed is-provider-leccecronaca-it wp-block-embed-leccecronaca-it\"><div class=\"wp-block-embed__wrapper\">\n<blockquote class=\"wp-embedded-content\" data-secret=\"OORakpEivz\"><a href=\"https:\/\/www.leccecronaca.it\/index.php\/2023\/10\/20\/il-presidio-di-solidarieta-alla-palestia-di-questo-pomeriggio-a-lecce\/\">PRESIDIO DI SOLIDARIETA&#8217;\u00a0ALLA PALESTINA QUESTO POMERIGGIO A LECCE<\/a><\/blockquote><iframe class=\"wp-embedded-content\" sandbox=\"allow-scripts\" security=\"restricted\" style=\"position: absolute; clip: rect(1px, 1px, 1px, 1px);\" title=\"&#8220;PRESIDIO DI SOLIDARIETA&#8217;\u00a0ALLA PALESTINA QUESTO POMERIGGIO A LECCE&#8221; &#8212; LecceCronaca.it\" src=\"https:\/\/www.leccecronaca.it\/index.php\/2023\/10\/20\/il-presidio-di-solidarieta-alla-palestia-di-questo-pomeriggio-a-lecce\/embed\/#?secret=SwOSWlKeOX#?secret=OORakpEivz\" data-secret=\"OORakpEivz\" width=\"500\" height=\"282\" frameborder=\"0\" marginwidth=\"0\" marginheight=\"0\" scrolling=\"no\"><\/iframe>\n<\/div><\/figure>\n<fb:like href='https:\/\/www.leccecronaca.it\/index.php\/2023\/10\/25\/quando-la-fiamma-tricolore-ardeva-a-sostegno-del-popolo-palestinese\/' send='true' layout='button_count' show_faces='true' width='450' height='65' action='recommend' colorscheme='light' font='lucida grande'><\/fb:like><span class=\"fb_share\"><fb:like href=\"https:\/\/www.leccecronaca.it\/index.php\/2023\/10\/25\/quando-la-fiamma-tricolore-ardeva-a-sostegno-del-popolo-palestinese\/\" layout=\"button_count\"><\/fb:like><\/span>","protected":false},"excerpt":{"rendered":"<p>(g.p.)&nbsp;______ Fratelli d&#8217;Italia, da un anno largamente primo partito italiano e forza maggioritaria di governo, in questi tragici giorni di guerra ha pi\u00f9 volte e in maniera massiccia riaffermato le proprie posizioni filo israeliane, ribadite continuamente anche da esponenti della cultura e dell&#8217;informazione del centro destra, che da giornali e talk show televisivi non lasciano [&hellip;]<\/p>\n","protected":false},"author":4,"featured_media":222392,"comment_status":"open","ping_status":"closed","sticky":false,"template":"","format":"standard","meta":[],"categories":[31,76],"tags":[],"_links":{"self":[{"href":"https:\/\/www.leccecronaca.it\/index.php\/wp-json\/wp\/v2\/posts\/222391"}],"collection":[{"href":"https:\/\/www.leccecronaca.it\/index.php\/wp-json\/wp\/v2\/posts"}],"about":[{"href":"https:\/\/www.leccecronaca.it\/index.php\/wp-json\/wp\/v2\/types\/post"}],"author":[{"embeddable":true,"href":"https:\/\/www.leccecronaca.it\/index.php\/wp-json\/wp\/v2\/users\/4"}],"replies":[{"embeddable":true,"href":"https:\/\/www.leccecronaca.it\/index.php\/wp-json\/wp\/v2\/comments?post=222391"}],"version-history":[{"count":5,"href":"https:\/\/www.leccecronaca.it\/index.php\/wp-json\/wp\/v2\/posts\/222391\/revisions"}],"predecessor-version":[{"id":222417,"href":"https:\/\/www.leccecronaca.it\/index.php\/wp-json\/wp\/v2\/posts\/222391\/revisions\/222417"}],"wp:featuredmedia":[{"embeddable":true,"href":"https:\/\/www.leccecronaca.it\/index.php\/wp-json\/wp\/v2\/media\/222392"}],"wp:attachment":[{"href":"https:\/\/www.leccecronaca.it\/index.php\/wp-json\/wp\/v2\/media?parent=222391"}],"wp:term":[{"taxonomy":"category","embeddable":true,"href":"https:\/\/www.leccecronaca.it\/index.php\/wp-json\/wp\/v2\/categories?post=222391"},{"taxonomy":"post_tag","embeddable":true,"href":"https:\/\/www.leccecronaca.it\/index.php\/wp-json\/wp\/v2\/tags?post=222391"}],"curies":[{"name":"wp","href":"https:\/\/api.w.org\/{rel}","templated":true}]}}