{"id":223584,"date":"2023-11-27T00:03:00","date_gmt":"2023-11-26T23:03:00","guid":{"rendered":"https:\/\/www.leccecronaca.it\/?p=223584"},"modified":"2023-11-23T15:55:03","modified_gmt":"2023-11-23T14:55:03","slug":"novita-editoriali-6","status":"publish","type":"post","link":"https:\/\/www.leccecronaca.it\/index.php\/2023\/11\/27\/novita-editoriali-6\/","title":{"rendered":"NOVITA\u2019 EDITORIALI \/\u00a0\u201dIl filo di Teseo\u201d, ROMANZO DI CORRADO VECCHIO"},"content":{"rendered":"\n<p><img decoding=\"async\" loading=\"lazy\" width=\"1731\" height=\"2560\" class=\"wp-image-223607\" style=\"width: 1500px;\" src=\"https:\/\/www.leccecronaca.it\/wordpress\/wp-content\/uploads\/2023\/11\/vecch-1-scaled.jpg\" alt=\"\" srcset=\"https:\/\/www.leccecronaca.it\/wordpress\/wp-content\/uploads\/2023\/11\/vecch-1-scaled.jpg 1731w, https:\/\/www.leccecronaca.it\/wordpress\/wp-content\/uploads\/2023\/11\/vecch-1-203x300.jpg 203w, https:\/\/www.leccecronaca.it\/wordpress\/wp-content\/uploads\/2023\/11\/vecch-1-692x1024.jpg 692w, https:\/\/www.leccecronaca.it\/wordpress\/wp-content\/uploads\/2023\/11\/vecch-1-768x1136.jpg 768w, https:\/\/www.leccecronaca.it\/wordpress\/wp-content\/uploads\/2023\/11\/vecch-1-1039x1536.jpg 1039w, https:\/\/www.leccecronaca.it\/wordpress\/wp-content\/uploads\/2023\/11\/vecch-1-1385x2048.jpg 1385w\" sizes=\"(max-width: 1731px) 100vw, 1731px\" \/>di <strong>Raffaele Polo<\/strong> ______\u00a0<\/p>\n\n\n\n<p>Si presenta sabato 2 dicembre a Lecce, alla Biblioteca Bernardini, nella Piazzetta Carducci, con inizio alle ore 18.30, il libro di <strong>Corrado Vecchio <\/strong>(nella foto) <em><strong>\u201dIl filo di Teseo\u201d <\/strong><\/em>(Il Raggio Verde, 145 pagine, 15 euro).<\/p>\n\n\n\n<p>Lo presento io, con immenso piacere. Ed ecco cosa ho scritto in prefazione:<\/p>\n\n\n\n<p><\/p>\n\n\n\n<p><\/p>\n\n\n\n<p>\u201c Partiamo subito dal titolo, che potrebbe indurre subito a qualche domanda. Ma non era di Arianna il filo? E che c&#8217;entra Teseo che, poi, la pianta in asso (a Naxos, appunto&#8230;)?<\/p>\n\n\n\n<p>E gi\u00e0 da questi primi interrogativi, ci accorgiamo della propensione di Corrado Vecchio all&#8217;enigmistica o, meglio ancora, all&#8217;ammantare anche le cose pi\u00f9 semplici di un&#8217;aura di mistero&#8230;<\/p>\n\n\n\n<p>Abbiamo risolto l&#8217;indovinello solo alla fine del romanzo, quando si svelano gli intrecci che riguardano tutta la vicenda di chi, proprio all&#8217;inizio (all&#8217;entrata del labirinto&#8230;) afferma perentoriamente:\u00abHo ucciso un uomo!\u00bb<\/p>\n\n\n\n<p>E scopriamo che, in fin dei conti, anche l&#8217;Io parlante del romanzo, ovvero l&#8217;avvocato Teseo, possiede un filo che gli dona la bella Clara. Ma lui non se ne avvede subito e, meno male, non la pianta in asso. Anzi. La vicenda si sposta al lieto fine nelle Antille.<\/p>\n\n\n\n<p>Scriviamo quete cose per far capire come lo scrittore, questa volta, mescoli abilmente i vari ingredienti di una storia squisitamente da &#8216;giallo giudiziario&#8217; con argomenti e inserimenti che inspessiscono la vicenda e la rendono ancor pi\u00f9 appetibile. Ma lo fa senza parere, quasi scusandosi se frammischia le proprie esitazioni, i propri dubbi di coerenza forense con la scelta del dolce o la preferenza per i rebus&#8230; Del resto, in questo fa parte della vasta e conclamata letteratura di settore, che va da Perry Mason a Nero Wolf, fino al nostro recente avvocato Malinconico di Diego De Silva.<\/p>\n\n\n\n<p>Ma Vecchio supera agevolmente questi stereotipi, affrontando con coraggio alcuni dubbi che riguardano proprio l&#8217;etica del difensore che deve scegliere una &#8216;giusta causa&#8217; o fidarsi esclusivamente del suo ruolo di difensore d&#8217;ufficio disinteressato e poco incline all&#8217;indagine e al coinvolgimento. E per il protagonista di questo romanzo, la necessit\u00e0 di una scelta libera e secondo coscienza finisce per pervadere tutto lo scritto, riuscendo anche a complicare il rapporto con la fidanzata che \u00e8 la voce della squisita sapienza femminile, ma non viene accettata subito, stante l&#8217;orgogliosa prosopopea maschilista di Teseo.<\/p>\n\n\n\n<p>Superando l&#8217;interesse per la vicenda di acceso colore &#8216;giallo&#8217;, ci siamo soffermati a gustare piacevolmente le scelte alimentari e dolciarie del bravo Teseo, descritte con peculiare interesse e perfettamente a proprio agio nelle fila del discorso altrimenti troppo spesso &#8216;serioso&#8217; che questo avvocato perennemente in preda a dubbi esistenziali, non manca di esternarci.<\/p>\n\n\n\n<p>Ma tutto lo scritto di Vecchio gode di una naturale armonia che questo scrittore di razza esibisce senza compiacimento ma facendo incetta di considerazioni e intimistiche confessioni che rivolge a s\u00e9 stesso ma, soprattutto, ai potenziali lettori. Si tratta, insomma, di un procedere cauto ma deciso per scoprire, a poco a poco, il proprio disegno psicologico che \u00e8 di notevole spessore, in quanto coinvolge etica e buon senso, evidenziando l&#8217;eterna e irresoluta domanda che ogni principe del foro dovrebbe porsi: difendere comunque, anche se si ha certezza che il proprio assistito sia colpevole? E, magari, fidando in una congrua retribuzione, vista la disponibilit\u00e0 monetaria dell&#8217;accusato?<\/p>\n\n\n\n<p>Non \u00e8 un cruccio da poco e, fino all&#8217;ultimo, seguiamo le indagini di Teseo, che vuole conoscere la Verit\u00e0, prima di decidere. La Verit\u00e0: cos&#8217;\u00e8 la Verit\u00e0?<\/p>\n\n\n\n<p>Bravo, bravissimo Corrado Vecchio, avvocato come il collega immaginario Teseo, ma facilmente riconoscibile come alter ego pirandelliano, contemporaneamente autore ed attore.<\/p>\n\n\n\n<p>E possiamo confermare che il &#8216;filo&#8217; lo ha trovato, nel migliore dei modi: accompagnando ogni lettore in un viaggio narrativo ricco di sorprese e buoni sentimenti.<\/p>\n\n\n\n<p>Con la piacevole sorpresa del pasticciotto al pistacchio che l&#8217;avvocato Vecchio\/Teseo sembra prediligere&#8230;\u201d<\/p>\n<fb:like href='https:\/\/www.leccecronaca.it\/index.php\/2023\/11\/27\/novita-editoriali-6\/' send='true' layout='button_count' show_faces='true' width='450' height='65' action='recommend' colorscheme='light' font='lucida grande'><\/fb:like><span class=\"fb_share\"><fb:like href=\"https:\/\/www.leccecronaca.it\/index.php\/2023\/11\/27\/novita-editoriali-6\/\" layout=\"button_count\"><\/fb:like><\/span>","protected":false},"excerpt":{"rendered":"<p>di Raffaele Polo ______\u00a0 Si presenta sabato 2 dicembre a Lecce, alla Biblioteca Bernardini, nella Piazzetta Carducci, con inizio alle ore 18.30, il libro di Corrado Vecchio (nella foto) \u201dIl filo di Teseo\u201d (Il Raggio Verde, 145 pagine, 15 euro). Lo presento io, con immenso piacere. Ed ecco cosa ho scritto in prefazione: \u201c Partiamo [&hellip;]<\/p>\n","protected":false},"author":4,"featured_media":223607,"comment_status":"open","ping_status":"closed","sticky":false,"template":"","format":"standard","meta":[],"categories":[31,75,57],"tags":[],"_links":{"self":[{"href":"https:\/\/www.leccecronaca.it\/index.php\/wp-json\/wp\/v2\/posts\/223584"}],"collection":[{"href":"https:\/\/www.leccecronaca.it\/index.php\/wp-json\/wp\/v2\/posts"}],"about":[{"href":"https:\/\/www.leccecronaca.it\/index.php\/wp-json\/wp\/v2\/types\/post"}],"author":[{"embeddable":true,"href":"https:\/\/www.leccecronaca.it\/index.php\/wp-json\/wp\/v2\/users\/4"}],"replies":[{"embeddable":true,"href":"https:\/\/www.leccecronaca.it\/index.php\/wp-json\/wp\/v2\/comments?post=223584"}],"version-history":[{"count":2,"href":"https:\/\/www.leccecronaca.it\/index.php\/wp-json\/wp\/v2\/posts\/223584\/revisions"}],"predecessor-version":[{"id":223608,"href":"https:\/\/www.leccecronaca.it\/index.php\/wp-json\/wp\/v2\/posts\/223584\/revisions\/223608"}],"wp:featuredmedia":[{"embeddable":true,"href":"https:\/\/www.leccecronaca.it\/index.php\/wp-json\/wp\/v2\/media\/223607"}],"wp:attachment":[{"href":"https:\/\/www.leccecronaca.it\/index.php\/wp-json\/wp\/v2\/media?parent=223584"}],"wp:term":[{"taxonomy":"category","embeddable":true,"href":"https:\/\/www.leccecronaca.it\/index.php\/wp-json\/wp\/v2\/categories?post=223584"},{"taxonomy":"post_tag","embeddable":true,"href":"https:\/\/www.leccecronaca.it\/index.php\/wp-json\/wp\/v2\/tags?post=223584"}],"curies":[{"name":"wp","href":"https:\/\/api.w.org\/{rel}","templated":true}]}}