{"id":223681,"date":"2023-11-26T14:08:50","date_gmt":"2023-11-26T13:08:50","guid":{"rendered":"https:\/\/www.leccecronaca.it\/?p=223681"},"modified":"2023-11-26T14:09:45","modified_gmt":"2023-11-26T13:09:45","slug":"maldarizziloveslecce-lopening-party-della-maldarizzi-automotive","status":"publish","type":"post","link":"https:\/\/www.leccecronaca.it\/index.php\/2023\/11\/26\/maldarizziloveslecce-lopening-party-della-maldarizzi-automotive\/","title":{"rendered":"#MALDARIZZILOVESLECCE: L\u2019OPENING PARTY DELLA MALDARIZZI AUTOMOTIVE"},"content":{"rendered":"\n<p><img decoding=\"async\" loading=\"lazy\" width=\"1024\" height=\"683\" class=\"wp-image-223682\" style=\"width: 12200px;\" src=\"https:\/\/www.leccecronaca.it\/wordpress\/wp-content\/uploads\/2023\/11\/Maldarizzi-Lecce.jpeg\" alt=\"\" srcset=\"https:\/\/www.leccecronaca.it\/wordpress\/wp-content\/uploads\/2023\/11\/Maldarizzi-Lecce.jpeg 1024w, https:\/\/www.leccecronaca.it\/wordpress\/wp-content\/uploads\/2023\/11\/Maldarizzi-Lecce-300x200.jpeg 300w, https:\/\/www.leccecronaca.it\/wordpress\/wp-content\/uploads\/2023\/11\/Maldarizzi-Lecce-768x512.jpeg 768w\" sizes=\"(max-width: 1024px) 100vw, 1024px\" \/><strong>Autorit\u00e0 e amici insieme per festeggiare la nuova sede che abbraccia il territorio leccese<\/strong><\/p>\n\n\n\n<p>LECCE \u2013 Maldarizzi Automotive \u00e8 a Lecce: alla presenza del Presidente della Maldarizzi Automotive S.p.a., Francesco Maldarizzi, del Sindaco di Lecce dott. Carlo Salvemini, autorit\u00e0 e amici, ieri sera, sabato 25 novembre, \u00e8 stata inaugurata la nuova sede in viale Portogallo 16 a Lecce.<\/p>\n\n\n\n<p>#maldarizziloveslecce \u00e8 stato l\u2019hashtag protagonista dell\u2019opening party che ha visto Maldarizzi Automotive festeggiare le novit\u00e0 insieme ai principali attori del territorio.<\/p>\n\n\n\n<p>Una nuova sede e nuovi brand: oltre all\u2019usato multibrand la nuova concessionaria di vendita e assistenza \u00e8 anche Skoda, Mg Motor, smart e Ineos Grenadier.<\/p>\n\n\n\n<p>L\u2019 apertura della sede sales e after sales di Lecce era stata annunciata a dicembre 2023 nel temporary store di via Braccio Martello.<\/p>\n\n\n\n<p>\u201cProsegue con forza il nostro progetto industriale \u2013 ha dichiarato il Cavaliere del Lavoro Francesco Maldarizzi \u2013 un ulteriore tassello dell\u2019investimento della nostra azienda che con la sua presenza nel Salento si estende adesso su tutta la Puglia e la Basilicata\u201d.<img decoding=\"async\" loading=\"lazy\" width=\"1024\" height=\"677\" class=\"wp-image-223683\" style=\"width: 800px;\" src=\"https:\/\/www.leccecronaca.it\/wordpress\/wp-content\/uploads\/2023\/11\/Mladarizzi-Lecce2-1.jpeg\" alt=\"\" srcset=\"https:\/\/www.leccecronaca.it\/wordpress\/wp-content\/uploads\/2023\/11\/Mladarizzi-Lecce2-1.jpeg 1024w, https:\/\/www.leccecronaca.it\/wordpress\/wp-content\/uploads\/2023\/11\/Mladarizzi-Lecce2-1-300x198.jpeg 300w, https:\/\/www.leccecronaca.it\/wordpress\/wp-content\/uploads\/2023\/11\/Mladarizzi-Lecce2-1-768x508.jpeg 768w\" sizes=\"(max-width: 1024px) 100vw, 1024px\" \/><\/p>\n\n\n\n<p>Incontri, musica e auto sono stati gli ingredienti principali della serata che \u00e8 stata anche un\u2019occasione per scoprire la semplicit\u00e0 efficace di Skoda, l\u2019iconica MG che porta la mobilit\u00e0 elettrica per tutti, la nuova Smart #1 glamour, tecnologica e cittadina del mondo e la grinta di Ineos Grenadier.<\/p>\n\n\n\n<p>Dal 1979 Maldarizzi Automotive \u00e8 una delle pi\u00f9 importanti realt\u00e0 italiane del mercato automobilistico, con sedi in Puglia e in Basilicata. L\u2019azienda si occupa di vendita di auto nuove, usate, km0, servizi di assistenza post-vendita, noleggio a medio e lungo termine, assistenza e ricambistica dei pi\u00f9 importanti brand automobilistici. Maldarizzi Automotive costruisce cultura sul tema della mobilit\u00e0 per rendere consapevole il consumatore rispetto al servizio offerto, creando innovazione e ispirandosi ai trend di mercato internazionali. Impegno, solidit\u00e0, professionalit\u00e0, consapevolezza, disponibilit\u00e0, trasparenza, innovazione sono i valori che da sempre contraddistinguono la Vision della societ\u00e0. La trasparenza \u00e8 rivolta a tutti gli interlocutori: clienti, fornitori e partner commerciali. Le concessionarie ufficiali: Lamborghini, Morgan Motor, Mercedes-Benz, AMG Performance Center, Mercedes-Benz V e Vans, smart, MG Motor, Stellantis per FIAT, JEEP, Lancia, Abarth, Alfa Romeo e FIAT Professional, INEOS Grenadier, Skoda, assistenza per BMW e MINI. Le divisioni: Maldarizzi Multibrand per l&#8217;usato garantito e per vetture km0, Maldarizzi 4Business per veicoli commerciali, allestiti e flotte, Maldarizzi Rent per noleggio a medio e lungo termine. Per maggiori informazioni:\u00a0<a href=\"http:\/\/www.maldarizzi.com\/\" target=\"_blank\" rel=\"noreferrer noopener\">www.maldarizzi.com<\/a><img decoding=\"async\" loading=\"lazy\" width=\"1707\" height=\"2560\" class=\"wp-image-223684\" style=\"width: 800px;\" src=\"https:\/\/www.leccecronaca.it\/wordpress\/wp-content\/uploads\/2023\/11\/Maldarizzi-Lecce3-scaled.jpg\" alt=\"\" srcset=\"https:\/\/www.leccecronaca.it\/wordpress\/wp-content\/uploads\/2023\/11\/Maldarizzi-Lecce3-scaled.jpg 1707w, https:\/\/www.leccecronaca.it\/wordpress\/wp-content\/uploads\/2023\/11\/Maldarizzi-Lecce3-200x300.jpg 200w, https:\/\/www.leccecronaca.it\/wordpress\/wp-content\/uploads\/2023\/11\/Maldarizzi-Lecce3-683x1024.jpg 683w, https:\/\/www.leccecronaca.it\/wordpress\/wp-content\/uploads\/2023\/11\/Maldarizzi-Lecce3-768x1152.jpg 768w, https:\/\/www.leccecronaca.it\/wordpress\/wp-content\/uploads\/2023\/11\/Maldarizzi-Lecce3-1024x1536.jpg 1024w, https:\/\/www.leccecronaca.it\/wordpress\/wp-content\/uploads\/2023\/11\/Maldarizzi-Lecce3-1365x2048.jpg 1365w\" sizes=\"(max-width: 1707px) 100vw, 1707px\" \/><\/p>\n<fb:like href='https:\/\/www.leccecronaca.it\/index.php\/2023\/11\/26\/maldarizziloveslecce-lopening-party-della-maldarizzi-automotive\/' send='true' layout='button_count' show_faces='true' width='450' height='65' action='recommend' colorscheme='light' font='lucida grande'><\/fb:like><span class=\"fb_share\"><fb:like href=\"https:\/\/www.leccecronaca.it\/index.php\/2023\/11\/26\/maldarizziloveslecce-lopening-party-della-maldarizzi-automotive\/\" layout=\"button_count\"><\/fb:like><\/span>","protected":false},"excerpt":{"rendered":"<p>Autorit\u00e0 e amici insieme per festeggiare la nuova sede che abbraccia il territorio leccese LECCE \u2013 Maldarizzi Automotive \u00e8 a Lecce: alla presenza del Presidente della Maldarizzi Automotive S.p.a., Francesco Maldarizzi, del Sindaco di Lecce dott. Carlo Salvemini, autorit\u00e0 e amici, ieri sera, sabato 25 novembre, \u00e8 stata inaugurata la nuova sede in viale Portogallo [&hellip;]<\/p>\n","protected":false},"author":4,"featured_media":223682,"comment_status":"open","ping_status":"closed","sticky":false,"template":"","format":"standard","meta":[],"categories":[1],"tags":[],"_links":{"self":[{"href":"https:\/\/www.leccecronaca.it\/index.php\/wp-json\/wp\/v2\/posts\/223681"}],"collection":[{"href":"https:\/\/www.leccecronaca.it\/index.php\/wp-json\/wp\/v2\/posts"}],"about":[{"href":"https:\/\/www.leccecronaca.it\/index.php\/wp-json\/wp\/v2\/types\/post"}],"author":[{"embeddable":true,"href":"https:\/\/www.leccecronaca.it\/index.php\/wp-json\/wp\/v2\/users\/4"}],"replies":[{"embeddable":true,"href":"https:\/\/www.leccecronaca.it\/index.php\/wp-json\/wp\/v2\/comments?post=223681"}],"version-history":[{"count":1,"href":"https:\/\/www.leccecronaca.it\/index.php\/wp-json\/wp\/v2\/posts\/223681\/revisions"}],"predecessor-version":[{"id":223685,"href":"https:\/\/www.leccecronaca.it\/index.php\/wp-json\/wp\/v2\/posts\/223681\/revisions\/223685"}],"wp:featuredmedia":[{"embeddable":true,"href":"https:\/\/www.leccecronaca.it\/index.php\/wp-json\/wp\/v2\/media\/223682"}],"wp:attachment":[{"href":"https:\/\/www.leccecronaca.it\/index.php\/wp-json\/wp\/v2\/media?parent=223681"}],"wp:term":[{"taxonomy":"category","embeddable":true,"href":"https:\/\/www.leccecronaca.it\/index.php\/wp-json\/wp\/v2\/categories?post=223681"},{"taxonomy":"post_tag","embeddable":true,"href":"https:\/\/www.leccecronaca.it\/index.php\/wp-json\/wp\/v2\/tags?post=223681"}],"curies":[{"name":"wp","href":"https:\/\/api.w.org\/{rel}","templated":true}]}}