{"id":224405,"date":"2023-12-14T00:03:00","date_gmt":"2023-12-13T23:03:00","guid":{"rendered":"https:\/\/www.leccecronaca.it\/?p=224405"},"modified":"2023-12-13T17:57:17","modified_gmt":"2023-12-13T16:57:17","slug":"testi-in-apnea-di-adrian-suciu","status":"publish","type":"post","link":"https:\/\/www.leccecronaca.it\/index.php\/2023\/12\/14\/testi-in-apnea-di-adrian-suciu\/","title":{"rendered":"\u201cTesti in apnea\u201d DI ADRIAN SUCIU"},"content":{"rendered":"\n<p><img decoding=\"async\" loading=\"lazy\" width=\"224\" height=\"224\" class=\"wp-image-224406\" style=\"width: 1500px;\" src=\"https:\/\/www.leccecronaca.it\/wordpress\/wp-content\/uploads\/2023\/12\/download-4.jpg\" alt=\"\" srcset=\"https:\/\/www.leccecronaca.it\/wordpress\/wp-content\/uploads\/2023\/12\/download-4.jpg 224w, https:\/\/www.leccecronaca.it\/wordpress\/wp-content\/uploads\/2023\/12\/download-4-150x150.jpg 150w, https:\/\/www.leccecronaca.it\/wordpress\/wp-content\/uploads\/2023\/12\/download-4-60x60.jpg 60w\" sizes=\"(max-width: 224px) 100vw, 224px\" \/>Ultima pubblicazione per il 2023 per i Quaderni del Bardo Edizioni di Stefano Donno. Esce la raccolta di versi del poeta e scrittore rumeno <strong>Adrian Suciu<\/strong> \u00a0(nella foto)\u00a0dal titolo<strong> <em>\u201cTesti in apnea\u201d<\/em><\/strong>. Traduzioni dal romeno di Roxana Lazar e Valeriu Barbu.<\/p>\n\n\n\n<p>Adrian Suciu, nato il 21 dicembre 1970 a N\u0103s\u0103ud, \u00e8 un poeta, scrittore e giornalista rumeno. Ha conseguito la laurea in Lettere presso l&#8217;Universit\u00e0 Babe\u0219-Bolyai di Cluj-Napoca nel 1995. Ha seguito corsi di perfezionamento in giornalismo a Praga, Cracovia, Parigi e Copenaghen. \u00c8 presente in numerose antologie letterarie in patria e all&#8217;estero. Ha vinto numerosi premi letterari ed \u00e8 stato tradotto in diverse lingue. Ha condotto rubriche e programmi radiofonici e televisivi a Radio Cluj, TVR Cluj, NCN Cluj, Echinox e Cadran. \u00c8 stato editorialista a CD Radio, Monitorul de Cluj, Radio Cluj e Ziua de Cluj. Ha collaborato con diverse riviste letterarie. Ha esordito in letteratura sulla rivista Tribuna nel 1990. Ion Mure\u0219an ha definito la sua poesia come &#8220;attenta alla fedelt\u00e0 della calligrafia dell&#8217;io&#8221;. \u00c8 presidente dell&#8217;Associazione Culturale Direzione 9, fondata nel 2013 per sostenere i poeti esordienti e rivalutare i poeti consacrati.<\/p>\n\n\n\n<p><strong>Adrian Suciu: un poeta, scrittore e giornalista rumeno tra tradizione e modernit\u00e0<\/strong><\/p>\n\n\n\n<p>Adrian Suciu \u00e8 un poeta, scrittore e giornalista rumeno nato a N\u0103s\u0103ud il 21 dicembre 1970. Si \u00e8 laureato in Filologia all&#8217;Universit\u00e0 Babe\u0219-Bolyai di Cluj-Napoca, dove ha anche conseguito un dottorato di ricerca in Letteratura romena.La sua attivit\u00e0 letteraria ha inizio negli anni Novanta, quando pubblica le sue prime poesie su riviste e antologie letterarie. Nel 1997 esce la sua prima raccolta di poesie, intitolata &#8220;Just so poems&#8221;. Questa raccolta, che segna l&#8217;esordio letterario di Suciu, viene accolta con favore dalla critica e viene premiata con il Premio &#8220;Ion Budai-Deleanu&#8221; per l&#8217;opera prima. Negli anni successivi, Suciu pubblica altre raccolte di poesie, tra cui &#8220;Aceast\u0103 lume minunat\u0103&#8221; (2002), &#8220;Timpul t\u0103cut&#8221; (2006), &#8220;Stele pe cerul pustiu&#8221; (2011), &#8220;\u00centoarcerea \u00een t\u0103cere&#8221; (2016) e &#8220;\u00centr-o zi, va fi bine&#8221; (2021). La sua poesia \u00e8 caratterizzata da un linguaggio semplice e diretto, ma anche da una profonda riflessione sul senso della vita e dell&#8217;esistenza. Suciu \u00e8 anche autore di diversi romanzi, tra cui &#8220;Oamenii din oglind\u0103&#8221; (2003), &#8220;Oamenii din fotografii&#8221; (2007), &#8220;Oamenii din trecut&#8221; (2012) e &#8220;Oamenii din viitor&#8221; (2017). I suoi romanzi sono ambientati in Romania e raccontano le storie di persone comuni che si confrontano con i problemi della vita quotidiana. Inoltre, Suciu \u00e8 un giornalista e conduttore televisivo. Ha lavorato per diversi media, tra cui CD Radio, Monitorul de Cluj, Radio Cluj e Ziua de Cluj. \u00c8 stato anche direttore del settimanale culturale &#8220;Observatorul&#8221;.La sua attivit\u00e0 giornalistica si concentra principalmente sulla cultura e sulla societ\u00e0. Suciu \u00e8 un sostenitore della libert\u00e0 di stampa e della democrazia.Adrian Suciu \u00e8 una figura importante della cultura rumena contemporanea. La sua opera letteraria, giornalistica e televisiva ha contribuito a diffondere la cultura romena in Romania e all&#8217;estero. Un poeta tra tradizione e modernit\u00e0 La poesia di Adrian Suciu \u00e8 caratterizzata da un&#8217;originale fusione di tradizione e modernit\u00e0. Da un lato, Suciu \u00e8 debitore della tradizione poetica rumena, in particolare della poesia popolare e della poesia romantica. Dall&#8217;altro, la sua poesia \u00e8 aperta alle influenze della poesia moderna, sia europea che americana.In particolare, Suciu \u00e8 stato influenzato dalla poesia di poeti come Paul Celan, Octavio Paz e Wis\u0142awa Szymborska. Questa influenza si manifesta nella ricerca di un linguaggio poetico essenziale e nella capacit\u00e0 di esprimere concetti profondi in modo semplice e diretto. La poesia di Suciu \u00e8 anche caratterizzata da una profonda riflessione sul senso della vita e dell&#8217;esistenza. I suoi versi affrontano temi come l&#8217;amore, la morte, la solitudine, la speranza e la perdita. Suciu \u00e8 un poeta che cerca di comprendere il mondo che lo circonda e di trovare un senso alla vita. La sua poesia \u00e8 una testimonianza della sua umanit\u00e0 e della sua sensibilit\u00e0.<\/p>\n\n\n\n<p>Un giornalista impegnato<\/p>\n\n\n\n<p>Adrian Suciu \u00e8 anche un giornalista impegnato. La sua attivit\u00e0 giornalistica si concentra principalmente sulla cultura e sulla societ\u00e0. Suciu \u00e8 un sostenitore della libert\u00e0 di stampa e della democrazia.In qualit\u00e0 di giornalista, Suciu ha contribuito a diffondere la cultura romena in Romania e all&#8217;estero. Ha anche contribuito a sensibilizzare l&#8217;opinione pubblica su importanti temi sociali, come la corruzione, la discriminazione e la povert\u00e0. Suciu \u00e8 un giornalista che crede nel potere delle parole per cambiare il mondo. La sua attivit\u00e0 giornalistica \u00e8 una testimonianza del suo impegno per la verit\u00e0 e la giustizia.<\/p>\n\n\n\n<p><strong>l\u2019ora esatta della fuga<\/strong><\/p>\n\n\n\n<p>Lei \u00e8 la dea. Colei che apre l&#8217;accaduto<\/p>\n\n\n\n<p>L&#8217;ho conosciuta quando era piccola e<\/p>\n\n\n\n<p>teneva compagnia alle membra perse nelle guerre<\/p>\n\n\n\n<p>mi mandava lettere sulle foglie sconosciute \u2026<\/p>\n\n\n\n<p>il sole vegliava che la porta non si chiudesse<\/p>\n\n\n\n<p>serpenti intrecciati danzavano nei nostri giorni!<\/p>\n\n\n\n<p>L&#8217;ho amata impaziente, abbiamo fatto le nozze tra<\/p>\n\n\n\n<p>due lanterne frantumate; orologi morsi dalla bufera di neve<\/p>\n\n\n\n<p>affrettavano il braccio per prenderla<\/p>\n\n\n\n<p>Si sentivano nell&#8217;aria<\/p>\n\n\n\n<p>tarassachi amari, verso terre felici passava<\/p>\n\n\n\n<p>il suo lungo strascico squarciava le foreste una ad una<\/p>\n\n\n\n<p>La raggiungevo ad ogni angolo e<\/p>\n\n\n\n<p>gli edifici divennero sempre pi\u00f9 tondi<\/p>\n\n\n\n<p>I bambini giravano attorno al tavolo cavalcando<\/p>\n\n\n\n<p>il cavallo di legno, il vecchio cuculo usc\u00ec tra le foglie<\/p>\n\n\n\n<p>per l&#8217;ora esatta della fuga<\/p>\n\n\n\n<p>Info link<\/p>\n\n\n\n<p><a href=\"https:\/\/iqdbcasaeditrice.blogspot.com\/\">https:\/\/iqdbcasaeditrice.blogspot.com\/<\/a><\/p>\n\n\n\n<p>Mail \u2013\u00a0<a href=\"javascript:message_new('mailto', {mailto:'iquadernidelbardoed@libero.it', folder:'SU5CT1g=', msgid:'', subject: '', body:'0'})\">iquadernidelbardoed@libero.it<\/a><\/p>\n\n\n\n<p>LA RICERCA nel nostro articolo del 9 dicembre scorso<\/p>\n\n\n\n<figure class=\"wp-block-embed is-type-wp-embed is-provider-leccecronaca-it wp-block-embed-leccecronaca-it\"><div class=\"wp-block-embed__wrapper\">\n<blockquote class=\"wp-embedded-content\" data-secret=\"nMyNO9S4Ns\"><a href=\"https:\/\/www.leccecronaca.it\/index.php\/2023\/12\/09\/leditore-salentino-stefano-donno-consolida-la-sua-prestigiosa-dimensione-internazionale-e-guarda-la-luce-dellest\/\">L&#8217;EDITORE SALENTINO STEFANO DONNO CONSOLIDA LA SUA PRESTIGIOSA DIMENSIONE  INTERNAZIONALE E ADESSO GUARDA ANCHE ALLA LUCE DELL&#8217;EST<\/a><\/blockquote><iframe class=\"wp-embedded-content\" sandbox=\"allow-scripts\" security=\"restricted\" style=\"position: absolute; clip: rect(1px, 1px, 1px, 1px);\" title=\"&#8220;L&#8217;EDITORE SALENTINO STEFANO DONNO CONSOLIDA LA SUA PRESTIGIOSA DIMENSIONE  INTERNAZIONALE E ADESSO GUARDA ANCHE ALLA LUCE DELL&#8217;EST&#8221; &#8212; LecceCronaca.it\" src=\"https:\/\/www.leccecronaca.it\/index.php\/2023\/12\/09\/leditore-salentino-stefano-donno-consolida-la-sua-prestigiosa-dimensione-internazionale-e-guarda-la-luce-dellest\/embed\/#?secret=HXhGrGBtCD#?secret=nMyNO9S4Ns\" data-secret=\"nMyNO9S4Ns\" width=\"500\" height=\"282\" frameborder=\"0\" marginwidth=\"0\" marginheight=\"0\" scrolling=\"no\"><\/iframe>\n<\/div><\/figure>\n<fb:like href='https:\/\/www.leccecronaca.it\/index.php\/2023\/12\/14\/testi-in-apnea-di-adrian-suciu\/' send='true' layout='button_count' show_faces='true' width='450' height='65' action='recommend' colorscheme='light' font='lucida grande'><\/fb:like><span class=\"fb_share\"><fb:like href=\"https:\/\/www.leccecronaca.it\/index.php\/2023\/12\/14\/testi-in-apnea-di-adrian-suciu\/\" layout=\"button_count\"><\/fb:like><\/span>","protected":false},"excerpt":{"rendered":"<p>Ultima pubblicazione per il 2023 per i Quaderni del Bardo Edizioni di Stefano Donno. Esce la raccolta di versi del poeta e scrittore rumeno Adrian Suciu \u00a0(nella foto)\u00a0dal titolo \u201cTesti in apnea\u201d. Traduzioni dal romeno di Roxana Lazar e Valeriu Barbu. Adrian Suciu, nato il 21 dicembre 1970 a N\u0103s\u0103ud, \u00e8 un poeta, scrittore e [&hellip;]<\/p>\n","protected":false},"author":4,"featured_media":224406,"comment_status":"open","ping_status":"closed","sticky":false,"template":"","format":"standard","meta":[],"categories":[31,57],"tags":[],"_links":{"self":[{"href":"https:\/\/www.leccecronaca.it\/index.php\/wp-json\/wp\/v2\/posts\/224405"}],"collection":[{"href":"https:\/\/www.leccecronaca.it\/index.php\/wp-json\/wp\/v2\/posts"}],"about":[{"href":"https:\/\/www.leccecronaca.it\/index.php\/wp-json\/wp\/v2\/types\/post"}],"author":[{"embeddable":true,"href":"https:\/\/www.leccecronaca.it\/index.php\/wp-json\/wp\/v2\/users\/4"}],"replies":[{"embeddable":true,"href":"https:\/\/www.leccecronaca.it\/index.php\/wp-json\/wp\/v2\/comments?post=224405"}],"version-history":[{"count":1,"href":"https:\/\/www.leccecronaca.it\/index.php\/wp-json\/wp\/v2\/posts\/224405\/revisions"}],"predecessor-version":[{"id":224407,"href":"https:\/\/www.leccecronaca.it\/index.php\/wp-json\/wp\/v2\/posts\/224405\/revisions\/224407"}],"wp:featuredmedia":[{"embeddable":true,"href":"https:\/\/www.leccecronaca.it\/index.php\/wp-json\/wp\/v2\/media\/224406"}],"wp:attachment":[{"href":"https:\/\/www.leccecronaca.it\/index.php\/wp-json\/wp\/v2\/media?parent=224405"}],"wp:term":[{"taxonomy":"category","embeddable":true,"href":"https:\/\/www.leccecronaca.it\/index.php\/wp-json\/wp\/v2\/categories?post=224405"},{"taxonomy":"post_tag","embeddable":true,"href":"https:\/\/www.leccecronaca.it\/index.php\/wp-json\/wp\/v2\/tags?post=224405"}],"curies":[{"name":"wp","href":"https:\/\/api.w.org\/{rel}","templated":true}]}}