{"id":224412,"date":"2023-12-13T18:54:25","date_gmt":"2023-12-13T17:54:25","guid":{"rendered":"https:\/\/www.leccecronaca.it\/?p=224412"},"modified":"2023-12-13T18:54:29","modified_gmt":"2023-12-13T17:54:29","slug":"tragico-incidente-sulla-statale-salentina-un-morto-e-sette-feriti","status":"publish","type":"post","link":"https:\/\/www.leccecronaca.it\/index.php\/2023\/12\/13\/tragico-incidente-sulla-statale-salentina-un-morto-e-sette-feriti\/","title":{"rendered":"TRAGICO INCIDENTE SULLA STATALE SALENTINA, UN MORTO E SETTE FERITI"},"content":{"rendered":"\n<p><img decoding=\"async\" loading=\"lazy\" width=\"769\" height=\"662\" class=\"wp-image-224413\" style=\"width: 1500px;\" src=\"https:\/\/www.leccecronaca.it\/wordpress\/wp-content\/uploads\/2023\/12\/409989350_716195460628346_6434702241851857482_n.jpg\" alt=\"\" srcset=\"https:\/\/www.leccecronaca.it\/wordpress\/wp-content\/uploads\/2023\/12\/409989350_716195460628346_6434702241851857482_n.jpg 769w, https:\/\/www.leccecronaca.it\/wordpress\/wp-content\/uploads\/2023\/12\/409989350_716195460628346_6434702241851857482_n-300x258.jpg 300w\" sizes=\"(max-width: 769px) 100vw, 769px\" \/>(e.l.) ______\u00a0Ieri sera alle 19.00 sulla statale 7 ter Salentina, nei pressi di Manduria, c<strong>&#8216;<\/strong>\u00e8 stato un tragico incidente, che ha coinvolto cinque auto. Il bilancio \u00e8 di un morto e sette feriti.<\/p>\n\n\n\n<p>La vittima \u00e8 Angelo Nuzzo, 51 anni, di San Pancrazio Salentino, in servizio presso la Marina militare a Taranto. Per cause ancora da accertare, la Nissan che guidava si \u00e8 scontrata frontalmente con una Bmw, coinvolgendo poi altre tre auto (nella foto).<\/p>\n\n\n\n<p>E<strong>&#8216;<\/strong> morto sul colpo.  La moglie e la figlia che viaggiavano con lui sono state trasportate in codice rosso all&#8217;ospedale Santissima Annunziata di Taranto. <\/p>\n\n\n\n<p>Meno gravi gli altri feriti.<\/p>\n<fb:like href='https:\/\/www.leccecronaca.it\/index.php\/2023\/12\/13\/tragico-incidente-sulla-statale-salentina-un-morto-e-sette-feriti\/' send='true' layout='button_count' show_faces='true' width='450' height='65' action='recommend' colorscheme='light' font='lucida grande'><\/fb:like><span class=\"fb_share\"><fb:like href=\"https:\/\/www.leccecronaca.it\/index.php\/2023\/12\/13\/tragico-incidente-sulla-statale-salentina-un-morto-e-sette-feriti\/\" layout=\"button_count\"><\/fb:like><\/span>","protected":false},"excerpt":{"rendered":"<p>(e.l.) ______\u00a0Ieri sera alle 19.00 sulla statale 7 ter Salentina, nei pressi di Manduria, c&#8216;\u00e8 stato un tragico incidente, che ha coinvolto cinque auto. Il bilancio \u00e8 di un morto e sette feriti. La vittima \u00e8 Angelo Nuzzo, 51 anni, di San Pancrazio Salentino, in servizio presso la Marina militare a Taranto. Per cause ancora [&hellip;]<\/p>\n","protected":false},"author":4,"featured_media":224413,"comment_status":"open","ping_status":"closed","sticky":false,"template":"","format":"standard","meta":[],"categories":[69],"tags":[],"_links":{"self":[{"href":"https:\/\/www.leccecronaca.it\/index.php\/wp-json\/wp\/v2\/posts\/224412"}],"collection":[{"href":"https:\/\/www.leccecronaca.it\/index.php\/wp-json\/wp\/v2\/posts"}],"about":[{"href":"https:\/\/www.leccecronaca.it\/index.php\/wp-json\/wp\/v2\/types\/post"}],"author":[{"embeddable":true,"href":"https:\/\/www.leccecronaca.it\/index.php\/wp-json\/wp\/v2\/users\/4"}],"replies":[{"embeddable":true,"href":"https:\/\/www.leccecronaca.it\/index.php\/wp-json\/wp\/v2\/comments?post=224412"}],"version-history":[{"count":1,"href":"https:\/\/www.leccecronaca.it\/index.php\/wp-json\/wp\/v2\/posts\/224412\/revisions"}],"predecessor-version":[{"id":224414,"href":"https:\/\/www.leccecronaca.it\/index.php\/wp-json\/wp\/v2\/posts\/224412\/revisions\/224414"}],"wp:featuredmedia":[{"embeddable":true,"href":"https:\/\/www.leccecronaca.it\/index.php\/wp-json\/wp\/v2\/media\/224413"}],"wp:attachment":[{"href":"https:\/\/www.leccecronaca.it\/index.php\/wp-json\/wp\/v2\/media?parent=224412"}],"wp:term":[{"taxonomy":"category","embeddable":true,"href":"https:\/\/www.leccecronaca.it\/index.php\/wp-json\/wp\/v2\/categories?post=224412"},{"taxonomy":"post_tag","embeddable":true,"href":"https:\/\/www.leccecronaca.it\/index.php\/wp-json\/wp\/v2\/tags?post=224412"}],"curies":[{"name":"wp","href":"https:\/\/api.w.org\/{rel}","templated":true}]}}