{"id":224485,"date":"2023-12-16T00:02:00","date_gmt":"2023-12-15T23:02:00","guid":{"rendered":"https:\/\/www.leccecronaca.it\/?p=224485"},"modified":"2023-12-15T15:56:30","modified_gmt":"2023-12-15T14:56:30","slug":"il-calendario-benefico-2024-di-quando-il-calcio-era-bello","status":"publish","type":"post","link":"https:\/\/www.leccecronaca.it\/index.php\/2023\/12\/16\/il-calendario-benefico-2024-di-quando-il-calcio-era-bello\/","title":{"rendered":"IL CALENDARIO BENEFICO 2024 DI &#8220;Quando il calcio era bello&#8221;"},"content":{"rendered":"\n<p><img decoding=\"async\" loading=\"lazy\" width=\"1643\" height=\"1077\" class=\"wp-image-224488\" style=\"width: 1500px;\" src=\"https:\/\/www.leccecronaca.it\/wordpress\/wp-content\/uploads\/2023\/12\/neri-con-magliette.jpg\" alt=\"\" srcset=\"https:\/\/www.leccecronaca.it\/wordpress\/wp-content\/uploads\/2023\/12\/neri-con-magliette.jpg 1643w, https:\/\/www.leccecronaca.it\/wordpress\/wp-content\/uploads\/2023\/12\/neri-con-magliette-300x197.jpg 300w, https:\/\/www.leccecronaca.it\/wordpress\/wp-content\/uploads\/2023\/12\/neri-con-magliette-1024x671.jpg 1024w, https:\/\/www.leccecronaca.it\/wordpress\/wp-content\/uploads\/2023\/12\/neri-con-magliette-768x503.jpg 768w, https:\/\/www.leccecronaca.it\/wordpress\/wp-content\/uploads\/2023\/12\/neri-con-magliette-1536x1007.jpg 1536w\" sizes=\"(max-width: 1643px) 100vw, 1643px\" \/>di <strong>Raffaele Polo<\/strong> ______&nbsp;<\/p>\n\n\n\n<p>\u00c8 confermata l&#8217;iniziativa fermamente voluta da Adriano Nuzzo che, con l&#8217;aiuto di Francesco Fedele (a sinistra nella foto sotto)&nbsp;e Andrea Polo (a destra), riesce a coniugare l&#8217;amore per la squadra del Lecce con l&#8217;incrollabile volont\u00e0 di aiutare i pi\u00f9 bisognosi. \u00c8 proprio Andrea a sintetizzare l&#8217;iniziativa: \u201cAnche quest&#8217;anno, per il sesto anno consecutivo, potrete trovare i calendari benefici di &#8220;Quando il calcio era bello&#8221;.<\/p>\n\n\n\n<p><img decoding=\"async\" loading=\"lazy\" width=\"1080\" height=\"1504\" class=\"wp-image-224486\" style=\"width: 1200px;\" src=\"https:\/\/www.leccecronaca.it\/wordpress\/wp-content\/uploads\/2023\/12\/Fedele-a-sinistra-e-Polo-a-destra.jpg\" alt=\"\" srcset=\"https:\/\/www.leccecronaca.it\/wordpress\/wp-content\/uploads\/2023\/12\/Fedele-a-sinistra-e-Polo-a-destra.jpg 1080w, https:\/\/www.leccecronaca.it\/wordpress\/wp-content\/uploads\/2023\/12\/Fedele-a-sinistra-e-Polo-a-destra-215x300.jpg 215w, https:\/\/www.leccecronaca.it\/wordpress\/wp-content\/uploads\/2023\/12\/Fedele-a-sinistra-e-Polo-a-destra-735x1024.jpg 735w, https:\/\/www.leccecronaca.it\/wordpress\/wp-content\/uploads\/2023\/12\/Fedele-a-sinistra-e-Polo-a-destra-768x1070.jpg 768w\" sizes=\"(max-width: 1080px) 100vw, 1080px\" \/> <\/p>\n\n\n\n<p>Tutto il ricavato, come sempre, verr\u00e0 devoluto interamente all&#8217;Associazione We Africa to red earth. Questo che sta per terminare \u00e8 stato un anno molto importante per noi poich\u00e8 Adriano Nuzzo ha voluto &#8220;dedicarci&#8221; un pozzo, precisamente il 23\u00b0. Lo ha fatto poich\u00e8 in tutti questi anni siamo riusciti, solo con la vendita dei calendari, a racimolare una cifra tale da poter realizzare un pozzo. Anche il numero 23 non \u00e8 casuale: sta per &#8220;non c&#8217;\u00e8 2 senza 3&#8221;,&nbsp; quindi un impegno a mantenere e moltiplicare il nostro impegno per il progetto benefico di Adriano che porta l&#8217;acqua in Burkina Faso, paese dove questo elemento scarseggia.<\/p>\n\n\n\n<p>Potrete trovare i nostri calendari presso: Il Caff\u00e8 di Dahlia in via Pantelleria 16 a Lecce.<\/p>\n\n\n\n<p>Medilux Edicola in via Raggi 28 ad Alezio.<\/p>\n\n\n\n<p>Se non potete ritirarlo di persona ve lo spediamo in tutta Italia! Vi ricordiamo che come ogni anno il calendario costa 10\u20ac e TUTTO il ricavato verr\u00e0 devoluto in beneficenza all&#8217;Associazione We Africa to red earth<\/p>\n\n\n\n<p>La realizzazione del calendario \u00e8 stata possibile grazie al Grande Cuore dei nostri sponsor: Ass.ne Fucina Sociale Novoli, Farmacia GRECO Novoli,&nbsp; lagiallorossa di Emanuele Quarta, Pattio Taviano, Pasticceria Mille Voglie Taviano, Puteca Mezzogaudio Taviano, Ortopedia FeVi srl Tricase, Palaia Human Care, Alezio Giallorossa 1908, Raw Express Corriere Espresso, Dolmen Bar Minervino, chebont\u00e0 Lecce. Un ringraziamento particolare alla precisione e pazienza di Dosdesign che ha curato l&#8217;impaginazione e la stampa.<\/p>\n\n\n\n<p>Grazie di cuore a tutti!\u201d<\/p>\n\n\n\n<p>Una iniziativa meritevole di sostegno e condivisione, che proponiamo e suggeriamo con piacere. (Il calendario lo abbiamo acquistato, anzi ne abbiamo presi due!)<\/p>\n\n\n\n<p><img decoding=\"async\" loading=\"lazy\" width=\"1536\" height=\"2048\" class=\"wp-image-224487\" style=\"width: 1200px;\" src=\"https:\/\/www.leccecronaca.it\/wordpress\/wp-content\/uploads\/2023\/12\/calendario.jpg\" alt=\"\" srcset=\"https:\/\/www.leccecronaca.it\/wordpress\/wp-content\/uploads\/2023\/12\/calendario.jpg 1536w, https:\/\/www.leccecronaca.it\/wordpress\/wp-content\/uploads\/2023\/12\/calendario-225x300.jpg 225w, https:\/\/www.leccecronaca.it\/wordpress\/wp-content\/uploads\/2023\/12\/calendario-768x1024.jpg 768w, https:\/\/www.leccecronaca.it\/wordpress\/wp-content\/uploads\/2023\/12\/calendario-1152x1536.jpg 1152w\" sizes=\"(max-width: 1536px) 100vw, 1536px\" \/><\/p>\n<fb:like href='https:\/\/www.leccecronaca.it\/index.php\/2023\/12\/16\/il-calendario-benefico-2024-di-quando-il-calcio-era-bello\/' send='true' layout='button_count' show_faces='true' width='450' height='65' action='recommend' colorscheme='light' font='lucida grande'><\/fb:like><span class=\"fb_share\"><fb:like href=\"https:\/\/www.leccecronaca.it\/index.php\/2023\/12\/16\/il-calendario-benefico-2024-di-quando-il-calcio-era-bello\/\" layout=\"button_count\"><\/fb:like><\/span>","protected":false},"excerpt":{"rendered":"<p>di Raffaele Polo ______&nbsp; \u00c8 confermata l&#8217;iniziativa fermamente voluta da Adriano Nuzzo che, con l&#8217;aiuto di Francesco Fedele (a sinistra nella foto sotto)&nbsp;e Andrea Polo (a destra), riesce a coniugare l&#8217;amore per la squadra del Lecce con l&#8217;incrollabile volont\u00e0 di aiutare i pi\u00f9 bisognosi. \u00c8 proprio Andrea a sintetizzare l&#8217;iniziativa: \u201cAnche quest&#8217;anno, per il sesto [&hellip;]<\/p>\n","protected":false},"author":4,"featured_media":224488,"comment_status":"open","ping_status":"closed","sticky":false,"template":"","format":"standard","meta":[],"categories":[1],"tags":[],"_links":{"self":[{"href":"https:\/\/www.leccecronaca.it\/index.php\/wp-json\/wp\/v2\/posts\/224485"}],"collection":[{"href":"https:\/\/www.leccecronaca.it\/index.php\/wp-json\/wp\/v2\/posts"}],"about":[{"href":"https:\/\/www.leccecronaca.it\/index.php\/wp-json\/wp\/v2\/types\/post"}],"author":[{"embeddable":true,"href":"https:\/\/www.leccecronaca.it\/index.php\/wp-json\/wp\/v2\/users\/4"}],"replies":[{"embeddable":true,"href":"https:\/\/www.leccecronaca.it\/index.php\/wp-json\/wp\/v2\/comments?post=224485"}],"version-history":[{"count":2,"href":"https:\/\/www.leccecronaca.it\/index.php\/wp-json\/wp\/v2\/posts\/224485\/revisions"}],"predecessor-version":[{"id":224491,"href":"https:\/\/www.leccecronaca.it\/index.php\/wp-json\/wp\/v2\/posts\/224485\/revisions\/224491"}],"wp:featuredmedia":[{"embeddable":true,"href":"https:\/\/www.leccecronaca.it\/index.php\/wp-json\/wp\/v2\/media\/224488"}],"wp:attachment":[{"href":"https:\/\/www.leccecronaca.it\/index.php\/wp-json\/wp\/v2\/media?parent=224485"}],"wp:term":[{"taxonomy":"category","embeddable":true,"href":"https:\/\/www.leccecronaca.it\/index.php\/wp-json\/wp\/v2\/categories?post=224485"},{"taxonomy":"post_tag","embeddable":true,"href":"https:\/\/www.leccecronaca.it\/index.php\/wp-json\/wp\/v2\/tags?post=224485"}],"curies":[{"name":"wp","href":"https:\/\/api.w.org\/{rel}","templated":true}]}}