{"id":224641,"date":"2023-12-20T00:02:00","date_gmt":"2023-12-19T23:02:00","guid":{"rendered":"https:\/\/www.leccecronaca.it\/?p=224641"},"modified":"2023-12-19T19:56:36","modified_gmt":"2023-12-19T18:56:36","slug":"riletture-natalizie-il-pastore-dislanda","status":"publish","type":"post","link":"https:\/\/www.leccecronaca.it\/index.php\/2023\/12\/20\/riletture-natalizie-il-pastore-dislanda\/","title":{"rendered":"RILETTURE NATALIZIE \/\u00a0\u201dIl pastore d\u2019Islanda\u201c"},"content":{"rendered":"\n<p><img decoding=\"async\" loading=\"lazy\" width=\"274\" height=\"184\" class=\"wp-image-224642\" style=\"width: 1200px;\" src=\"https:\/\/www.leccecronaca.it\/wordpress\/wp-content\/uploads\/2023\/12\/download-9.jpg\" alt=\"\">di <strong>Francesco Rodolfo Russo<\/strong> ______<\/p>\n\n\n\n<p>\u00c8 la prima domenica dell\u2019Avvento in Islanda. Il cinqantaquattrenne Benedikt, insieme con il montone Roccia e il cane Le\u00f2, chiamato affettuosamente <em>papa<\/em> dall\u2019uomo, parte, per la venttisettesima volta, alla ricerca delle pecore sfuggite ai raduni autunnali delle greggi e che, smarrite, si aggirano per i monti dell\u2019Islanda dell\u2019est, rischiando di morire assiderate.<\/p>\n\n\n\n<p>In paese chiamano il terzetto \u00abla santa trinit\u00e0\u00bb, perch\u00e9 appaiono strettamente legati fra loro. Non vi sono altri uomini che aiutano Benedikt nella \u201ccerca\u201d, non vi sono altri esseri umani desiderosi di sfidare il buio e il gelo dell\u2019inverno per radunare pecore, non di rado, di altri proprietari. Accanto all\u2019uomo, quindi, c\u2019\u00e8<strong> <\/strong>Le\u00f3, il cane dal pelo bianco e giallo, e Roccia, il montone scorbutico e saldo, ma soprattutto \u00e8 presente la volont\u00e0 ferrea di radunare le pecore recalcitranti e di portarle in salvo.<\/p>\n\n\n\n<p>Leggendo <strong><em>\u201dIl pastore d\u2019Islanda\u201c<\/em> <\/strong>(Iperborea, 2016, 135 pagg. 15 euro)<strong> <\/strong>di <strong>Gunnar Gunnarsson<\/strong> (nella foto)<strong> <\/strong>quindi incontriamo un uomo che non si preoccupa di morire, ma di non sapere se, quando non ci sar\u00e0 pi\u00f9, qualcuno prender\u00e0 il suo posto per continuare la missione di salvataggio.<\/p>\n\n\n\n<p><strong>Durante il tragitto Benedikt si pone alcune domande esistenziali, rispondendosi d\u2019essere <\/strong><strong>\u00abpadrone di se stesso soltanto per un breve periodo\u00bb, quello <\/strong>in cui, durante il solito viaggio annuale, pu\u00f2 godersi la natura ed essere sereno. Infatti, nel tempo rimanente<strong> lavora per altri nella fattoria dove vive o si occupa del gregge in cambio di vitto e alloggio.<\/strong><\/p>\n\n\n\n<p><strong>In conclusione, <\/strong>Benedikt non \u00e8 un eroe, ma un uomo comune che non si lamenta e che procede nelle avversit\u00e0 spinto dalla fede in se stesso e in chi lo accompagna, \u00e8 un uomo che prima del viaggio fisico compie un viaggio spirituale, convinto che l\u2019<em>Avvento<\/em>, questo \u00e8 il titolo del romanzo in lingua originale, sia un tempo speciale, in cui nessuno deve rimanere indietro.<\/p>\n\n\n\n<p>La storia del cinquantaquattrenne Benedikt assomiglia a quella dell\u2019ottantaquattrenne Santiago, il pescatore protagonista di <em>Il vecchio e il mare<\/em> scritto da Ernest Hemingway che pare si sia ispirato proprio a <em>Il pastore d\u2019Islanda.<\/em> Infatti, in entrambi i racconti troviamo argomenti molto simili: il coraggio e la tenacia dell\u2019uomo, il tema della fusione dell\u2019uomo con la natura, l\u2019incombere della morte.<\/p>\n\n\n\n<p>Tuttavia, a nostro avviso, il libro di cui ci stiamo occupando possiede qualcosa in pi\u00f9; \u00e8 un inno agli esseri viventi di ogni specie, un canto poetico che, nella semplicit\u00e0 evocativa, narra una parabola universale.<\/p>\n<fb:like href='https:\/\/www.leccecronaca.it\/index.php\/2023\/12\/20\/riletture-natalizie-il-pastore-dislanda\/' send='true' layout='button_count' show_faces='true' width='450' height='65' action='recommend' colorscheme='light' font='lucida grande'><\/fb:like><span class=\"fb_share\"><fb:like href=\"https:\/\/www.leccecronaca.it\/index.php\/2023\/12\/20\/riletture-natalizie-il-pastore-dislanda\/\" layout=\"button_count\"><\/fb:like><\/span>","protected":false},"excerpt":{"rendered":"<p>di Francesco Rodolfo Russo ______ \u00c8 la prima domenica dell\u2019Avvento in Islanda. Il cinqantaquattrenne Benedikt, insieme con il montone Roccia e il cane Le\u00f2, chiamato affettuosamente papa dall\u2019uomo, parte, per la venttisettesima volta, alla ricerca delle pecore sfuggite ai raduni autunnali delle greggi e che, smarrite, si aggirano per i monti dell\u2019Islanda dell\u2019est, rischiando di [&hellip;]<\/p>\n","protected":false},"author":4,"featured_media":224642,"comment_status":"open","ping_status":"closed","sticky":false,"template":"","format":"standard","meta":[],"categories":[31,57],"tags":[],"_links":{"self":[{"href":"https:\/\/www.leccecronaca.it\/index.php\/wp-json\/wp\/v2\/posts\/224641"}],"collection":[{"href":"https:\/\/www.leccecronaca.it\/index.php\/wp-json\/wp\/v2\/posts"}],"about":[{"href":"https:\/\/www.leccecronaca.it\/index.php\/wp-json\/wp\/v2\/types\/post"}],"author":[{"embeddable":true,"href":"https:\/\/www.leccecronaca.it\/index.php\/wp-json\/wp\/v2\/users\/4"}],"replies":[{"embeddable":true,"href":"https:\/\/www.leccecronaca.it\/index.php\/wp-json\/wp\/v2\/comments?post=224641"}],"version-history":[{"count":1,"href":"https:\/\/www.leccecronaca.it\/index.php\/wp-json\/wp\/v2\/posts\/224641\/revisions"}],"predecessor-version":[{"id":224643,"href":"https:\/\/www.leccecronaca.it\/index.php\/wp-json\/wp\/v2\/posts\/224641\/revisions\/224643"}],"wp:featuredmedia":[{"embeddable":true,"href":"https:\/\/www.leccecronaca.it\/index.php\/wp-json\/wp\/v2\/media\/224642"}],"wp:attachment":[{"href":"https:\/\/www.leccecronaca.it\/index.php\/wp-json\/wp\/v2\/media?parent=224641"}],"wp:term":[{"taxonomy":"category","embeddable":true,"href":"https:\/\/www.leccecronaca.it\/index.php\/wp-json\/wp\/v2\/categories?post=224641"},{"taxonomy":"post_tag","embeddable":true,"href":"https:\/\/www.leccecronaca.it\/index.php\/wp-json\/wp\/v2\/tags?post=224641"}],"curies":[{"name":"wp","href":"https:\/\/api.w.org\/{rel}","templated":true}]}}